{"id":2364,"date":"2020-08-26T11:15:19","date_gmt":"2020-08-26T14:15:19","guid":{"rendered":"http:\/\/fmtinkunaco.com.ar\/?p=2364"},"modified":"2020-08-26T11:15:19","modified_gmt":"2020-08-26T14:15:19","slug":"el-municipio-de-jose-c-paz-no-aisla-contactos-estrechos-en-un-centro-de-salud","status":"publish","type":"post","link":"https:\/\/fmtinkunaco.ar\/?p=2364","title":{"rendered":"El municipio de Jos\u00e9. C. Paz no aisla contactos estrechos en un Centro de Salud"},"content":{"rendered":"<p>La Asamblea No al Cierre de las Salitas del partido de Jos\u00e9. C. Paz se encuentra denunciando que frente a un caso positivo de COVID 19, en un centro de salud, el municipio pace\u00f1o no activo los protocolos impulsados por provincia y naci\u00f3n.<\/p>\n<p>Adem\u00e1s, denuncian la falta de elementos de protecci\u00f3n y bioseguridad para los empleados del sector sanitario.<\/p>\n<p>En di\u00e1logo con el programa radial \u201cEncuentro con las Noticias\u201d, Marcelo Ochoa, integrante de la asamblea, se refiri\u00f3 a la grave situaci\u00f3n, <em>\u201cAqu\u00ed lo que sucede es algo inaudito porque habiendo protocolos y formas de abordar la situaci\u00f3n, y adem\u00e1s experiencia acumulada, lo que nos encontramos es un total abandono de los propios trabajadores y trabajadoras y una exposici\u00f3n de la poblaci\u00f3n a posibles contagios. En este caso, en el caso del Centro de Salud Primavera, se trata de una empleada que adem\u00e1s estar\u00eda formando parte de los grupos de riesgo, que dada su condici\u00f3n de contrataci\u00f3n y tambi\u00e9n a la pr\u00e1ctica que tiene el municipio de sostener su servicio a trabes de la precarizaci\u00f3n y la amenaza constante del despido, logra que gente se cuide menos y asista al trabajo o no tenga las herramientas suficientes para poder reclamar derechos que la asisten o regulaciones que est\u00e1n vigentes en este momento\u201d.<\/em><\/p>\n<p>Adem\u00e1s, Ochoa, remarc\u00f3 que desde el municipio no aislaron a los contactos estrechos, no desinfectaron el lugar, contrariamente sigui\u00f3 atendiendo con normalidad,<em> \u201cel d\u00eda s\u00e1bado se dio a conocer su resultado, ese d\u00eda recibi\u00f3 una notificaci\u00f3n diciendo que el lunes se iban a comunicar para decirle c\u00f3mo proceder, o sea que desde el s\u00e1bado que le dio positivo, el Estado municipal no tomo cartas en el asunto, espero hasta el lunes para ver qu\u00e9 hac\u00eda. Pero incluso esto es mucho m\u00e1s grave porque la persona permanec\u00eda en aislamiento desde el martes 18 de la semana pasada y durante toda esa semana el centro de salud atendi\u00f3 con normalidad. Es decir, no se activaron protocolos, ni de aislar al equipo con el que comparte la persona el trabajo diario, ni siquiera de desinfectar el establecimiento. Ninguna de estas medidas hasta el d\u00eda de ayer, fueron tomadas\u201d<\/em>.<\/p>\n<p>En este contexto, desde la asamblea se encuentran denunciando <em>\u201cUn abandono total, un sometimiento del personal m\u00e9dico y administrativo a condiciones de much\u00edsimo riesgo, sabemos de la falta de elementos de protecci\u00f3n que hay. Entonces esta situaci\u00f3n va empeorando con el crecimiento de los contagios\u201d<\/em>.<\/p>\n<p>Compartimos la entrevista completa<\/p>\n<p><a href=\"https:\/\/archive.org\/details\/audio-marcelo-ochoa-26-08-2020\">Descargar<\/a><\/p>\n<audio class=\"wp-audio-shortcode\" id=\"audio-2364-2\" preload=\"none\" style=\"width: 100%;\" controls=\"controls\"><source type=\"audio\/mpeg\" src=\"https:\/\/archive.org\/download\/audio-marcelo-ochoa-26-08-2020\/AUDIO%20-%20MARCELO%20OCHOA%2026%2008%202020.mp3?_=2\" \/><a href=\"https:\/\/archive.org\/download\/audio-marcelo-ochoa-26-08-2020\/AUDIO%20-%20MARCELO%20OCHOA%2026%2008%202020.mp3\">https:\/\/archive.org\/download\/audio-marcelo-ochoa-26-08-2020\/AUDIO%20-%20MARCELO%20OCHOA%2026%2008%202020.mp3<\/a><\/audio>\n<div class=\"powerpress_player\" id=\"powerpress_player_7850\"><audio class=\"wp-audio-shortcode\" id=\"audio-2364-1\" preload=\"none\" style=\"width: 100%;\" controls=\"controls\"><source type=\"audio\/mpeg\" src=\"https:\/\/archive.org\/download\/audio-marcelo-ochoa-26-08-2020\/AUDIO%20-%20MARCELO%20OCHOA%2026%2008%202020.mp3?_=1\" \/><a href=\"https:\/\/archive.org\/download\/audio-marcelo-ochoa-26-08-2020\/AUDIO%20-%20MARCELO%20OCHOA%2026%2008%202020.mp3\">https:\/\/archive.org\/download\/audio-marcelo-ochoa-26-08-2020\/AUDIO%20-%20MARCELO%20OCHOA%2026%2008%202020.mp3<\/a><\/audio><\/div><p class=\"powerpress_links powerpress_links_mp3\" style=\"margin-bottom: 1px !important;\">Podcast: <a href=\"https:\/\/archive.org\/download\/audio-marcelo-ochoa-26-08-2020\/AUDIO%20-%20MARCELO%20OCHOA%2026%2008%202020.mp3\" class=\"powerpress_link_pinw\" target=\"_blank\" title=\"Reproducir en una nueva ventana\" onclick=\"return powerpress_pinw('https:\/\/fmtinkunaco.ar\/?powerpress_pinw=2364-podcast');\" rel=\"nofollow\">Reproducir en una nueva ventana<\/a> | <a href=\"https:\/\/archive.org\/download\/audio-marcelo-ochoa-26-08-2020\/AUDIO%20-%20MARCELO%20OCHOA%2026%2008%202020.mp3\" class=\"powerpress_link_d\" title=\"Descargar\" rel=\"nofollow\" download=\"AUDIO%20-%20MARCELO%20OCHOA%2026%2008%202020.mp3\">Descargar<\/a><\/p>","protected":false},"excerpt":{"rendered":"<p>La Asamblea No al Cierre de las Salitas del partido de Jos\u00e9. C. Paz se encuentra denunciando que frente a un caso positivo de COVID 19, en un centro de salud, el municipio pace\u00f1o no activo los protocolos impulsados por provincia y naci\u00f3n. Adem\u00e1s, denuncian la falta de elementos de protecci\u00f3n y bioseguridad para los [&hellip;]<\/p>\n","protected":false},"author":1,"featured_media":2365,"comment_status":"open","ping_status":"open","sticky":false,"template":"","format":"standard","meta":{"footnotes":""},"categories":[7],"tags":[52,135,138],"class_list":["post-2364","post","type-post","status-publish","format-standard","has-post-thumbnail","hentry","category-salud","tag-asamblea-no-al-cierre-de-las-salitas","tag-coronavirus","tag-covid-19"],"_links":{"self":[{"href":"https:\/\/fmtinkunaco.ar\/index.php?rest_route=\/wp\/v2\/posts\/2364","targetHints":{"allow":["GET"]}}],"collection":[{"href":"https:\/\/fmtinkunaco.ar\/index.php?rest_route=\/wp\/v2\/posts"}],"about":[{"href":"https:\/\/fmtinkunaco.ar\/index.php?rest_route=\/wp\/v2\/types\/post"}],"author":[{"embeddable":true,"href":"https:\/\/fmtinkunaco.ar\/index.php?rest_route=\/wp\/v2\/users\/1"}],"replies":[{"embeddable":true,"href":"https:\/\/fmtinkunaco.ar\/index.php?rest_route=%2Fwp%2Fv2%2Fcomments&post=2364"}],"version-history":[{"count":0,"href":"https:\/\/fmtinkunaco.ar\/index.php?rest_route=\/wp\/v2\/posts\/2364\/revisions"}],"wp:featuredmedia":[{"embeddable":true,"href":"https:\/\/fmtinkunaco.ar\/index.php?rest_route=\/"}],"wp:attachment":[{"href":"https:\/\/fmtinkunaco.ar\/index.php?rest_route=%2Fwp%2Fv2%2Fmedia&parent=2364"}],"wp:term":[{"taxonomy":"category","embeddable":true,"href":"https:\/\/fmtinkunaco.ar\/index.php?rest_route=%2Fwp%2Fv2%2Fcategories&post=2364"},{"taxonomy":"post_tag","embeddable":true,"href":"https:\/\/fmtinkunaco.ar\/index.php?rest_route=%2Fwp%2Fv2%2Ftags&post=2364"}],"curies":[{"name":"wp","href":"https:\/\/api.w.org\/{rel}","templated":true}]}}