{"id":2367,"date":"2020-09-02T09:52:09","date_gmt":"2020-09-02T12:52:09","guid":{"rendered":"http:\/\/fmtinkunaco.com.ar\/?p=2367"},"modified":"2020-09-02T09:52:09","modified_gmt":"2020-09-02T12:52:09","slug":"jose-c-paz-el-centro-de-orientacion-familiar-intenta-recuperar-la-voz-de-la-primera-infancia","status":"publish","type":"post","link":"https:\/\/fmtinkunaco.ar\/?p=2367","title":{"rendered":"Jos\u00e9. C. Paz: El Centro de Orientaci\u00f3n Familiar intenta recuperar la voz de la primera infancia"},"content":{"rendered":"<p>La continuidad pedag\u00f3gica se repiensa constantemente, y dentro del balance realizado en la primera mitad del a\u00f1o en el distrito de Jos\u00e9. C. Paz, ha surgido la inquietud del lugar de las primeras infancias.<\/p>\n<p>En di\u00e1logo con el programa radial \u201cEncuentro con las noticias\u201d, Cecilia Orozco, Orientadora Educacional del Centro de Orientaci\u00f3n Familiar de Jos\u00e9. C. Paz (COF), se refiri\u00f3 a la situaci\u00f3n de conectividad en el distrito, en el marco de la continuidad pedag\u00f3gica, seg\u00fan los niveles educativos, \u201cLos niveles de conectividad son altos, realmente tanto en la primaria como en la secundaria son altos, (\u2026) por ah\u00ed lo que se observa \u00a0en el distrito es esto del nivel inicial, m\u00e1s que nada, pero por esta cuesti\u00f3n de pensar, de tener todav\u00eda esa creencia o esa necesidad de darle la importancia a que los estudiantes de primaria y secundaria cumplan con la continuidad pedag\u00f3gica y no del nivel inicial\u201d.<\/p>\n<p>Adem\u00e1s, Cecilia Orozco, remarco que desde el COF una de las principales preocupaciones es recuperar la voz de las primeras infancias en los hogares y recuperar el nexo entre estas infancias y la escuela, \u201cPor ah\u00ed es una preocupaci\u00f3n que estamos viendo y abordando en los Equipos Interdisciplinarios Distritales, entonces la idea por ah\u00ed es a trav\u00e9s de este medio que es la radio poder decirles a las familias, decirles no desde el saber supremo sino desde este compromiso del que sabemos que cuentan las familias de dar espacio a la palabra de los ni\u00f1os y de las ni\u00f1as, que ellos tienen algo para decir. Cuando las se\u00f1os de jard\u00edn mandan las actividades diarias, escuchamos que detr\u00e1s de ese ni\u00f1o que habla est\u00e1 la madre, el padre u otro dici\u00e9ndole saluda a la se\u00f1o, decile que la queres, que ac\u00e1 estamos, que hiciste la tarea. Esa voz que vuelve a mencionar el ni\u00f1o, es la voz del adulto en realidad y si lo dej\u00e1ramos a \u00e9l decirlo, quiz\u00e1s lo diga o quiz\u00e1s no, eso es lo que queremos recuperar\u201d.<\/p>\n<p>Frente a esta situaci\u00f3n, el Centro de Orientaci\u00f3n Familiar de Jos\u00e9. C. Paz se encuentra trabajando en diferentes l\u00edneas de acci\u00f3n. Una de ella es capitalizar el medio radial para llegar a las familias del municipio de Jos\u00e9. C. Paz.<\/p>\n<p>Compartimos la entrevista completa<\/p>\n<p><a href=\"https:\/\/archive.org\/details\/audio-cecilia-orozco-01-09-2020-cof\">Descargar<\/a><\/p>\n<p>&nbsp;<\/p>\n<audio class=\"wp-audio-shortcode\" id=\"audio-2367-2\" preload=\"none\" style=\"width: 100%;\" controls=\"controls\"><source type=\"audio\/mpeg\" src=\"https:\/\/archive.org\/download\/audio-cecilia-orozco-01-09-2020-cof\/AUDIO%20-%20CECILIA%20OROZCO%2001%2009%202020%20%28COF%29.mp3?_=2\" \/><a href=\"https:\/\/archive.org\/download\/audio-cecilia-orozco-01-09-2020-cof\/AUDIO%20-%20CECILIA%20OROZCO%2001%2009%202020%20%28COF%29.mp3\">https:\/\/archive.org\/download\/audio-cecilia-orozco-01-09-2020-cof\/AUDIO%20-%20CECILIA%20OROZCO%2001%2009%202020%20%28COF%29.mp3<\/a><\/audio>\n<div class=\"powerpress_player\" id=\"powerpress_player_6449\"><audio class=\"wp-audio-shortcode\" id=\"audio-2367-1\" preload=\"none\" style=\"width: 100%;\" controls=\"controls\"><source type=\"audio\/mpeg\" src=\"https:\/\/archive.org\/download\/audio-cecilia-orozco-01-09-2020-cof\/AUDIO%20-%20CECILIA%20OROZCO%2001%2009%202020%20%28COF%29.mp3?_=1\" \/><a href=\"https:\/\/archive.org\/download\/audio-cecilia-orozco-01-09-2020-cof\/AUDIO%20-%20CECILIA%20OROZCO%2001%2009%202020%20%28COF%29.mp3\">https:\/\/archive.org\/download\/audio-cecilia-orozco-01-09-2020-cof\/AUDIO%20-%20CECILIA%20OROZCO%2001%2009%202020%20%28COF%29.mp3<\/a><\/audio><\/div><p class=\"powerpress_links powerpress_links_mp3\" style=\"margin-bottom: 1px !important;\">Podcast: <a href=\"https:\/\/archive.org\/download\/audio-cecilia-orozco-01-09-2020-cof\/AUDIO%20-%20CECILIA%20OROZCO%2001%2009%202020%20%28COF%29.mp3\" class=\"powerpress_link_pinw\" target=\"_blank\" title=\"Reproducir en una nueva ventana\" onclick=\"return powerpress_pinw('https:\/\/fmtinkunaco.ar\/?powerpress_pinw=2367-podcast');\" rel=\"nofollow\">Reproducir en una nueva ventana<\/a> | <a href=\"https:\/\/archive.org\/download\/audio-cecilia-orozco-01-09-2020-cof\/AUDIO%20-%20CECILIA%20OROZCO%2001%2009%202020%20%28COF%29.mp3\" class=\"powerpress_link_d\" title=\"Descargar\" rel=\"nofollow\" download=\"AUDIO%20-%20CECILIA%20OROZCO%2001%2009%202020%20%28COF%29.mp3\">Descargar<\/a><\/p>","protected":false},"excerpt":{"rendered":"<p>La continuidad pedag\u00f3gica se repiensa constantemente, y dentro del balance realizado en la primera mitad del a\u00f1o en el distrito de Jos\u00e9. C. Paz, ha surgido la inquietud del lugar de las primeras infancias. En di\u00e1logo con el programa radial \u201cEncuentro con las noticias\u201d, Cecilia Orozco, Orientadora Educacional del Centro de Orientaci\u00f3n Familiar de Jos\u00e9. [&hellip;]<\/p>\n","protected":false},"author":1,"featured_media":2174,"comment_status":"open","ping_status":"open","sticky":false,"template":"","format":"standard","meta":{"footnotes":""},"categories":[5],"tags":[102,113,337],"class_list":["post-2367","post","type-post","status-publish","format-standard","has-post-thumbnail","hentry","category-educacion","tag-centro-de-orientacion-educacional-de-jose-c-paz","tag-cof","tag-municipio-de-jose-c-paz"],"_links":{"self":[{"href":"https:\/\/fmtinkunaco.ar\/index.php?rest_route=\/wp\/v2\/posts\/2367","targetHints":{"allow":["GET"]}}],"collection":[{"href":"https:\/\/fmtinkunaco.ar\/index.php?rest_route=\/wp\/v2\/posts"}],"about":[{"href":"https:\/\/fmtinkunaco.ar\/index.php?rest_route=\/wp\/v2\/types\/post"}],"author":[{"embeddable":true,"href":"https:\/\/fmtinkunaco.ar\/index.php?rest_route=\/wp\/v2\/users\/1"}],"replies":[{"embeddable":true,"href":"https:\/\/fmtinkunaco.ar\/index.php?rest_route=%2Fwp%2Fv2%2Fcomments&post=2367"}],"version-history":[{"count":0,"href":"https:\/\/fmtinkunaco.ar\/index.php?rest_route=\/wp\/v2\/posts\/2367\/revisions"}],"wp:featuredmedia":[{"embeddable":true,"href":"https:\/\/fmtinkunaco.ar\/index.php?rest_route=\/"}],"wp:attachment":[{"href":"https:\/\/fmtinkunaco.ar\/index.php?rest_route=%2Fwp%2Fv2%2Fmedia&parent=2367"}],"wp:term":[{"taxonomy":"category","embeddable":true,"href":"https:\/\/fmtinkunaco.ar\/index.php?rest_route=%2Fwp%2Fv2%2Fcategories&post=2367"},{"taxonomy":"post_tag","embeddable":true,"href":"https:\/\/fmtinkunaco.ar\/index.php?rest_route=%2Fwp%2Fv2%2Ftags&post=2367"}],"curies":[{"name":"wp","href":"https:\/\/api.w.org\/{rel}","templated":true}]}}