{"id":2369,"date":"2020-09-03T09:21:50","date_gmt":"2020-09-03T12:21:50","guid":{"rendered":"http:\/\/fmtinkunaco.com.ar\/?p=2369"},"modified":"2020-09-03T09:21:50","modified_gmt":"2020-09-03T12:21:50","slug":"hospital-mariano-y-luciano-de-la-vega-el-80-de-los-companeros-que-vienen-con-contratos-estan-en-negro","status":"publish","type":"post","link":"https:\/\/fmtinkunaco.ar\/?p=2369","title":{"rendered":"Hospital Mariano y Luciano de la Vega: \u201cEl 80% de los compa\u00f1eros que vienen con contratos est\u00e1n en negro\u201d"},"content":{"rendered":"<p>El contexto de pandemia dej\u00f3 al descubierto la situaci\u00f3n que el personal de salud denuncia desde hace a\u00f1os, falta de insumos, el estado de la infraestructura, estado de los salarios y la situaci\u00f3n del personal contratado o becario.<\/p>\n<p>En di\u00e1logo con el programa radial \u201cEncuentro con las Noticias\u201d, Claudia Sanguinet, Delegada de ATE del Hospital Mariano y Luciano de la Vega de Moreno, se refiri\u00f3 a la situaci\u00f3n en que se encuentra la salud p\u00fablica, en estos tiempos, <em>\u201cLos salarios siempre fueron bajos, el que se dedica a salud lo sabe desde el d\u00eda uno, el abandono de la salud p\u00fablica viene desde hace much\u00edsimos a\u00f1os, no es de esta gesti\u00f3n, ni la anterior, ni la anterior. Es como que las inversiones nunca son para salud, f\u00edjate que los presupuestos siempre rondan entre el 5% y el 6% del presupuesto de la provincia; as\u00ed que para 88 hospitales imag\u00ednate lo que es, cuanto se invierte. (\u2026) Y s\u00ed bien en este momento, la provincia, la gobernaci\u00f3n est\u00e1 poniendo mucho dinero, es como agua que se va entre las manos porque el faltante de recurso humano, de infraestructura que han tenido y tienen todos los hospitales, es como que estamos manoteando todo el rato\u201d<\/em>.<\/p>\n<p>Adem\u00e1s, Sanguinet, remarc\u00f3 la situaci\u00f3n del sector de terapia intensiva del Hospital, <em>\u201cen la actualidad tenemos 15 camas, se han tomado otras camas pero no de terapia intensiva sino que para internaci\u00f3n covid pero la terapia intensiva tiene 15 camas y hay 10 ocupadas con pacientes covid, ese es el numero chiquitito para poblaci\u00f3n que tenemos.\u00a0 Eso es una cosa, lo otro es cierto, nosotros no tenemos vacaciones desde el mes de marzo; en mi caso particular yo estaba de vacaciones y me convocaron que ten\u00eda que volver porque ten\u00edamos desde el vamos, todos los compa\u00f1eros que tienen patolog\u00edas de base, est\u00e1n exentos de hacer actividad. As\u00ed que nos qued\u00e1bamos con algunos baches y los que est\u00e1bamos de vacaciones tuvimos que volver\u201d<\/em>.<\/p>\n<p>Finalmente, Claudia Sanguinet, describi\u00f3 las principales exigencias del sector de la salud, <em>\u201cNosotros para trabajar mejor necesitar\u00edamos m\u00e1s recursos humanos, y estas contrataciones que yo entiendo que ante la emergencia se hacen porque es como lo m\u00e1s r\u00e1pido pero tenemos much\u00edsimos compa\u00f1eros, la mayor\u00eda, te dir\u00eda el 80% que vienen con contratos realmente basura porque est\u00e1n en negro.<\/em><br \/>\n<em> (\u2026) Lo que tendr\u00edamos para reclamar, serian las paritarias ya, por esta cuesti\u00f3n de que no tenemos presupuesto, no sabemos con cuanto vamos a laburar y ya est\u00e1 terminando el a\u00f1o. Est\u00e1 bien, estamos en una pandemia pero esto es bastante habitual que nos pateen a los de salud<\/em>\u201d.<\/p>\n<p>Compartimos la entrevista completa<\/p>\n<p><a href=\"https:\/\/archive.org\/details\/audio-claudia-sanguinet-hosp-mariano-y-luciano-de-la-vega-02-09-2020\">Descargar<\/a><\/p>\n<audio class=\"wp-audio-shortcode\" id=\"audio-2369-2\" preload=\"none\" style=\"width: 100%;\" controls=\"controls\"><source type=\"audio\/mpeg\" src=\"https:\/\/archive.org\/download\/audio-claudia-sanguinet-hosp-mariano-y-luciano-de-la-vega-02-09-2020\/AUDIO%20-%20CLAUDIA%20SANGUINET%20%28HOSP%20MARIANO%20Y%20LUCIANO%20DE%20LA%20VEGA%29%2002%2009%202020.mp3?_=2\" \/><a href=\"https:\/\/archive.org\/download\/audio-claudia-sanguinet-hosp-mariano-y-luciano-de-la-vega-02-09-2020\/AUDIO%20-%20CLAUDIA%20SANGUINET%20%28HOSP%20MARIANO%20Y%20LUCIANO%20DE%20LA%20VEGA%29%2002%2009%202020.mp3\">https:\/\/archive.org\/download\/audio-claudia-sanguinet-hosp-mariano-y-luciano-de-la-vega-02-09-2020\/AUDIO%20-%20CLAUDIA%20SANGUINET%20%28HOSP%20MARIANO%20Y%20LUCIANO%20DE%20LA%20VEGA%29%2002%2009%202020.mp3<\/a><\/audio>\n<p>&nbsp;<\/p>\n<div class=\"powerpress_player\" id=\"powerpress_player_178\"><audio class=\"wp-audio-shortcode\" id=\"audio-2369-1\" preload=\"none\" style=\"width: 100%;\" controls=\"controls\"><source type=\"audio\/mpeg\" src=\"https:\/\/archive.org\/download\/audio-claudia-sanguinet-hosp-mariano-y-luciano-de-la-vega-02-09-2020\/AUDIO%20-%20CLAUDIA%20SANGUINET%20%28HOSP%20MARIANO%20Y%20LUCIANO%20DE%20LA%20VEGA%29%2002%2009%202020.mp3?_=1\" \/><a href=\"https:\/\/archive.org\/download\/audio-claudia-sanguinet-hosp-mariano-y-luciano-de-la-vega-02-09-2020\/AUDIO%20-%20CLAUDIA%20SANGUINET%20%28HOSP%20MARIANO%20Y%20LUCIANO%20DE%20LA%20VEGA%29%2002%2009%202020.mp3\">https:\/\/archive.org\/download\/audio-claudia-sanguinet-hosp-mariano-y-luciano-de-la-vega-02-09-2020\/AUDIO%20-%20CLAUDIA%20SANGUINET%20%28HOSP%20MARIANO%20Y%20LUCIANO%20DE%20LA%20VEGA%29%2002%2009%202020.mp3<\/a><\/audio><\/div><p class=\"powerpress_links powerpress_links_mp3\" style=\"margin-bottom: 1px !important;\">Podcast: <a href=\"https:\/\/archive.org\/download\/audio-claudia-sanguinet-hosp-mariano-y-luciano-de-la-vega-02-09-2020\/AUDIO%20-%20CLAUDIA%20SANGUINET%20%28HOSP%20MARIANO%20Y%20LUCIANO%20DE%20LA%20VEGA%29%2002%2009%202020.mp3\" class=\"powerpress_link_pinw\" target=\"_blank\" title=\"Reproducir en una nueva ventana\" onclick=\"return powerpress_pinw('https:\/\/fmtinkunaco.ar\/?powerpress_pinw=2369-podcast');\" rel=\"nofollow\">Reproducir en una nueva ventana<\/a> | <a href=\"https:\/\/archive.org\/download\/audio-claudia-sanguinet-hosp-mariano-y-luciano-de-la-vega-02-09-2020\/AUDIO%20-%20CLAUDIA%20SANGUINET%20%28HOSP%20MARIANO%20Y%20LUCIANO%20DE%20LA%20VEGA%29%2002%2009%202020.mp3\" class=\"powerpress_link_d\" title=\"Descargar\" rel=\"nofollow\" download=\"AUDIO%20-%20CLAUDIA%20SANGUINET%20%28HOSP%20MARIANO%20Y%20LUCIANO%20DE%20LA%20VEGA%29%2002%2009%202020.mp3\">Descargar<\/a><\/p>","protected":false},"excerpt":{"rendered":"<p>El contexto de pandemia dej\u00f3 al descubierto la situaci\u00f3n que el personal de salud denuncia desde hace a\u00f1os, falta de insumos, el estado de la infraestructura, estado de los salarios y la situaci\u00f3n del personal contratado o becario. En di\u00e1logo con el programa radial \u201cEncuentro con las Noticias\u201d, Claudia Sanguinet, Delegada de ATE del Hospital [&hellip;]<\/p>\n","protected":false},"author":1,"featured_media":2370,"comment_status":"open","ping_status":"open","sticky":false,"template":"","format":"standard","meta":{"footnotes":""},"categories":[7],"tags":[135,137,244,339,395],"class_list":["post-2369","post","type-post","status-publish","format-standard","has-post-thumbnail","hentry","category-salud","tag-coronavirus","tag-covid","tag-hospital-mariano-y-luciano-de-la-vega","tag-municipio-de-moreno","tag-personal-sanitario-insuficiente"],"_links":{"self":[{"href":"https:\/\/fmtinkunaco.ar\/index.php?rest_route=\/wp\/v2\/posts\/2369","targetHints":{"allow":["GET"]}}],"collection":[{"href":"https:\/\/fmtinkunaco.ar\/index.php?rest_route=\/wp\/v2\/posts"}],"about":[{"href":"https:\/\/fmtinkunaco.ar\/index.php?rest_route=\/wp\/v2\/types\/post"}],"author":[{"embeddable":true,"href":"https:\/\/fmtinkunaco.ar\/index.php?rest_route=\/wp\/v2\/users\/1"}],"replies":[{"embeddable":true,"href":"https:\/\/fmtinkunaco.ar\/index.php?rest_route=%2Fwp%2Fv2%2Fcomments&post=2369"}],"version-history":[{"count":0,"href":"https:\/\/fmtinkunaco.ar\/index.php?rest_route=\/wp\/v2\/posts\/2369\/revisions"}],"wp:featuredmedia":[{"embeddable":true,"href":"https:\/\/fmtinkunaco.ar\/index.php?rest_route=\/"}],"wp:attachment":[{"href":"https:\/\/fmtinkunaco.ar\/index.php?rest_route=%2Fwp%2Fv2%2Fmedia&parent=2369"}],"wp:term":[{"taxonomy":"category","embeddable":true,"href":"https:\/\/fmtinkunaco.ar\/index.php?rest_route=%2Fwp%2Fv2%2Fcategories&post=2369"},{"taxonomy":"post_tag","embeddable":true,"href":"https:\/\/fmtinkunaco.ar\/index.php?rest_route=%2Fwp%2Fv2%2Ftags&post=2369"}],"curies":[{"name":"wp","href":"https:\/\/api.w.org\/{rel}","templated":true}]}}