{"id":2372,"date":"2020-09-03T10:28:41","date_gmt":"2020-09-03T13:28:41","guid":{"rendered":"http:\/\/fmtinkunaco.com.ar\/?p=2372"},"modified":"2020-09-03T10:28:41","modified_gmt":"2020-09-03T13:28:41","slug":"jornada-nacional-de-lucha-por-una-cuarentena-sin-hambre","status":"publish","type":"post","link":"https:\/\/fmtinkunaco.ar\/?p=2372","title":{"rendered":"Jornada Nacional de Lucha: \u00a1Por una cuarentena sin hambre!"},"content":{"rendered":"<p>Movimientos y organizaciones sociales, realizan hoy una jornada nacional de olla con ollas populares en diferentes puntos de la regi\u00f3n y el pa\u00eds.<\/p>\n<p>Exigen aumento de la mercader\u00eda para los comedores y aumento salarial ya.<\/p>\n<p>En di\u00e1logo con el programa radial \u201cEncuentro con las Noticias\u201d, Anal\u00eda Sosa, integrante del MTD Oscar Barrios en la FOB La Libertaria, se refiri\u00f3 a la jornada de hoy, <em>\u201cPuntualmente vamos a hacer ollas en coordinaci\u00f3n con otros movimientos tambi\u00e9n, que va a ser en todo el pa\u00eds. Ollas que venimos haciendo durante toda esta cuarentena y durante a\u00f1os\u201d<\/em>.<\/p>\n<p>Sosa, adem\u00e1s, describi\u00f3 la situaci\u00f3n actual, <em>\u201cLa problem\u00e1tica que tenemos ahora es que el gobierno no manda la mercader\u00eda que tendr\u00eda que mandar, manda muy alejado y poca mercader\u00eda y tenemos merenderos y comedores en todos los barrios, todos los d\u00edas, y la mercader\u00eda no alcanza. Y estamos reclamando la parte de alimentos porque hacemos ollas y cada vez tenemos m\u00e1s demandas de viandas, m\u00e1s gente viene a los comedores y la verdad no lo podemos sostener as\u00ed pero es muy dif\u00edcil sostenerlo y el gobierno no da respuestas\u201d<\/em>.<\/p>\n<p>Sosa, tambi\u00e9n explic\u00f3 que tienen algunas reuniones con las autoridades de gobierno pero que las respuestas no solucionan el inmediato, <em>\u201cTenemos un canal abierto para negociaciones sobre propuestas de trabajo, el mejoramiento de algunas cuestiones, algunos trabajos que hacemos pero a futuro. Es como que el hambre y la necesidad que hay es a futuro, no es en lo inmediato\u201d<\/em>.<\/p>\n<p>A partir de las 9hs de la ma\u00f1ana se realizan ollas populares en Jos\u00e9. C. Paz, San Miguel, Moreno, Pilar, Escobar, y a partir de las 10hs de la ma\u00f1ana, se concentra en Avenida Belgrano y 9 de Julio \u2013 CABA.<\/p>\n<p>Convocan a la jornada de lucha, FOL \u2013Frente de Organizaciones en Lucha, MTD An\u00edbal Ver\u00f3n, Frente Popular Dar\u00edo Santill\u00e1n, Movimiento de los Pueblos (Frente Popular Dar\u00edo Santill\u00e1n Corriente Plurinacional, Izquierda Latinoamericana Socialista, MULCS- Movimiento por la Unidad Latinoamericana y el Cambio Social, Movimiento 8 de Abril, Igualdad Social), MRP- Movimiento Resistencia Popular FAR- Frente Arde Rojo\/COPA FOB La libertaria, FOB Aut\u00f3noma, MTR por la Democracia Directa, OLP Resistir y Luchar.<\/p>\n<p>Compartimos entrevista completa<\/p>\n<p><a href=\"https:\/\/archive.org\/details\/audio-analia-sosa-mtd-03-09-2020._202009\">Descargar<\/a><\/p>\n<audio class=\"wp-audio-shortcode\" id=\"audio-2372-2\" preload=\"none\" style=\"width: 100%;\" controls=\"controls\"><source type=\"audio\/mpeg\" src=\"https:\/\/archive.org\/download\/audio-analia-sosa-mtd-03-09-2020._202009\/AUDIO%20-%20ANALIA%20SOSA%20%28MTD%29%2003%2009%202020..mp3?_=2\" \/><a href=\"https:\/\/archive.org\/download\/audio-analia-sosa-mtd-03-09-2020._202009\/AUDIO%20-%20ANALIA%20SOSA%20%28MTD%29%2003%2009%202020..mp3\">https:\/\/archive.org\/download\/audio-analia-sosa-mtd-03-09-2020._202009\/AUDIO%20-%20ANALIA%20SOSA%20%28MTD%29%2003%2009%202020..mp3<\/a><\/audio>\n<div class=\"powerpress_player\" id=\"powerpress_player_7017\"><audio class=\"wp-audio-shortcode\" id=\"audio-2372-1\" preload=\"none\" style=\"width: 100%;\" controls=\"controls\"><source type=\"audio\/mpeg\" src=\"https:\/\/archive.org\/download\/audio-analia-sosa-mtd-03-09-2020._202009\/AUDIO%20-%20ANALIA%20SOSA%20%28MTD%29%2003%2009%202020..mp3?_=1\" \/><a href=\"https:\/\/archive.org\/download\/audio-analia-sosa-mtd-03-09-2020._202009\/AUDIO%20-%20ANALIA%20SOSA%20%28MTD%29%2003%2009%202020..mp3\">https:\/\/archive.org\/download\/audio-analia-sosa-mtd-03-09-2020._202009\/AUDIO%20-%20ANALIA%20SOSA%20%28MTD%29%2003%2009%202020..mp3<\/a><\/audio><\/div><p class=\"powerpress_links powerpress_links_mp3\" style=\"margin-bottom: 1px !important;\">Podcast: <a href=\"https:\/\/archive.org\/download\/audio-analia-sosa-mtd-03-09-2020._202009\/AUDIO%20-%20ANALIA%20SOSA%20%28MTD%29%2003%2009%202020..mp3\" class=\"powerpress_link_pinw\" target=\"_blank\" title=\"Reproducir en una nueva ventana\" onclick=\"return powerpress_pinw('https:\/\/fmtinkunaco.ar\/?powerpress_pinw=2372-podcast');\" rel=\"nofollow\">Reproducir en una nueva ventana<\/a> | <a href=\"https:\/\/archive.org\/download\/audio-analia-sosa-mtd-03-09-2020._202009\/AUDIO%20-%20ANALIA%20SOSA%20%28MTD%29%2003%2009%202020..mp3\" class=\"powerpress_link_d\" title=\"Descargar\" rel=\"nofollow\" download=\"AUDIO%20-%20ANALIA%20SOSA%20%28MTD%29%2003%2009%202020..mp3\">Descargar<\/a><\/p>","protected":false},"excerpt":{"rendered":"<p>Movimientos y organizaciones sociales, realizan hoy una jornada nacional de olla con ollas populares en diferentes puntos de la regi\u00f3n y el pa\u00eds. Exigen aumento de la mercader\u00eda para los comedores y aumento salarial ya. En di\u00e1logo con el programa radial \u201cEncuentro con las Noticias\u201d, Anal\u00eda Sosa, integrante del MTD Oscar Barrios en la FOB [&hellip;]<\/p>\n","protected":false},"author":1,"featured_media":2373,"comment_status":"open","ping_status":"open","sticky":false,"template":"","format":"standard","meta":{"footnotes":""},"categories":[4],"tags":[264,331,361],"class_list":["post-2372","post","type-post","status-publish","format-standard","has-post-thumbnail","hentry","category-derechos-humanos","tag-jornada-nacional-de-lucha","tag-mtd-oscar-barrios","tag-ollas-populares"],"_links":{"self":[{"href":"https:\/\/fmtinkunaco.ar\/index.php?rest_route=\/wp\/v2\/posts\/2372","targetHints":{"allow":["GET"]}}],"collection":[{"href":"https:\/\/fmtinkunaco.ar\/index.php?rest_route=\/wp\/v2\/posts"}],"about":[{"href":"https:\/\/fmtinkunaco.ar\/index.php?rest_route=\/wp\/v2\/types\/post"}],"author":[{"embeddable":true,"href":"https:\/\/fmtinkunaco.ar\/index.php?rest_route=\/wp\/v2\/users\/1"}],"replies":[{"embeddable":true,"href":"https:\/\/fmtinkunaco.ar\/index.php?rest_route=%2Fwp%2Fv2%2Fcomments&post=2372"}],"version-history":[{"count":0,"href":"https:\/\/fmtinkunaco.ar\/index.php?rest_route=\/wp\/v2\/posts\/2372\/revisions"}],"wp:featuredmedia":[{"embeddable":true,"href":"https:\/\/fmtinkunaco.ar\/index.php?rest_route=\/"}],"wp:attachment":[{"href":"https:\/\/fmtinkunaco.ar\/index.php?rest_route=%2Fwp%2Fv2%2Fmedia&parent=2372"}],"wp:term":[{"taxonomy":"category","embeddable":true,"href":"https:\/\/fmtinkunaco.ar\/index.php?rest_route=%2Fwp%2Fv2%2Fcategories&post=2372"},{"taxonomy":"post_tag","embeddable":true,"href":"https:\/\/fmtinkunaco.ar\/index.php?rest_route=%2Fwp%2Fv2%2Ftags&post=2372"}],"curies":[{"name":"wp","href":"https:\/\/api.w.org\/{rel}","templated":true}]}}