{"id":2378,"date":"2020-09-07T14:37:17","date_gmt":"2020-09-07T17:37:17","guid":{"rendered":"http:\/\/fmtinkunaco.com.ar\/?p=2378"},"modified":"2020-09-07T14:37:17","modified_gmt":"2020-09-07T17:37:17","slug":"experiencias-docentes-en-la-virtualidad-como-damos-clases-en-la-educacion-de-adultes","status":"publish","type":"post","link":"https:\/\/fmtinkunaco.ar\/?p=2378","title":{"rendered":"\u201cExperiencias docentes en la virtualidad: \u00bfC\u00f3mo damos clases en la educaci\u00f3n de adultes?\u201d"},"content":{"rendered":"<p>Graduades Periferiques de la Universidad Nacional de General Sarmiento, organiza el encuentro <strong>\u201cExperiencias docentes en la virtualidad: \u00bfC\u00f3mo damos clases en la educaci\u00f3n de adultes?\u201d<\/strong>, que ser\u00e1 un intercambio de experiencias docentes que tiene como objetivo principal enriquecer las pr\u00e1cticas de ense\u00f1anza que se han desarrollado en el marco de la pandemia y la cuarentena.<\/p>\n<p>En di\u00e1logo con el programa radial \u201cEncuentro con las Noticias\u201d, Carolina Encino, Profesora de Historia de la Universidad Nacional de General Sarmiento y trabajadora del Programa Fines, se refiri\u00f3 al encuentro \u201cExperiencias docentes en la virtualidad\u201d, <em>\u201cLa idea del encuentro es poder primero comentar cu\u00e1l es la problem\u00e1tica que atraviesa el Plan de la Inclusi\u00f3n en la Educaci\u00f3n de Adultos, con esta tardanza, cu\u00e1l es el estado de situaci\u00f3n en el que nos encontramos y espec\u00edficamente\u00a0poder conocer experiencias de compa\u00f1eros que hayan transitado la posibilidad de hacer el Plan FINES, a partir de la virtualidad. Poder compartir recursos, experiencias con otros compa\u00f1eres\u201d<\/em>.<\/p>\n<p>Adem\u00e1s, Encino, remarc\u00f3, <em>\u201cEs un encuentro de profesores, de colegas, en donde la idea es poder compartir experiencias, qu\u00e9 nos pas\u00f3 en todo este transitar la educaci\u00f3n a distancia a partir del aislamiento social y obligatorio, todas las dificultades reales con las que nos encontramos, que seguramente van a ser las mismas en muchos sentidos que nos vamos a encontrar en la educaci\u00f3n de adultos y en otras cuestiones va a ser diferente por una cuesti\u00f3n generacional y por una cuesti\u00f3n, tambi\u00e9n, propia de cada uno de los grupos\u201d<\/em>.<\/p>\n<p>El encuentro ser\u00e1 hoy lunes 07 ,de septiembre, a las 17hs y ser\u00e1 transmitido a trav\u00e9s de Google Meet.<br \/>\nLink: https:\/\/meet.google.com\/est-hjad-vvc\/ . Tambi\u00e9n se podr\u00e1 seguir la trasmisi\u00f3n en vivo por facebook (https:\/\/www.facebook.com\/graduadesperiferiquesungs)<\/p>\n<p>Compartimos entrevista completa<\/p>\n<p><a href=\"https:\/\/archive.org\/details\/audio-carolina-encino-fines-07-09-2020\">Descargar<\/a><\/p>\n<p>&nbsp;<\/p>\n<audio class=\"wp-audio-shortcode\" id=\"audio-2378-2\" preload=\"none\" style=\"width: 100%;\" controls=\"controls\"><source type=\"audio\/mpeg\" src=\"https:\/\/archive.org\/download\/audio-carolina-encino-fines-07-09-2020\/AUDIO%20-%20CAROLINA%20ENCINO%20%28FINES%29%2007%2009%202020.mp3?_=2\" \/><a href=\"https:\/\/archive.org\/download\/audio-carolina-encino-fines-07-09-2020\/AUDIO%20-%20CAROLINA%20ENCINO%20%28FINES%29%2007%2009%202020.mp3\">https:\/\/archive.org\/download\/audio-carolina-encino-fines-07-09-2020\/AUDIO%20-%20CAROLINA%20ENCINO%20%28FINES%29%2007%2009%202020.mp3<\/a><\/audio>\n<div class=\"powerpress_player\" id=\"powerpress_player_5350\"><audio class=\"wp-audio-shortcode\" id=\"audio-2378-1\" preload=\"none\" style=\"width: 100%;\" controls=\"controls\"><source type=\"audio\/mpeg\" src=\"https:\/\/archive.org\/download\/audio-carolina-encino-fines-07-09-2020\/AUDIO%20-%20CAROLINA%20ENCINO%20%28FINES%29%2007%2009%202020.mp3?_=1\" \/><a href=\"https:\/\/archive.org\/download\/audio-carolina-encino-fines-07-09-2020\/AUDIO%20-%20CAROLINA%20ENCINO%20%28FINES%29%2007%2009%202020.mp3\">https:\/\/archive.org\/download\/audio-carolina-encino-fines-07-09-2020\/AUDIO%20-%20CAROLINA%20ENCINO%20%28FINES%29%2007%2009%202020.mp3<\/a><\/audio><\/div><p class=\"powerpress_links powerpress_links_mp3\" style=\"margin-bottom: 1px !important;\">Podcast: <a href=\"https:\/\/archive.org\/download\/audio-carolina-encino-fines-07-09-2020\/AUDIO%20-%20CAROLINA%20ENCINO%20%28FINES%29%2007%2009%202020.mp3\" class=\"powerpress_link_pinw\" target=\"_blank\" title=\"Reproducir en una nueva ventana\" onclick=\"return powerpress_pinw('https:\/\/fmtinkunaco.ar\/?powerpress_pinw=2378-podcast');\" rel=\"nofollow\">Reproducir en una nueva ventana<\/a> | <a href=\"https:\/\/archive.org\/download\/audio-carolina-encino-fines-07-09-2020\/AUDIO%20-%20CAROLINA%20ENCINO%20%28FINES%29%2007%2009%202020.mp3\" class=\"powerpress_link_d\" title=\"Descargar\" rel=\"nofollow\" download=\"AUDIO%20-%20CAROLINA%20ENCINO%20%28FINES%29%2007%2009%202020.mp3\">Descargar<\/a><\/p>","protected":false},"excerpt":{"rendered":"<p>Graduades Periferiques de la Universidad Nacional de General Sarmiento, organiza el encuentro \u201cExperiencias docentes en la virtualidad: \u00bfC\u00f3mo damos clases en la educaci\u00f3n de adultes?\u201d, que ser\u00e1 un intercambio de experiencias docentes que tiene como objetivo principal enriquecer las pr\u00e1cticas de ense\u00f1anza que se han desarrollado en el marco de la pandemia y la cuarentena. [&hellip;]<\/p>\n","protected":false},"author":1,"featured_media":2379,"comment_status":"open","ping_status":"open","sticky":false,"template":"","format":"standard","meta":{"footnotes":""},"categories":[5],"tags":[],"class_list":["post-2378","post","type-post","status-publish","format-standard","has-post-thumbnail","hentry","category-educacion"],"_links":{"self":[{"href":"https:\/\/fmtinkunaco.ar\/index.php?rest_route=\/wp\/v2\/posts\/2378","targetHints":{"allow":["GET"]}}],"collection":[{"href":"https:\/\/fmtinkunaco.ar\/index.php?rest_route=\/wp\/v2\/posts"}],"about":[{"href":"https:\/\/fmtinkunaco.ar\/index.php?rest_route=\/wp\/v2\/types\/post"}],"author":[{"embeddable":true,"href":"https:\/\/fmtinkunaco.ar\/index.php?rest_route=\/wp\/v2\/users\/1"}],"replies":[{"embeddable":true,"href":"https:\/\/fmtinkunaco.ar\/index.php?rest_route=%2Fwp%2Fv2%2Fcomments&post=2378"}],"version-history":[{"count":0,"href":"https:\/\/fmtinkunaco.ar\/index.php?rest_route=\/wp\/v2\/posts\/2378\/revisions"}],"wp:featuredmedia":[{"embeddable":true,"href":"https:\/\/fmtinkunaco.ar\/index.php?rest_route=\/"}],"wp:attachment":[{"href":"https:\/\/fmtinkunaco.ar\/index.php?rest_route=%2Fwp%2Fv2%2Fmedia&parent=2378"}],"wp:term":[{"taxonomy":"category","embeddable":true,"href":"https:\/\/fmtinkunaco.ar\/index.php?rest_route=%2Fwp%2Fv2%2Fcategories&post=2378"},{"taxonomy":"post_tag","embeddable":true,"href":"https:\/\/fmtinkunaco.ar\/index.php?rest_route=%2Fwp%2Fv2%2Ftags&post=2378"}],"curies":[{"name":"wp","href":"https:\/\/api.w.org\/{rel}","templated":true}]}}