{"id":2398,"date":"2020-09-10T09:52:27","date_gmt":"2020-09-10T12:52:27","guid":{"rendered":"http:\/\/fmtinkunaco.com.ar\/?p=2398"},"modified":"2020-09-10T09:52:27","modified_gmt":"2020-09-10T12:52:27","slug":"comision-provincial-por-la-memoria-repudio-a-la-extorsion-policial","status":"publish","type":"post","link":"https:\/\/fmtinkunaco.ar\/?p=2398","title":{"rendered":"Comisi\u00f3n Provincial por la Memoria: Repudio a la extorsi\u00f3n policial"},"content":{"rendered":"<p>Frente al acuartelamiento y manifestaciones policiales por fuera de las leyes que regulan su servicio, la Comisi\u00f3n Provincial por la Memoria (CPM) repudia estas acciones que pretenden condicionar al gobierno, utilizando para ello la delegaci\u00f3n de la fuerza que el Estado les adjudica.<\/p>\n<p>En di\u00e1logo con el programa radial \u201cEncuentro con las Noticias\u201d, Sandra Raggio, Directora General de la CPM, remarc\u00f3, <em>\u201cObviamente uno siempre tiene una perspectiva de derechos y cualquier servidor p\u00fablico o trabajador tiene que percibir un salario digno pero no se trata de eso, uno no est\u00e1 pensando en eso sino que est\u00e1 pensando en las manifestaciones, en los acuartelamientos y de qui\u00e9n se trata, cu\u00e1l es la fuerza que est\u00e1 protagonizando esa expresi\u00f3n p\u00fablica. Y es una fuerza armada, a la que el Estado le delega el monopolio de la fuerza entonces es preocupante por la capacidad de presi\u00f3n y de poder que tienen como corporaci\u00f3n porque la verdad que la polic\u00eda tambi\u00e9n funciona como corporaci\u00f3n y adem\u00e1s, es esta polic\u00eda, la de la Bonaerense, las pr\u00e1cticas habituales de la bonaerense vinculada con el despliegue de la violencia en los territorios, con el hostigamiento, con el abuso del poder de la polic\u00eda, no estamos hablando de una polic\u00eda profesional, que este siempre a derecho\u201d<\/em>.<\/p>\n<p>Raggio, explic\u00f3 que entienden las demandas salariales pero que estas acciones exceden el reclamo, <em>\u201cMuchos trabajadores estatales, est\u00e1n cuerpo a cuerpo trabajando en condiciones que realmente no son las condiciones dignas, hay una deuda muy importante que hay que satisfacer; el tema es a d\u00f3nde va este accionar policial, expres\u00e1ndose pol\u00edticamente, hoy se esta expresando pol\u00edticamente y eso es un problema\u201d<\/em>.<\/p>\n<p>Finalmente, Sandra Raggio, sostuvo, <em>\u201cNos preocupa, nos preocupa la capacidad de extorsi\u00f3n y de condicionamiento que genera esto como corporaci\u00f3n expres\u00e1ndose en la calle\u201d<\/em>.<\/p>\n<p>Compartimos la entrevista completa<\/p>\n<p><a href=\"https:\/\/archive.org\/details\/audio-sandra-raggio-cpm-09-09-2020\">Descargar<\/a><\/p>\n<p>&nbsp;<\/p>\n<audio class=\"wp-audio-shortcode\" id=\"audio-2398-2\" preload=\"none\" style=\"width: 100%;\" controls=\"controls\"><source type=\"audio\/mpeg\" src=\"https:\/\/archive.org\/download\/audio-sandra-raggio-cpm-09-09-2020\/AUDIO%20-%20SANDRA%20RAGGIO%20%28CPM%29%2009%2009%202020.mp3?_=2\" \/><a href=\"https:\/\/archive.org\/download\/audio-sandra-raggio-cpm-09-09-2020\/AUDIO%20-%20SANDRA%20RAGGIO%20%28CPM%29%2009%2009%202020.mp3\">https:\/\/archive.org\/download\/audio-sandra-raggio-cpm-09-09-2020\/AUDIO%20-%20SANDRA%20RAGGIO%20%28CPM%29%2009%2009%202020.mp3<\/a><\/audio>\n<div class=\"powerpress_player\" id=\"powerpress_player_6659\"><audio class=\"wp-audio-shortcode\" id=\"audio-2398-1\" preload=\"none\" style=\"width: 100%;\" controls=\"controls\"><source type=\"audio\/mpeg\" src=\"https:\/\/archive.org\/download\/audio-sandra-raggio-cpm-09-09-2020\/AUDIO%20-%20SANDRA%20RAGGIO%20%28CPM%29%2009%2009%202020.mp3?_=1\" \/><a href=\"https:\/\/archive.org\/download\/audio-sandra-raggio-cpm-09-09-2020\/AUDIO%20-%20SANDRA%20RAGGIO%20%28CPM%29%2009%2009%202020.mp3\">https:\/\/archive.org\/download\/audio-sandra-raggio-cpm-09-09-2020\/AUDIO%20-%20SANDRA%20RAGGIO%20%28CPM%29%2009%2009%202020.mp3<\/a><\/audio><\/div><p class=\"powerpress_links powerpress_links_mp3\" style=\"margin-bottom: 1px !important;\">Podcast: <a href=\"https:\/\/archive.org\/download\/audio-sandra-raggio-cpm-09-09-2020\/AUDIO%20-%20SANDRA%20RAGGIO%20%28CPM%29%2009%2009%202020.mp3\" class=\"powerpress_link_pinw\" target=\"_blank\" title=\"Reproducir en una nueva ventana\" onclick=\"return powerpress_pinw('https:\/\/fmtinkunaco.ar\/?powerpress_pinw=2398-podcast');\" rel=\"nofollow\">Reproducir en una nueva ventana<\/a> | <a href=\"https:\/\/archive.org\/download\/audio-sandra-raggio-cpm-09-09-2020\/AUDIO%20-%20SANDRA%20RAGGIO%20%28CPM%29%2009%2009%202020.mp3\" class=\"powerpress_link_d\" title=\"Descargar\" rel=\"nofollow\" download=\"AUDIO%20-%20SANDRA%20RAGGIO%20%28CPM%29%2009%2009%202020.mp3\">Descargar<\/a><\/p>","protected":false},"excerpt":{"rendered":"<p>Frente al acuartelamiento y manifestaciones policiales por fuera de las leyes que regulan su servicio, la Comisi\u00f3n Provincial por la Memoria (CPM) repudia estas acciones que pretenden condicionar al gobierno, utilizando para ello la delegaci\u00f3n de la fuerza que el Estado les adjudica. En di\u00e1logo con el programa radial \u201cEncuentro con las Noticias\u201d, Sandra Raggio, [&hellip;]<\/p>\n","protected":false},"author":1,"featured_media":2399,"comment_status":"open","ping_status":"open","sticky":false,"template":"","format":"standard","meta":{"footnotes":""},"categories":[4],"tags":[118,431],"class_list":["post-2398","post","type-post","status-publish","format-standard","has-post-thumbnail","hentry","category-derechos-humanos","tag-comision-provincial-por-la-memoria","tag-repudio-a-la-extorsion-policial"],"_links":{"self":[{"href":"https:\/\/fmtinkunaco.ar\/index.php?rest_route=\/wp\/v2\/posts\/2398","targetHints":{"allow":["GET"]}}],"collection":[{"href":"https:\/\/fmtinkunaco.ar\/index.php?rest_route=\/wp\/v2\/posts"}],"about":[{"href":"https:\/\/fmtinkunaco.ar\/index.php?rest_route=\/wp\/v2\/types\/post"}],"author":[{"embeddable":true,"href":"https:\/\/fmtinkunaco.ar\/index.php?rest_route=\/wp\/v2\/users\/1"}],"replies":[{"embeddable":true,"href":"https:\/\/fmtinkunaco.ar\/index.php?rest_route=%2Fwp%2Fv2%2Fcomments&post=2398"}],"version-history":[{"count":0,"href":"https:\/\/fmtinkunaco.ar\/index.php?rest_route=\/wp\/v2\/posts\/2398\/revisions"}],"wp:featuredmedia":[{"embeddable":true,"href":"https:\/\/fmtinkunaco.ar\/index.php?rest_route=\/"}],"wp:attachment":[{"href":"https:\/\/fmtinkunaco.ar\/index.php?rest_route=%2Fwp%2Fv2%2Fmedia&parent=2398"}],"wp:term":[{"taxonomy":"category","embeddable":true,"href":"https:\/\/fmtinkunaco.ar\/index.php?rest_route=%2Fwp%2Fv2%2Fcategories&post=2398"},{"taxonomy":"post_tag","embeddable":true,"href":"https:\/\/fmtinkunaco.ar\/index.php?rest_route=%2Fwp%2Fv2%2Ftags&post=2398"}],"curies":[{"name":"wp","href":"https:\/\/api.w.org\/{rel}","templated":true}]}}