{"id":2402,"date":"2020-09-10T10:53:35","date_gmt":"2020-09-10T13:53:35","guid":{"rendered":"http:\/\/fmtinkunaco.com.ar\/?p=2402"},"modified":"2020-09-10T10:53:35","modified_gmt":"2020-09-10T13:53:35","slug":"un-analisis-sobre-el-capitalismo-argentino","status":"publish","type":"post","link":"https:\/\/fmtinkunaco.ar\/?p=2402","title":{"rendered":"Un an\u00e1lisis sobre el capitalismo argentino"},"content":{"rendered":"<p>Conversamos con Cristian Caracoche acerca de su \u00faltimo trabajo <em>\u00abDuhaldismo, Kirchnerismo y Macrismo\u00bb<\/em>, d\u00f3nde analiza las sucesivas gestiones del Estado Argentino. En \u00e9l reflexiona acerca de las formas que adquiere el capitalismo local, en funci\u00f3n de diversos intereses a los que representa.<\/p>\n<p>Compartimos la entrevista completa, realizada por el programa radial \u201cEmpezar de Nuevo\u201d de la FM Tinkunaco.<\/p>\n<p><a href=\"https:\/\/archive.org\/details\/audio-entrevista-cristian-caracoche\">Descargar<\/a><\/p>\n<p>&nbsp;<\/p>\n<audio class=\"wp-audio-shortcode\" id=\"audio-2402-2\" preload=\"none\" style=\"width: 100%;\" controls=\"controls\"><source type=\"audio\/mpeg\" src=\"https:\/\/archive.org\/download\/audio-entrevista-cristian-caracoche\/AUDIO%20-%20ENTREVISTA%20CRISTIAN%20CARACOCHE.mp3?_=2\" \/><a href=\"https:\/\/archive.org\/download\/audio-entrevista-cristian-caracoche\/AUDIO%20-%20ENTREVISTA%20CRISTIAN%20CARACOCHE.mp3\">https:\/\/archive.org\/download\/audio-entrevista-cristian-caracoche\/AUDIO%20-%20ENTREVISTA%20CRISTIAN%20CARACOCHE.mp3<\/a><\/audio>\n<div class=\"powerpress_player\" id=\"powerpress_player_8891\"><audio class=\"wp-audio-shortcode\" id=\"audio-2402-1\" preload=\"none\" style=\"width: 100%;\" controls=\"controls\"><source type=\"audio\/mpeg\" src=\"https:\/\/archive.org\/download\/audio-entrevista-cristian-caracoche\/AUDIO%20-%20ENTREVISTA%20CRISTIAN%20CARACOCHE.mp3?_=1\" \/><a href=\"https:\/\/archive.org\/download\/audio-entrevista-cristian-caracoche\/AUDIO%20-%20ENTREVISTA%20CRISTIAN%20CARACOCHE.mp3\">https:\/\/archive.org\/download\/audio-entrevista-cristian-caracoche\/AUDIO%20-%20ENTREVISTA%20CRISTIAN%20CARACOCHE.mp3<\/a><\/audio><\/div><p class=\"powerpress_links powerpress_links_mp3\" style=\"margin-bottom: 1px !important;\">Podcast: <a href=\"https:\/\/archive.org\/download\/audio-entrevista-cristian-caracoche\/AUDIO%20-%20ENTREVISTA%20CRISTIAN%20CARACOCHE.mp3\" class=\"powerpress_link_pinw\" target=\"_blank\" title=\"Reproducir en una nueva ventana\" onclick=\"return powerpress_pinw('https:\/\/fmtinkunaco.ar\/?powerpress_pinw=2402-podcast');\" rel=\"nofollow\">Reproducir en una nueva ventana<\/a> | <a href=\"https:\/\/archive.org\/download\/audio-entrevista-cristian-caracoche\/AUDIO%20-%20ENTREVISTA%20CRISTIAN%20CARACOCHE.mp3\" class=\"powerpress_link_d\" title=\"Descargar\" rel=\"nofollow\" download=\"AUDIO%20-%20ENTREVISTA%20CRISTIAN%20CARACOCHE.mp3\">Descargar<\/a><\/p>","protected":false},"excerpt":{"rendered":"<p>Conversamos con Cristian Caracoche acerca de su \u00faltimo trabajo \u00abDuhaldismo, Kirchnerismo y Macrismo\u00bb, d\u00f3nde analiza las sucesivas gestiones del Estado Argentino. En \u00e9l reflexiona acerca de las formas que adquiere el capitalismo local, en funci\u00f3n de diversos intereses a los que representa. Compartimos la entrevista completa, realizada por el programa radial \u201cEmpezar de Nuevo\u201d de [&hellip;]<\/p>\n","protected":false},"author":1,"featured_media":2403,"comment_status":"open","ping_status":"open","sticky":false,"template":"","format":"standard","meta":{"footnotes":""},"categories":[3,9],"tags":[139,186],"class_list":["post-2402","post","type-post","status-publish","format-standard","has-post-thumbnail","hentry","category-cultura","category-sociedad","tag-cristian-caracoche","tag-empezar-de-nuevo"],"_links":{"self":[{"href":"https:\/\/fmtinkunaco.ar\/index.php?rest_route=\/wp\/v2\/posts\/2402","targetHints":{"allow":["GET"]}}],"collection":[{"href":"https:\/\/fmtinkunaco.ar\/index.php?rest_route=\/wp\/v2\/posts"}],"about":[{"href":"https:\/\/fmtinkunaco.ar\/index.php?rest_route=\/wp\/v2\/types\/post"}],"author":[{"embeddable":true,"href":"https:\/\/fmtinkunaco.ar\/index.php?rest_route=\/wp\/v2\/users\/1"}],"replies":[{"embeddable":true,"href":"https:\/\/fmtinkunaco.ar\/index.php?rest_route=%2Fwp%2Fv2%2Fcomments&post=2402"}],"version-history":[{"count":0,"href":"https:\/\/fmtinkunaco.ar\/index.php?rest_route=\/wp\/v2\/posts\/2402\/revisions"}],"wp:featuredmedia":[{"embeddable":true,"href":"https:\/\/fmtinkunaco.ar\/index.php?rest_route=\/"}],"wp:attachment":[{"href":"https:\/\/fmtinkunaco.ar\/index.php?rest_route=%2Fwp%2Fv2%2Fmedia&parent=2402"}],"wp:term":[{"taxonomy":"category","embeddable":true,"href":"https:\/\/fmtinkunaco.ar\/index.php?rest_route=%2Fwp%2Fv2%2Fcategories&post=2402"},{"taxonomy":"post_tag","embeddable":true,"href":"https:\/\/fmtinkunaco.ar\/index.php?rest_route=%2Fwp%2Fv2%2Ftags&post=2402"}],"curies":[{"name":"wp","href":"https:\/\/api.w.org\/{rel}","templated":true}]}}