{"id":2413,"date":"2020-09-16T09:49:51","date_gmt":"2020-09-16T12:49:51","guid":{"rendered":"http:\/\/fmtinkunaco.com.ar\/?p=2413"},"modified":"2020-09-16T09:49:51","modified_gmt":"2020-09-16T12:49:51","slug":"semaforazo-por-los-trabajadores-esenciales-de-la-salud-sin-derechos","status":"publish","type":"post","link":"https:\/\/fmtinkunaco.ar\/?p=2413","title":{"rendered":"Semaforazo por los\u00a0trabajadores esenciales de la salud sin derechos"},"content":{"rendered":"<p>Los trabajadores y trabajadoras de la salud vienen padeciendo precarizaci\u00f3n laboral con sueldos de miseria, obligados a mantener varios trabajos para poder llegar a un sueldo digno.<\/p>\n<p>El sector de la salud, adem\u00e1s, denuncia que se encuentran imposibilitados de acceder a las licencias por ser considerados \u00abesenciales\u00bb aunque son personas en grupo de riesgo, exponen su salud, la sus familias y en muchos casos, la vida en la primera l\u00ednea en la lucha contra el COVID y por la salud de los miles que se atienden en salud p\u00fablica.<\/p>\n<p>En este marco, ma\u00f1ana jueves 17 de septiembre se realizar\u00e1 un semaforazo exigiendo soluciones inmediatas.<\/p>\n<p>En di\u00e1logo con el programa radial \u201cEncuentro con las Noticias\u201d, Claudia Sanguinet, Delegada de ATE del Hospital Mariano y Luciano de la Vega de Moreno, se refiri\u00f3 a esta medida de fuerza <em>\u201cS\u00ed bien en medio de la pandemia los reclamos son muy acotados estamos organiz\u00e1ndonos como trabajadores, (\u2026) se organiz\u00f3 desde el lado sur ATE y CICOP una movida que tiene que ver con movernos en grupo\u00a0 y hacer lo que llamamos el semaforazo, entonces va a ser en los sem\u00e1foros \u00a0m\u00e1s cercanos a los hospitales , vamos\u00a0 a tratar que se lo m\u00e1s amplio posible para todos los hospitales y no interrumpir el paso de los veh\u00edculos pero s\u00ed en los sem\u00e1foros en rojo ir cont\u00e1ndole a la gente toda la cantidad de reclamos que tenemos, por lo menos hacernos escuchar de alguna manera\u201d<\/em>.<\/p>\n<p>Sanguinet, adem\u00e1s remarc\u00f3, <em>\u201cEl agotamiento y la cuesti\u00f3n psicol\u00f3gica est\u00e1 cada vez m\u00e1s comprometida, lo sentimos en la diaria, los ambientes est\u00e1n como bastante densos y ni hablemos de que no tenemos aumento. Todo aumenta y nosotros seguimos los \u00fanicos que aparentemente estamos en cuarentena\u201d<\/em>.<\/p>\n<p>Los semaforazos arrancan ma\u00f1ana, jueves 17 de septiembre \u00a0a las 10 hs y se repetir\u00e1 todos los jueves hasta que les den una respuesta.<\/p>\n<p>Con distaciamiento social y tapabocas.<\/p>\n<p>Compartimos la entrevista completa<\/p>\n<p><a href=\"https:\/\/archive.org\/details\/audio-claudia-sanguinet-15-09-2020\">Descargar<\/a><\/p>\n<audio class=\"wp-audio-shortcode\" id=\"audio-2413-2\" preload=\"none\" style=\"width: 100%;\" controls=\"controls\"><source type=\"audio\/mpeg\" src=\"https:\/\/archive.org\/download\/audio-claudia-sanguinet-15-09-2020\/AUDIO%20-%20CLAUDIA%20SANGUINET%2015%2009%202020.mp3?_=2\" \/><a href=\"https:\/\/archive.org\/download\/audio-claudia-sanguinet-15-09-2020\/AUDIO%20-%20CLAUDIA%20SANGUINET%2015%2009%202020.mp3\">https:\/\/archive.org\/download\/audio-claudia-sanguinet-15-09-2020\/AUDIO%20-%20CLAUDIA%20SANGUINET%2015%2009%202020.mp3<\/a><\/audio>\n<div class=\"powerpress_player\" id=\"powerpress_player_6605\"><audio class=\"wp-audio-shortcode\" id=\"audio-2413-1\" preload=\"none\" style=\"width: 100%;\" controls=\"controls\"><source type=\"audio\/mpeg\" src=\"https:\/\/archive.org\/download\/audio-claudia-sanguinet-15-09-2020\/AUDIO%20-%20CLAUDIA%20SANGUINET%2015%2009%202020.mp3?_=1\" \/><a href=\"https:\/\/archive.org\/download\/audio-claudia-sanguinet-15-09-2020\/AUDIO%20-%20CLAUDIA%20SANGUINET%2015%2009%202020.mp3\">https:\/\/archive.org\/download\/audio-claudia-sanguinet-15-09-2020\/AUDIO%20-%20CLAUDIA%20SANGUINET%2015%2009%202020.mp3<\/a><\/audio><\/div><p class=\"powerpress_links powerpress_links_mp3\" style=\"margin-bottom: 1px !important;\">Podcast: <a href=\"https:\/\/archive.org\/download\/audio-claudia-sanguinet-15-09-2020\/AUDIO%20-%20CLAUDIA%20SANGUINET%2015%2009%202020.mp3\" class=\"powerpress_link_pinw\" target=\"_blank\" title=\"Reproducir en una nueva ventana\" onclick=\"return powerpress_pinw('https:\/\/fmtinkunaco.ar\/?powerpress_pinw=2413-podcast');\" rel=\"nofollow\">Reproducir en una nueva ventana<\/a> | <a href=\"https:\/\/archive.org\/download\/audio-claudia-sanguinet-15-09-2020\/AUDIO%20-%20CLAUDIA%20SANGUINET%2015%2009%202020.mp3\" class=\"powerpress_link_d\" title=\"Descargar\" rel=\"nofollow\" download=\"AUDIO%20-%20CLAUDIA%20SANGUINET%2015%2009%202020.mp3\">Descargar<\/a><\/p>","protected":false},"excerpt":{"rendered":"<p>Los trabajadores y trabajadoras de la salud vienen padeciendo precarizaci\u00f3n laboral con sueldos de miseria, obligados a mantener varios trabajos para poder llegar a un sueldo digno. El sector de la salud, adem\u00e1s, denuncia que se encuentran imposibilitados de acceder a las licencias por ser considerados \u00abesenciales\u00bb aunque son personas en grupo de riesgo, exponen [&hellip;]<\/p>\n","protected":false},"author":1,"featured_media":2414,"comment_status":"open","ping_status":"open","sticky":false,"template":"","format":"standard","meta":{"footnotes":""},"categories":[7],"tags":[135,137,484],"class_list":["post-2413","post","type-post","status-publish","format-standard","has-post-thumbnail","hentry","category-salud","tag-coronavirus","tag-covid","tag-trabajadorxs-de-la-salud"],"_links":{"self":[{"href":"https:\/\/fmtinkunaco.ar\/index.php?rest_route=\/wp\/v2\/posts\/2413","targetHints":{"allow":["GET"]}}],"collection":[{"href":"https:\/\/fmtinkunaco.ar\/index.php?rest_route=\/wp\/v2\/posts"}],"about":[{"href":"https:\/\/fmtinkunaco.ar\/index.php?rest_route=\/wp\/v2\/types\/post"}],"author":[{"embeddable":true,"href":"https:\/\/fmtinkunaco.ar\/index.php?rest_route=\/wp\/v2\/users\/1"}],"replies":[{"embeddable":true,"href":"https:\/\/fmtinkunaco.ar\/index.php?rest_route=%2Fwp%2Fv2%2Fcomments&post=2413"}],"version-history":[{"count":0,"href":"https:\/\/fmtinkunaco.ar\/index.php?rest_route=\/wp\/v2\/posts\/2413\/revisions"}],"wp:featuredmedia":[{"embeddable":true,"href":"https:\/\/fmtinkunaco.ar\/index.php?rest_route=\/"}],"wp:attachment":[{"href":"https:\/\/fmtinkunaco.ar\/index.php?rest_route=%2Fwp%2Fv2%2Fmedia&parent=2413"}],"wp:term":[{"taxonomy":"category","embeddable":true,"href":"https:\/\/fmtinkunaco.ar\/index.php?rest_route=%2Fwp%2Fv2%2Fcategories&post=2413"},{"taxonomy":"post_tag","embeddable":true,"href":"https:\/\/fmtinkunaco.ar\/index.php?rest_route=%2Fwp%2Fv2%2Ftags&post=2413"}],"curies":[{"name":"wp","href":"https:\/\/api.w.org\/{rel}","templated":true}]}}