{"id":2433,"date":"2020-09-21T10:49:16","date_gmt":"2020-09-21T13:49:16","guid":{"rendered":"http:\/\/fmtinkunaco.com.ar\/?p=2433"},"modified":"2020-09-21T10:49:16","modified_gmt":"2020-09-21T13:49:16","slug":"moreno-el-barrio-la-bibiana-contra-la-amenaza-de-desalojo-del-municipio-de-mariel-fernandez","status":"publish","type":"post","link":"https:\/\/fmtinkunaco.ar\/?p=2433","title":{"rendered":"Moreno: El barrio La Bibiana contra la amenaza de desalojo del Municipio de Mariel Fern\u00e1ndez"},"content":{"rendered":"<p>Quienes se encuentran ocupando las tierras ubicadas sobre ruta 23, en Moreno, se encuentran denunciando las amenazas de desalojo.<\/p>\n<p>El fin de semana se habr\u00eda acercado el municipio de Moreno para realizar un censo sobre la cantidad de familias y clasificarlas seg\u00fan las necesidades, adem\u00e1s remarcan que les ofrecieron un cami\u00f3n para trasladarlos.<\/p>\n<p>En di\u00e1logo con el programa radial \u201cEncuentro con las Noticias\u201d, Viviana Amarilla, describi\u00f3 <em>\u201cEstamos teniendo este conflicto con el municipio porque no hay Desarrollo Social,\u00a0 porque nos quieren desalojar a pesar de lo que acord\u00f3 Kicillof de no desalojar a la gente en esta situaci\u00f3n de pandemia. El desalojo es inminente, es para la fecha del 5 de octubre; ac\u00e1 no hay reubicaci\u00f3n, no hay ayuda social, lo \u00fanico es ponerte un transporte para llevar tus cosas no s\u00e9 a d\u00f3nde porque la situaci\u00f3n por la que estamos ac\u00e1 es porque no tenemos donde ir. No tenemos ingreso, por el momento de trabajo, toda la gente que estamos ac\u00e1 no podemos salir a trabajar al no tener un permiso del gobierno para circular. Estamos sin un peso como para poder acceder a un alquiler\u201d<\/em>.<\/p>\n<p>Hace un a\u00f1o, alrededor de 300 familias, se encuentran viviendo en el barrio La Bibiana y el n\u00famero va en aumento a ra\u00edz de la situaci\u00f3n econ\u00f3mica.<\/p>\n<p>Amarilla, adem\u00e1s, se refiri\u00f3 al di\u00e1logo con el municipio de Mariel Fern\u00e1ndez, <em>\u201cLa verdad en negociaciones cero, no se puede negociar, ella aun no ha dado la cara a la gente de ac\u00e1, siempre ha mandado a sus secretarios, ella no da la cara. Ella se ha escondido todo este tiempo de la gente\u201d<\/em>.<\/p>\n<p>Narciso C\u00e1ceres, adem\u00e1s, explic\u00f3 que el corte de ruta del fin de semana se dio a partir del intento de censo del municipio, <em>\u201cEl municipio est\u00e1 jugando al gato y al rat\u00f3n y quiere obligarnos a nosotros a abandonar y eso es de locos porque nosotros queremos pagar el terreno\u201d<\/em>.<\/p>\n<p>El desalojo est\u00e1 planificado para el 5 de octubre.<\/p>\n<p>Compartimos la entrevista completa<\/p>\n<p><a href=\"https:\/\/archive.org\/details\/audio-viviana-amarilla-y-narciso-caceres-toma-la-bibiana-21-09-2020\">Descargar<\/a><\/p>\n<p>&nbsp;<\/p>\n<audio class=\"wp-audio-shortcode\" id=\"audio-2433-2\" preload=\"none\" style=\"width: 100%;\" controls=\"controls\"><source type=\"audio\/mpeg\" src=\"https:\/\/archive.org\/download\/audio-viviana-amarilla-y-narciso-caceres-toma-la-bibiana-21-09-2020\/AUDIO%20-%20VIVIANA%20AMARILLA%20Y%20NARCISO%20CACERES%20%28TOMA%20LA%20BIBIANA%29%2021%2009%202020.mp3?_=2\" \/><a href=\"https:\/\/archive.org\/download\/audio-viviana-amarilla-y-narciso-caceres-toma-la-bibiana-21-09-2020\/AUDIO%20-%20VIVIANA%20AMARILLA%20Y%20NARCISO%20CACERES%20%28TOMA%20LA%20BIBIANA%29%2021%2009%202020.mp3\">https:\/\/archive.org\/download\/audio-viviana-amarilla-y-narciso-caceres-toma-la-bibiana-21-09-2020\/AUDIO%20-%20VIVIANA%20AMARILLA%20Y%20NARCISO%20CACERES%20%28TOMA%20LA%20BIBIANA%29%2021%2009%202020.mp3<\/a><\/audio>\n<div class=\"powerpress_player\" id=\"powerpress_player_4871\"><audio class=\"wp-audio-shortcode\" id=\"audio-2433-1\" preload=\"none\" style=\"width: 100%;\" controls=\"controls\"><source type=\"audio\/mpeg\" src=\"https:\/\/archive.org\/download\/audio-viviana-amarilla-y-narciso-caceres-toma-la-bibiana-21-09-2020\/AUDIO%20-%20VIVIANA%20AMARILLA%20Y%20NARCISO%20CACERES%20%28TOMA%20LA%20BIBIANA%29%2021%2009%202020.mp3?_=1\" \/><a href=\"https:\/\/archive.org\/download\/audio-viviana-amarilla-y-narciso-caceres-toma-la-bibiana-21-09-2020\/AUDIO%20-%20VIVIANA%20AMARILLA%20Y%20NARCISO%20CACERES%20%28TOMA%20LA%20BIBIANA%29%2021%2009%202020.mp3\">https:\/\/archive.org\/download\/audio-viviana-amarilla-y-narciso-caceres-toma-la-bibiana-21-09-2020\/AUDIO%20-%20VIVIANA%20AMARILLA%20Y%20NARCISO%20CACERES%20%28TOMA%20LA%20BIBIANA%29%2021%2009%202020.mp3<\/a><\/audio><\/div><p class=\"powerpress_links powerpress_links_mp3\" style=\"margin-bottom: 1px !important;\">Podcast: <a href=\"https:\/\/archive.org\/download\/audio-viviana-amarilla-y-narciso-caceres-toma-la-bibiana-21-09-2020\/AUDIO%20-%20VIVIANA%20AMARILLA%20Y%20NARCISO%20CACERES%20%28TOMA%20LA%20BIBIANA%29%2021%2009%202020.mp3\" class=\"powerpress_link_pinw\" target=\"_blank\" title=\"Reproducir en una nueva ventana\" onclick=\"return powerpress_pinw('https:\/\/fmtinkunaco.ar\/?powerpress_pinw=2433-podcast');\" rel=\"nofollow\">Reproducir en una nueva ventana<\/a> | <a href=\"https:\/\/archive.org\/download\/audio-viviana-amarilla-y-narciso-caceres-toma-la-bibiana-21-09-2020\/AUDIO%20-%20VIVIANA%20AMARILLA%20Y%20NARCISO%20CACERES%20%28TOMA%20LA%20BIBIANA%29%2021%2009%202020.mp3\" class=\"powerpress_link_d\" title=\"Descargar\" rel=\"nofollow\" download=\"AUDIO%20-%20VIVIANA%20AMARILLA%20Y%20NARCISO%20CACERES%20%28TOMA%20LA%20BIBIANA%29%2021%2009%202020.mp3\">Descargar<\/a><\/p>","protected":false},"excerpt":{"rendered":"<p>Quienes se encuentran ocupando las tierras ubicadas sobre ruta 23, en Moreno, se encuentran denunciando las amenazas de desalojo. El fin de semana se habr\u00eda acercado el municipio de Moreno para realizar un censo sobre la cantidad de familias y clasificarlas seg\u00fan las necesidades, adem\u00e1s remarcan que les ofrecieron un cami\u00f3n para trasladarlos. En di\u00e1logo [&hellip;]<\/p>\n","protected":false},"author":1,"featured_media":2434,"comment_status":"open","ping_status":"open","sticky":false,"template":"","format":"standard","meta":{"footnotes":""},"categories":[4],"tags":[150,302,339,436],"class_list":["post-2433","post","type-post","status-publish","format-standard","has-post-thumbnail","hentry","category-derechos-humanos","tag-desalojo","tag-mariel-fernandez","tag-municipio-de-moreno","tag-ruta-23"],"_links":{"self":[{"href":"https:\/\/fmtinkunaco.ar\/index.php?rest_route=\/wp\/v2\/posts\/2433","targetHints":{"allow":["GET"]}}],"collection":[{"href":"https:\/\/fmtinkunaco.ar\/index.php?rest_route=\/wp\/v2\/posts"}],"about":[{"href":"https:\/\/fmtinkunaco.ar\/index.php?rest_route=\/wp\/v2\/types\/post"}],"author":[{"embeddable":true,"href":"https:\/\/fmtinkunaco.ar\/index.php?rest_route=\/wp\/v2\/users\/1"}],"replies":[{"embeddable":true,"href":"https:\/\/fmtinkunaco.ar\/index.php?rest_route=%2Fwp%2Fv2%2Fcomments&post=2433"}],"version-history":[{"count":0,"href":"https:\/\/fmtinkunaco.ar\/index.php?rest_route=\/wp\/v2\/posts\/2433\/revisions"}],"wp:featuredmedia":[{"embeddable":true,"href":"https:\/\/fmtinkunaco.ar\/index.php?rest_route=\/"}],"wp:attachment":[{"href":"https:\/\/fmtinkunaco.ar\/index.php?rest_route=%2Fwp%2Fv2%2Fmedia&parent=2433"}],"wp:term":[{"taxonomy":"category","embeddable":true,"href":"https:\/\/fmtinkunaco.ar\/index.php?rest_route=%2Fwp%2Fv2%2Fcategories&post=2433"},{"taxonomy":"post_tag","embeddable":true,"href":"https:\/\/fmtinkunaco.ar\/index.php?rest_route=%2Fwp%2Fv2%2Ftags&post=2433"}],"curies":[{"name":"wp","href":"https:\/\/api.w.org\/{rel}","templated":true}]}}