{"id":2437,"date":"2020-09-23T11:17:28","date_gmt":"2020-09-23T14:17:28","guid":{"rendered":"http:\/\/fmtinkunaco.com.ar\/?p=2437"},"modified":"2020-09-23T11:17:28","modified_gmt":"2020-09-23T14:17:28","slug":"reserva-natural-del-pilar-no-ha-habido-estudio-de-impacto-ambiental-para-las-obras-del-rio-lujan","status":"publish","type":"post","link":"https:\/\/fmtinkunaco.ar\/?p=2437","title":{"rendered":"Reserva Natural del Pilar: \u00abNo ha habido estudio de impacto ambiental para las obras del R\u00edo Luj\u00e1n\u00bb"},"content":{"rendered":"<p>Las obras anunciadas hace algunos d\u00edas, de ensanche del R\u00edo Luj\u00e1n, traer\u00edan seg\u00fan sostiene diferentes ambientalistas consecuencias negativas importantes en cuanto a inundaciones y para la biodiversidad.<\/p>\n<p>En di\u00e1logo con el programa radial \u201cEncuentro con las Noticias\u201d, Graciela Capodoglio, referente de la Reserva Natural del Pilar, se refiri\u00f3 al orden en que se deber\u00edan hacer las obras y lo que finalmente se realizar\u00e1, <em>\u201cEl orden de estas obras era primero, ensanchar los puentes, despu\u00e9s generar reservorios de agua en la parte alta del rio, cerrar los canales clandestinos de los campos. (\u2026) Hab\u00eda un orden, los campos de aguas arriba no quieren cerrar los canales, aguas arriba nadie quiere ceder parte de su campo para hacer un reservorio de agua y a esto le tenemos que sumar que la corporaci\u00f3n francesa no prest\u00f3 el dinero para ensanchar los puentes. Por lo tanto, lo \u00fanico que van a hacer una zanja del R\u00edo Lujan, a la altura de la reserva va a medir 103 mts de ancho y van a enderezarlo desde la ruta 6 hasta el puente del Belgrano que est\u00e1 dentro de la reserva. Obviamente que va a transformar al r\u00edo\u00a0en una palangana, que la mayor parte del tiempo va a estar seco por lo tanto los riesgos para la biodiversidad son terribles, va a secar obviamente todos los acu\u00edferos y cuando llueva las inundaciones van a ser atroces porque el agua va a venir a gran velocidad debido a que desaparecieron los meandros. Yo se que sueno apocal\u00edptica pero es as\u00ed la realidad\u201d<\/em>.<\/p>\n<p>Adem\u00e1s, Capodoglio, se refiri\u00f3 a las respuestas que recibieron <em>\u201cLa \u00fanica respuesta es que las obras estas ya est\u00e1n aprobadas, bajo el gobierno anterior. El tema es que no ha habido audiencias p\u00fablicas, no se nos ha escuchado, el Comit\u00e9 de Cuenca del R\u00edo Luj\u00e1n no est\u00e1 funcionando, no ha llamado a las organizaciones a expresarse, no ha habido estudio de impacto ambiental. El estudio era con el orden de las obras que mencion\u00e9, no solamente esto. Por lo tanto habr\u00eda que hacer un nuevo estudio de impacto ambiental<\/em>\u201d.<\/p>\n<p>Los y las ambientalistas se encuentran a la espera de soluciones que no traigan consecuencias negativas para el ambiente.<\/p>\n<p>Compartimos la entrevista completa<\/p>\n<p><a href=\"https:\/\/archive.org\/details\/audio-graciela-capodoglio-23-09-2020\">Descargar<\/p>\n<p><\/a><\/p>\n<audio class=\"wp-audio-shortcode\" id=\"audio-2437-2\" preload=\"none\" style=\"width: 100%;\" controls=\"controls\"><source type=\"audio\/mpeg\" src=\"https:\/\/archive.org\/download\/audio-graciela-capodoglio-23-09-2020\/AUDIO%20-%20GRACIELA%20CAPODOGLIO%2023%2009%202020.mp3?_=2\" \/><a href=\"https:\/\/archive.org\/download\/audio-graciela-capodoglio-23-09-2020\/AUDIO%20-%20GRACIELA%20CAPODOGLIO%2023%2009%202020.mp3\">https:\/\/archive.org\/download\/audio-graciela-capodoglio-23-09-2020\/AUDIO%20-%20GRACIELA%20CAPODOGLIO%2023%2009%202020.mp3<\/a><\/audio>\n<div class=\"powerpress_player\" id=\"powerpress_player_6905\"><audio class=\"wp-audio-shortcode\" id=\"audio-2437-1\" preload=\"none\" style=\"width: 100%;\" controls=\"controls\"><source type=\"audio\/mpeg\" src=\"https:\/\/archive.org\/download\/audio-graciela-capodoglio-23-09-2020\/AUDIO%20-%20GRACIELA%20CAPODOGLIO%2023%2009%202020.mp3?_=1\" \/><a href=\"https:\/\/archive.org\/download\/audio-graciela-capodoglio-23-09-2020\/AUDIO%20-%20GRACIELA%20CAPODOGLIO%2023%2009%202020.mp3\">https:\/\/archive.org\/download\/audio-graciela-capodoglio-23-09-2020\/AUDIO%20-%20GRACIELA%20CAPODOGLIO%2023%2009%202020.mp3<\/a><\/audio><\/div><p class=\"powerpress_links powerpress_links_mp3\" style=\"margin-bottom: 1px !important;\">Podcast: <a href=\"https:\/\/archive.org\/download\/audio-graciela-capodoglio-23-09-2020\/AUDIO%20-%20GRACIELA%20CAPODOGLIO%2023%2009%202020.mp3\" class=\"powerpress_link_pinw\" target=\"_blank\" title=\"Reproducir en una nueva ventana\" onclick=\"return powerpress_pinw('https:\/\/fmtinkunaco.ar\/?powerpress_pinw=2437-podcast');\" rel=\"nofollow\">Reproducir en una nueva ventana<\/a> | <a href=\"https:\/\/archive.org\/download\/audio-graciela-capodoglio-23-09-2020\/AUDIO%20-%20GRACIELA%20CAPODOGLIO%2023%2009%202020.mp3\" class=\"powerpress_link_d\" title=\"Descargar\" rel=\"nofollow\" download=\"AUDIO%20-%20GRACIELA%20CAPODOGLIO%2023%2009%202020.mp3\">Descargar<\/a><\/p>","protected":false},"excerpt":{"rendered":"<p>Las obras anunciadas hace algunos d\u00edas, de ensanche del R\u00edo Luj\u00e1n, traer\u00edan seg\u00fan sostiene diferentes ambientalistas consecuencias negativas importantes en cuanto a inundaciones y para la biodiversidad. En di\u00e1logo con el programa radial \u201cEncuentro con las Noticias\u201d, Graciela Capodoglio, referente de la Reserva Natural del Pilar, se refiri\u00f3 al orden en que se deber\u00edan hacer [&hellip;]<\/p>\n","protected":false},"author":1,"featured_media":2438,"comment_status":"open","ping_status":"open","sticky":false,"template":"","format":"standard","meta":{"footnotes":""},"categories":[4,9],"tags":[358,432],"class_list":["post-2437","post","type-post","status-publish","format-standard","has-post-thumbnail","hentry","category-derechos-humanos","category-sociedad","tag-obras-en-el-rio-lujan","tag-reserva-natural-del-pilar"],"_links":{"self":[{"href":"https:\/\/fmtinkunaco.ar\/index.php?rest_route=\/wp\/v2\/posts\/2437","targetHints":{"allow":["GET"]}}],"collection":[{"href":"https:\/\/fmtinkunaco.ar\/index.php?rest_route=\/wp\/v2\/posts"}],"about":[{"href":"https:\/\/fmtinkunaco.ar\/index.php?rest_route=\/wp\/v2\/types\/post"}],"author":[{"embeddable":true,"href":"https:\/\/fmtinkunaco.ar\/index.php?rest_route=\/wp\/v2\/users\/1"}],"replies":[{"embeddable":true,"href":"https:\/\/fmtinkunaco.ar\/index.php?rest_route=%2Fwp%2Fv2%2Fcomments&post=2437"}],"version-history":[{"count":0,"href":"https:\/\/fmtinkunaco.ar\/index.php?rest_route=\/wp\/v2\/posts\/2437\/revisions"}],"wp:featuredmedia":[{"embeddable":true,"href":"https:\/\/fmtinkunaco.ar\/index.php?rest_route=\/"}],"wp:attachment":[{"href":"https:\/\/fmtinkunaco.ar\/index.php?rest_route=%2Fwp%2Fv2%2Fmedia&parent=2437"}],"wp:term":[{"taxonomy":"category","embeddable":true,"href":"https:\/\/fmtinkunaco.ar\/index.php?rest_route=%2Fwp%2Fv2%2Fcategories&post=2437"},{"taxonomy":"post_tag","embeddable":true,"href":"https:\/\/fmtinkunaco.ar\/index.php?rest_route=%2Fwp%2Fv2%2Ftags&post=2437"}],"curies":[{"name":"wp","href":"https:\/\/api.w.org\/{rel}","templated":true}]}}