{"id":2440,"date":"2020-09-24T09:37:10","date_gmt":"2020-09-24T12:37:10","guid":{"rendered":"http:\/\/fmtinkunaco.com.ar\/?p=2440"},"modified":"2020-09-24T09:37:10","modified_gmt":"2020-09-24T12:37:10","slug":"trabajadorxs-del-patronato-de-liberados-bonaerense-en-asamblea","status":"publish","type":"post","link":"https:\/\/fmtinkunaco.ar\/?p=2440","title":{"rendered":"Trabajadorxs del Patronato de Liberados Bonaerense en Asamblea"},"content":{"rendered":"<p>Trabajadores y trabajadoras del Patronato de Liberados denuncian precariedad laboral, salarios que no llegan ni a la mitad de la canasta b\u00e1sica familiar y precarizaci\u00f3n en la vida de la poblaci\u00f3n con la que se encuentran trabajando.<\/p>\n<p>En di\u00e1logo con el programa radial \u201cEncuentro con las Noticias\u201d, Romina Rosas, trabajadora del Patronato, se refiri\u00f3 a la situaci\u00f3n, <em>\u201cVenimos hace muchos a\u00f1os con much\u00edsimos reclamos que tienen que ver con las condiciones de trabajo, un punto culmine que tuvimos que transitar fue el femicidio de nuestra compa\u00f1era Laura Iglesias en 2013, ella sal\u00eda a trabajar en condiciones precarias como aun hoy se sigue trabajando en el Patronato y un muchacho muy joven la violo y asesino en Miramar. Desde aquel entonces fue todo un replanteo en nuestro laburo, en nuestra profesi\u00f3n, y eso marco un punto de inflexi\u00f3n en cuanto a cu\u00e1les son nuestras condiciones de trabajo.<\/em><br \/>\n<em> Eso es un reclamo hist\u00f3rico que venimos manteniendo en el sector y en pandemia nos encontramos trabajando con nuestros propios dispositivos porque el organismo no provee tel\u00e9fonos, no provee computadoras, no provee nada para trabaja de moda remota\u201d<\/em>.<\/p>\n<p>Desde el Patronato, tambi\u00e9n denuncian la falta de programas, el programa Potenciar Trabajo sigue ausente de la oferta institucional y tercerizada su ejecuci\u00f3n, lo cual profundiza la precariedad y entorpece el acceso universal (para la poblaci\u00f3n focalizada del mismo). Los programas propios del PLB, POSPE, Integrar, Madres\u2026 no salen por falta de presupuesto.<\/p>\n<p>Finalmente Rosas, remarc\u00f3, <em>\u201cVenimos con muchos problemas, salarialmente realmente estamos muy muy retrasadas, estamos cobrando $29 mil pesos, pagamos matricula profesional al Colegio de Trabajadoras sociales, al Colegio de Psicologes y al Colegio de Abogades y todo eso es a perdida. Laburamos a p\u00e9rdida\u201d<\/em>.<\/p>\n<p>Los y las trabajadoras del Patronato, exigen:<\/p>\n<p>*Paritaria \u00a1Recomposici\u00f3n salarial urgente!<br \/>\n*\u00a1Estatizaci\u00f3n del servicio de limpieza ya!<br \/>\n*Presupuesto acorde a las necesidades de la poblaci\u00f3n y lxs trabajadorxs del Patronato!<br \/>\n*\u00a1Programas propios, elementos para garantizar el trabajo remoto y la conectividad!<br \/>\n* \u00a1Protocolos sin grises para el regreso a las oficinas! rechazamos las pol\u00edticas de lo posible, queremos lo necesario!<br \/>\n*\u00a1Basta de pol\u00edticas de cotill\u00f3n!<br \/>\n* Los convenios colectivos de trabajo no pueden significar la p\u00e9rdida de derechos que garantiza la 10430. Que se nos convoque a lxs trabajadorxs al debate en tiempo y forma!<\/p>\n<p>#campa\u00f1asueldodignoenpatronato<\/p>\n<p>Compartimos la entrevista completa<\/p>\n<p><a href=\"https:\/\/archive.org\/details\/audio-romina-rosas-patronato-23-09-2020\">Descargar<\/a><\/p>\n<p>&nbsp;<\/p>\n<audio class=\"wp-audio-shortcode\" id=\"audio-2440-2\" preload=\"none\" style=\"width: 100%;\" controls=\"controls\"><source type=\"audio\/mpeg\" src=\"https:\/\/archive.org\/download\/audio-romina-rosas-patronato-23-09-2020\/AUDIO%20-%20ROMINA%20ROSAS%20%28PATRONATO%29%2023%2009%202020.mp3?_=2\" \/><a href=\"https:\/\/archive.org\/download\/audio-romina-rosas-patronato-23-09-2020\/AUDIO%20-%20ROMINA%20ROSAS%20%28PATRONATO%29%2023%2009%202020.mp3\">https:\/\/archive.org\/download\/audio-romina-rosas-patronato-23-09-2020\/AUDIO%20-%20ROMINA%20ROSAS%20%28PATRONATO%29%2023%2009%202020.mp3<\/a><\/audio>\n<div class=\"powerpress_player\" id=\"powerpress_player_9345\"><audio class=\"wp-audio-shortcode\" id=\"audio-2440-1\" preload=\"none\" style=\"width: 100%;\" controls=\"controls\"><source type=\"audio\/mpeg\" src=\"https:\/\/archive.org\/download\/audio-romina-rosas-patronato-23-09-2020\/AUDIO%20-%20ROMINA%20ROSAS%20%28PATRONATO%29%2023%2009%202020.mp3?_=1\" \/><a href=\"https:\/\/archive.org\/download\/audio-romina-rosas-patronato-23-09-2020\/AUDIO%20-%20ROMINA%20ROSAS%20%28PATRONATO%29%2023%2009%202020.mp3\">https:\/\/archive.org\/download\/audio-romina-rosas-patronato-23-09-2020\/AUDIO%20-%20ROMINA%20ROSAS%20%28PATRONATO%29%2023%2009%202020.mp3<\/a><\/audio><\/div><p class=\"powerpress_links powerpress_links_mp3\" style=\"margin-bottom: 1px !important;\">Podcast: <a href=\"https:\/\/archive.org\/download\/audio-romina-rosas-patronato-23-09-2020\/AUDIO%20-%20ROMINA%20ROSAS%20%28PATRONATO%29%2023%2009%202020.mp3\" class=\"powerpress_link_pinw\" target=\"_blank\" title=\"Reproducir en una nueva ventana\" onclick=\"return powerpress_pinw('https:\/\/fmtinkunaco.ar\/?powerpress_pinw=2440-podcast');\" rel=\"nofollow\">Reproducir en una nueva ventana<\/a> | <a href=\"https:\/\/archive.org\/download\/audio-romina-rosas-patronato-23-09-2020\/AUDIO%20-%20ROMINA%20ROSAS%20%28PATRONATO%29%2023%2009%202020.mp3\" class=\"powerpress_link_d\" title=\"Descargar\" rel=\"nofollow\" download=\"AUDIO%20-%20ROMINA%20ROSAS%20%28PATRONATO%29%2023%2009%202020.mp3\">Descargar<\/a><\/p>","protected":false},"excerpt":{"rendered":"<p>Trabajadores y trabajadoras del Patronato de Liberados denuncian precariedad laboral, salarios que no llegan ni a la mitad de la canasta b\u00e1sica familiar y precarizaci\u00f3n en la vida de la poblaci\u00f3n con la que se encuentran trabajando. En di\u00e1logo con el programa radial \u201cEncuentro con las Noticias\u201d, Romina Rosas, trabajadora del Patronato, se refiri\u00f3 a [&hellip;]<\/p>\n","protected":false},"author":1,"featured_media":2441,"comment_status":"open","ping_status":"open","sticky":false,"template":"","format":"standard","meta":{"footnotes":""},"categories":[4],"tags":[390,420],"class_list":["post-2440","post","type-post","status-publish","format-standard","has-post-thumbnail","hentry","category-derechos-humanos","tag-patronato-de-liberados","tag-provincia-de-buenos-aires"],"_links":{"self":[{"href":"https:\/\/fmtinkunaco.ar\/index.php?rest_route=\/wp\/v2\/posts\/2440","targetHints":{"allow":["GET"]}}],"collection":[{"href":"https:\/\/fmtinkunaco.ar\/index.php?rest_route=\/wp\/v2\/posts"}],"about":[{"href":"https:\/\/fmtinkunaco.ar\/index.php?rest_route=\/wp\/v2\/types\/post"}],"author":[{"embeddable":true,"href":"https:\/\/fmtinkunaco.ar\/index.php?rest_route=\/wp\/v2\/users\/1"}],"replies":[{"embeddable":true,"href":"https:\/\/fmtinkunaco.ar\/index.php?rest_route=%2Fwp%2Fv2%2Fcomments&post=2440"}],"version-history":[{"count":0,"href":"https:\/\/fmtinkunaco.ar\/index.php?rest_route=\/wp\/v2\/posts\/2440\/revisions"}],"wp:featuredmedia":[{"embeddable":true,"href":"https:\/\/fmtinkunaco.ar\/index.php?rest_route=\/"}],"wp:attachment":[{"href":"https:\/\/fmtinkunaco.ar\/index.php?rest_route=%2Fwp%2Fv2%2Fmedia&parent=2440"}],"wp:term":[{"taxonomy":"category","embeddable":true,"href":"https:\/\/fmtinkunaco.ar\/index.php?rest_route=%2Fwp%2Fv2%2Fcategories&post=2440"},{"taxonomy":"post_tag","embeddable":true,"href":"https:\/\/fmtinkunaco.ar\/index.php?rest_route=%2Fwp%2Fv2%2Ftags&post=2440"}],"curies":[{"name":"wp","href":"https:\/\/api.w.org\/{rel}","templated":true}]}}