{"id":2443,"date":"2020-09-24T10:14:50","date_gmt":"2020-09-24T13:14:50","guid":{"rendered":"http:\/\/fmtinkunaco.com.ar\/?p=2443"},"modified":"2020-09-24T10:14:50","modified_gmt":"2020-09-24T13:14:50","slug":"el-colectivo-por-la-memoria-de-pilar-repudia-la-violencia-policial","status":"publish","type":"post","link":"https:\/\/fmtinkunaco.ar\/?p=2443","title":{"rendered":"El Colectivo por la Memoria de Pilar repudia la violencia policial"},"content":{"rendered":"<p>En las \u00faltimas horas, el Colectivo por la Memoria de Pilar dio a conocer un comunicado titulado \u201cBasta de violencia policial en Pilar\u201d, donde repudia el papel de la polic\u00eda bonaerense en la desaparici\u00f3n de Facundo Astudillo Castro y repudia la violencia contra Lucas el joven agredido en la comisaria 1ra de Pilar.<\/p>\n<p>El Colectivo se ha conformado hace ya algunos a\u00f1os luego de articulaciones entre organizaciones sindicales, culturales y de derechos humanos.<\/p>\n<p>En di\u00e1logo con el programa radial \u201cEncuentro con las Noticias\u201d, Melina Foster, integrante del colectivo por la memoria de Pilar, se refiri\u00f3 a la situacion actual, <em>\u201cNosotros ven\u00edamos trabajando con una agenda exclusiva de la memoria, de las fechas ic\u00f3nicas de nuestra historia y bueno, empezamos a reunirnos espec\u00edficamente porque vemos aumentar los casos de violencia policial exponencialmente, nos fuimos enterando cada uno desde nuestras organizaciones de casos de abusos de compa\u00f1eros, en general de pibes, de chicos j\u00f3venes que por portaci\u00f3n de cara o de ropa los acosan en la calle\u201d<\/em>.<\/p>\n<p>Finalmente, Foster explic\u00f3 que el lunes tienen una audiencia con el municipio y que esperan una articulaci\u00f3n, <em>\u201cEso es lo que estamos reclamando, para poder articular de alguna manera tambi\u00e9n y que los organismos y los militantes de derechos humanos que hist\u00f3ricamente est\u00e1n defendiendo en este sentido a la poblaci\u00f3n, sean escuchados y sean tenidos en cuenta, no solo para la foto o para acompa\u00f1ar alguna actividad sino que tambi\u00e9n para poder hacer cambios profundos\u201d<\/em>.<\/p>\n<p>Compartimos la entrevista completa<\/p>\n<p><a href=\"https:\/\/archive.org\/details\/audio-melina-foster-colectivo-por-la-identidad-pilar-23-09-2020\">Descargar<\/a><\/p>\n<audio class=\"wp-audio-shortcode\" id=\"audio-2443-2\" preload=\"none\" style=\"width: 100%;\" controls=\"controls\"><source type=\"audio\/mpeg\" src=\"https:\/\/archive.org\/download\/audio-melina-foster-colectivo-por-la-identidad-pilar-23-09-2020\/AUDIO%20-%20MELINA%20FOSTER%20%28COLECTIVO%20POR%20LA%20IDENTIDAD%20PILAR%29%2023%2009%202020.mp3?_=2\" \/><a href=\"https:\/\/archive.org\/download\/audio-melina-foster-colectivo-por-la-identidad-pilar-23-09-2020\/AUDIO%20-%20MELINA%20FOSTER%20%28COLECTIVO%20POR%20LA%20IDENTIDAD%20PILAR%29%2023%2009%202020.mp3\">https:\/\/archive.org\/download\/audio-melina-foster-colectivo-por-la-identidad-pilar-23-09-2020\/AUDIO%20-%20MELINA%20FOSTER%20%28COLECTIVO%20POR%20LA%20IDENTIDAD%20PILAR%29%2023%2009%202020.mp3<\/a><\/audio>\n<p>&nbsp;<\/p>\n<div class=\"powerpress_player\" id=\"powerpress_player_3246\"><audio class=\"wp-audio-shortcode\" id=\"audio-2443-1\" preload=\"none\" style=\"width: 100%;\" controls=\"controls\"><source type=\"audio\/mpeg\" src=\"https:\/\/archive.org\/download\/audio-melina-foster-colectivo-por-la-identidad-pilar-23-09-2020\/AUDIO%20-%20MELINA%20FOSTER%20%28COLECTIVO%20POR%20LA%20IDENTIDAD%20PILAR%29%2023%2009%202020.mp3?_=1\" \/><a href=\"https:\/\/archive.org\/download\/audio-melina-foster-colectivo-por-la-identidad-pilar-23-09-2020\/AUDIO%20-%20MELINA%20FOSTER%20%28COLECTIVO%20POR%20LA%20IDENTIDAD%20PILAR%29%2023%2009%202020.mp3\">https:\/\/archive.org\/download\/audio-melina-foster-colectivo-por-la-identidad-pilar-23-09-2020\/AUDIO%20-%20MELINA%20FOSTER%20%28COLECTIVO%20POR%20LA%20IDENTIDAD%20PILAR%29%2023%2009%202020.mp3<\/a><\/audio><\/div><p class=\"powerpress_links powerpress_links_mp3\" style=\"margin-bottom: 1px !important;\">Podcast: <a href=\"https:\/\/archive.org\/download\/audio-melina-foster-colectivo-por-la-identidad-pilar-23-09-2020\/AUDIO%20-%20MELINA%20FOSTER%20%28COLECTIVO%20POR%20LA%20IDENTIDAD%20PILAR%29%2023%2009%202020.mp3\" class=\"powerpress_link_pinw\" target=\"_blank\" title=\"Reproducir en una nueva ventana\" onclick=\"return powerpress_pinw('https:\/\/fmtinkunaco.ar\/?powerpress_pinw=2443-podcast');\" rel=\"nofollow\">Reproducir en una nueva ventana<\/a> | <a href=\"https:\/\/archive.org\/download\/audio-melina-foster-colectivo-por-la-identidad-pilar-23-09-2020\/AUDIO%20-%20MELINA%20FOSTER%20%28COLECTIVO%20POR%20LA%20IDENTIDAD%20PILAR%29%2023%2009%202020.mp3\" class=\"powerpress_link_d\" title=\"Descargar\" rel=\"nofollow\" download=\"AUDIO%20-%20MELINA%20FOSTER%20%28COLECTIVO%20POR%20LA%20IDENTIDAD%20PILAR%29%2023%2009%202020.mp3\">Descargar<\/a><\/p>","protected":false},"excerpt":{"rendered":"<p>En las \u00faltimas horas, el Colectivo por la Memoria de Pilar dio a conocer un comunicado titulado \u201cBasta de violencia policial en Pilar\u201d, donde repudia el papel de la polic\u00eda bonaerense en la desaparici\u00f3n de Facundo Astudillo Castro y repudia la violencia contra Lucas el joven agredido en la comisaria 1ra de Pilar. El Colectivo [&hellip;]<\/p>\n","protected":false},"author":1,"featured_media":2444,"comment_status":"open","ping_status":"open","sticky":false,"template":"","format":"standard","meta":{"footnotes":""},"categories":[4],"tags":[114,340,518],"class_list":["post-2443","post","type-post","status-publish","format-standard","has-post-thumbnail","hentry","category-derechos-humanos","tag-colectivo-por-la-memoria-de-pilar","tag-municipio-de-pilar","tag-violencia-policial"],"_links":{"self":[{"href":"https:\/\/fmtinkunaco.ar\/index.php?rest_route=\/wp\/v2\/posts\/2443","targetHints":{"allow":["GET"]}}],"collection":[{"href":"https:\/\/fmtinkunaco.ar\/index.php?rest_route=\/wp\/v2\/posts"}],"about":[{"href":"https:\/\/fmtinkunaco.ar\/index.php?rest_route=\/wp\/v2\/types\/post"}],"author":[{"embeddable":true,"href":"https:\/\/fmtinkunaco.ar\/index.php?rest_route=\/wp\/v2\/users\/1"}],"replies":[{"embeddable":true,"href":"https:\/\/fmtinkunaco.ar\/index.php?rest_route=%2Fwp%2Fv2%2Fcomments&post=2443"}],"version-history":[{"count":0,"href":"https:\/\/fmtinkunaco.ar\/index.php?rest_route=\/wp\/v2\/posts\/2443\/revisions"}],"wp:featuredmedia":[{"embeddable":true,"href":"https:\/\/fmtinkunaco.ar\/index.php?rest_route=\/"}],"wp:attachment":[{"href":"https:\/\/fmtinkunaco.ar\/index.php?rest_route=%2Fwp%2Fv2%2Fmedia&parent=2443"}],"wp:term":[{"taxonomy":"category","embeddable":true,"href":"https:\/\/fmtinkunaco.ar\/index.php?rest_route=%2Fwp%2Fv2%2Fcategories&post=2443"},{"taxonomy":"post_tag","embeddable":true,"href":"https:\/\/fmtinkunaco.ar\/index.php?rest_route=%2Fwp%2Fv2%2Ftags&post=2443"}],"curies":[{"name":"wp","href":"https:\/\/api.w.org\/{rel}","templated":true}]}}