{"id":2450,"date":"2020-09-28T10:24:47","date_gmt":"2020-09-28T13:24:47","guid":{"rendered":"http:\/\/fmtinkunaco.com.ar\/?p=2450"},"modified":"2020-09-28T10:24:47","modified_gmt":"2020-09-28T13:24:47","slug":"panuelazo-en-jose-c-paz-28-s-nuestros-derechos-no-estan-en-cuarentena","status":"publish","type":"post","link":"https:\/\/fmtinkunaco.ar\/?p=2450","title":{"rendered":"Pa\u00f1uelazo en Jos\u00e9. C. Paz: 28 S &#8211; Nuestros derechos no est\u00e1n en cuarentena"},"content":{"rendered":"<p>La Campa\u00f1a Nacional por el Derecho al Aborto Legal, Seguro y Gratuito zona norte junto al Espacio de G\u00e9nero Integral de Jos\u00e9. C. Paz, convocan a un pa\u00f1uelazo hoy, lunes 28 de septiembre a las 11 de la ma\u00f1ana.<\/p>\n<p>Ambos espacios exigen:<\/p>\n<p>&#8211; Correcto funcionamiento del Consultorio ILE.<br \/>\n&#8211; Entrega de anticonceptivos gratuitos.<br \/>\n&#8211; Entrega de Misoprostol Gratuito.<br \/>\n&#8211; Ecograf\u00edas pre y post aborto gratuitas.<\/p>\n<p>En di\u00e1logo con el programa radial \u201cEncuentro con las Noticias\u201d, Claudia Ben\u00edtez, referente del Espacio de G\u00e9nero Integral, repas\u00f3 el trabajo que vienen haciendo desde el Espacio en el marco de la pandemia \u201cEn pandemia no solamente vinimos trabajando con violencia de g\u00e9nero, sino que tambi\u00e9n estuvimos garantizando un derecho como es la Interrupci\u00f3n Legal del Embarazo. (\u2026) Nosotros hace dos a\u00f1os que estamos garantizando este derecho, en Jos\u00e9. C. Paz\u201d.<\/p>\n<p>La convocatoria es a las 10.30 de la ma\u00f1ana y el pa\u00f1uelazo se realizar\u00e1 frente al Municipio de Jos\u00e9. C. Paz \u2013 Gaspar Campos y Coronel Arias).<\/p>\n<p>Compartimos entrevista completa<\/p>\n<p><a href=\"https:\/\/archive.org\/details\/audio-claudia-benitez-espacio-integral-25-09\">Descargar<\/a><\/p>\n<audio class=\"wp-audio-shortcode\" id=\"audio-2450-2\" preload=\"none\" style=\"width: 100%;\" controls=\"controls\"><source type=\"audio\/mpeg\" src=\"https:\/\/archive.org\/download\/audio-claudia-benitez-espacio-integral-25-09\/AUDIO%20-%20CLAUDIA%20BENITEZ%20%28ESPACIO%20INTEGRAL%29%2025%2009.mp3?_=2\" \/><a href=\"https:\/\/archive.org\/download\/audio-claudia-benitez-espacio-integral-25-09\/AUDIO%20-%20CLAUDIA%20BENITEZ%20%28ESPACIO%20INTEGRAL%29%2025%2009.mp3\">https:\/\/archive.org\/download\/audio-claudia-benitez-espacio-integral-25-09\/AUDIO%20-%20CLAUDIA%20BENITEZ%20%28ESPACIO%20INTEGRAL%29%2025%2009.mp3<\/a><\/audio>\n<div class=\"powerpress_player\" id=\"powerpress_player_3538\"><audio class=\"wp-audio-shortcode\" id=\"audio-2450-1\" preload=\"none\" style=\"width: 100%;\" controls=\"controls\"><source type=\"audio\/mpeg\" src=\"https:\/\/archive.org\/download\/audio-claudia-benitez-espacio-integral-25-09\/AUDIO%20-%20CLAUDIA%20BENITEZ%20%28ESPACIO%20INTEGRAL%29%2025%2009.mp3?_=1\" \/><a href=\"https:\/\/archive.org\/download\/audio-claudia-benitez-espacio-integral-25-09\/AUDIO%20-%20CLAUDIA%20BENITEZ%20%28ESPACIO%20INTEGRAL%29%2025%2009.mp3\">https:\/\/archive.org\/download\/audio-claudia-benitez-espacio-integral-25-09\/AUDIO%20-%20CLAUDIA%20BENITEZ%20%28ESPACIO%20INTEGRAL%29%2025%2009.mp3<\/a><\/audio><\/div><p class=\"powerpress_links powerpress_links_mp3\" style=\"margin-bottom: 1px !important;\">Podcast: <a href=\"https:\/\/archive.org\/download\/audio-claudia-benitez-espacio-integral-25-09\/AUDIO%20-%20CLAUDIA%20BENITEZ%20%28ESPACIO%20INTEGRAL%29%2025%2009.mp3\" class=\"powerpress_link_pinw\" target=\"_blank\" title=\"Reproducir en una nueva ventana\" onclick=\"return powerpress_pinw('https:\/\/fmtinkunaco.ar\/?powerpress_pinw=2450-podcast');\" rel=\"nofollow\">Reproducir en una nueva ventana<\/a> | <a href=\"https:\/\/archive.org\/download\/audio-claudia-benitez-espacio-integral-25-09\/AUDIO%20-%20CLAUDIA%20BENITEZ%20%28ESPACIO%20INTEGRAL%29%2025%2009.mp3\" class=\"powerpress_link_d\" title=\"Descargar\" rel=\"nofollow\" download=\"AUDIO%20-%20CLAUDIA%20BENITEZ%20%28ESPACIO%20INTEGRAL%29%2025%2009.mp3\">Descargar<\/a><\/p>","protected":false},"excerpt":{"rendered":"<p>La Campa\u00f1a Nacional por el Derecho al Aborto Legal, Seguro y Gratuito zona norte junto al Espacio de G\u00e9nero Integral de Jos\u00e9. C. Paz, convocan a un pa\u00f1uelazo hoy, lunes 28 de septiembre a las 11 de la ma\u00f1ana. Ambos espacios exigen: &#8211; Correcto funcionamiento del Consultorio ILE. &#8211; Entrega de anticonceptivos gratuitos. &#8211; Entrega [&hellip;]<\/p>\n","protected":false},"author":1,"featured_media":2451,"comment_status":"open","ping_status":"open","sticky":false,"template":"","format":"standard","meta":{"footnotes":""},"categories":[4,7],"tags":[74,194,337],"class_list":["post-2450","post","type-post","status-publish","format-standard","has-post-thumbnail","hentry","category-derechos-humanos","category-salud","tag-campana-nacional-por-el-derecho-al-aborto-legal","tag-espacio-de-genero-integral","tag-municipio-de-jose-c-paz"],"_links":{"self":[{"href":"https:\/\/fmtinkunaco.ar\/index.php?rest_route=\/wp\/v2\/posts\/2450","targetHints":{"allow":["GET"]}}],"collection":[{"href":"https:\/\/fmtinkunaco.ar\/index.php?rest_route=\/wp\/v2\/posts"}],"about":[{"href":"https:\/\/fmtinkunaco.ar\/index.php?rest_route=\/wp\/v2\/types\/post"}],"author":[{"embeddable":true,"href":"https:\/\/fmtinkunaco.ar\/index.php?rest_route=\/wp\/v2\/users\/1"}],"replies":[{"embeddable":true,"href":"https:\/\/fmtinkunaco.ar\/index.php?rest_route=%2Fwp%2Fv2%2Fcomments&post=2450"}],"version-history":[{"count":0,"href":"https:\/\/fmtinkunaco.ar\/index.php?rest_route=\/wp\/v2\/posts\/2450\/revisions"}],"wp:featuredmedia":[{"embeddable":true,"href":"https:\/\/fmtinkunaco.ar\/index.php?rest_route=\/"}],"wp:attachment":[{"href":"https:\/\/fmtinkunaco.ar\/index.php?rest_route=%2Fwp%2Fv2%2Fmedia&parent=2450"}],"wp:term":[{"taxonomy":"category","embeddable":true,"href":"https:\/\/fmtinkunaco.ar\/index.php?rest_route=%2Fwp%2Fv2%2Fcategories&post=2450"},{"taxonomy":"post_tag","embeddable":true,"href":"https:\/\/fmtinkunaco.ar\/index.php?rest_route=%2Fwp%2Fv2%2Ftags&post=2450"}],"curies":[{"name":"wp","href":"https:\/\/api.w.org\/{rel}","templated":true}]}}