{"id":2462,"date":"2020-10-01T10:36:04","date_gmt":"2020-10-01T13:36:04","guid":{"rendered":"http:\/\/fmtinkunaco.com.ar\/?p=2462"},"modified":"2020-10-01T10:36:04","modified_gmt":"2020-10-01T13:36:04","slug":"conversatorio-viviendo-creciendo-y-acompanando-en-estos-tiempos-las-huellas-de-la-pandemia","status":"publish","type":"post","link":"https:\/\/fmtinkunaco.ar\/?p=2462","title":{"rendered":"Conversatorio: \u201cviviendo, creciendo y acompa\u00f1ando en estos tiempos (las huellas de la pandemia)\u201d"},"content":{"rendered":"<p>Forum Infancias \u2013 Red Federal invita en el d\u00eda de hoy, a partir de las 19 hs, a participar del conversatorio \u201cViviendo, creciendo y acompa\u00f1ando en estos tiempos (las huellas de la pandemia)\u201d, la actividad es no arancelada y ser\u00e1 a trav\u00e9s de la plataforma zoom.<\/p>\n<p>En di\u00e1logo con el programa radial \u201cEncuentro con las Noticias\u201d, Beatriz Janin, Presidenta de Forum Infancias, se refiri\u00f3 al conversatorio, <em>\u201cLa idea es poder hablar, justamente, de que es lo que est\u00e1 ocurriendo con los ni\u00f1os, las ni\u00f1as y los adolescentes de hoy porque sabemos que estamos viviendo circunstancias totalmente at\u00edpicas y creo que es clar\u00edsimo, y cada vez m\u00e1s, y adem\u00e1s muchas veces las situaciones hist\u00f3ricas, sociales, etc son fuentes de bienestar o malestar. Ni\u00f1as, ni\u00f1os y adolescentes obviamente est\u00e1n sufriendo esta situaci\u00f3n\u201d<\/em>.<\/p>\n<p>Del conversatorio participaran Alicia Stolkiner, Dra en Psicolog\u00eda especializada; Vicky Cohen, Psiquiatra infanto juvenil y Beatriz Janin, Psic\u00f3loga.<\/p>\n<p>Compartimos la entrevista completa<\/p>\n<p><a href=\"https:\/\/archive.org\/details\/audio-beatriz-janin-forum-30-09\">Descargar<\/a><\/p>\n<audio class=\"wp-audio-shortcode\" id=\"audio-2462-2\" preload=\"none\" style=\"width: 100%;\" controls=\"controls\"><source type=\"audio\/mpeg\" src=\"https:\/\/archive.org\/download\/audio-beatriz-janin-forum-30-09\/AUDIO%20-%20BEATRIZ%20JANIN%20%28FORUM%29%2030%2009.mp3?_=2\" \/><a href=\"https:\/\/archive.org\/download\/audio-beatriz-janin-forum-30-09\/AUDIO%20-%20BEATRIZ%20JANIN%20%28FORUM%29%2030%2009.mp3\">https:\/\/archive.org\/download\/audio-beatriz-janin-forum-30-09\/AUDIO%20-%20BEATRIZ%20JANIN%20%28FORUM%29%2030%2009.mp3<\/a><\/audio>\n<div class=\"powerpress_player\" id=\"powerpress_player_1600\"><audio class=\"wp-audio-shortcode\" id=\"audio-2462-1\" preload=\"none\" style=\"width: 100%;\" controls=\"controls\"><source type=\"audio\/mpeg\" src=\"https:\/\/archive.org\/download\/audio-beatriz-janin-forum-30-09\/AUDIO%20-%20BEATRIZ%20JANIN%20%28FORUM%29%2030%2009.mp3?_=1\" \/><a href=\"https:\/\/archive.org\/download\/audio-beatriz-janin-forum-30-09\/AUDIO%20-%20BEATRIZ%20JANIN%20%28FORUM%29%2030%2009.mp3\">https:\/\/archive.org\/download\/audio-beatriz-janin-forum-30-09\/AUDIO%20-%20BEATRIZ%20JANIN%20%28FORUM%29%2030%2009.mp3<\/a><\/audio><\/div><p class=\"powerpress_links powerpress_links_mp3\" style=\"margin-bottom: 1px !important;\">Podcast: <a href=\"https:\/\/archive.org\/download\/audio-beatriz-janin-forum-30-09\/AUDIO%20-%20BEATRIZ%20JANIN%20%28FORUM%29%2030%2009.mp3\" class=\"powerpress_link_pinw\" target=\"_blank\" title=\"Reproducir en una nueva ventana\" onclick=\"return powerpress_pinw('https:\/\/fmtinkunaco.ar\/?powerpress_pinw=2462-podcast');\" rel=\"nofollow\">Reproducir en una nueva ventana<\/a> | <a href=\"https:\/\/archive.org\/download\/audio-beatriz-janin-forum-30-09\/AUDIO%20-%20BEATRIZ%20JANIN%20%28FORUM%29%2030%2009.mp3\" class=\"powerpress_link_d\" title=\"Descargar\" rel=\"nofollow\" download=\"AUDIO%20-%20BEATRIZ%20JANIN%20%28FORUM%29%2030%2009.mp3\">Descargar<\/a><\/p>","protected":false},"excerpt":{"rendered":"<p>Forum Infancias \u2013 Red Federal invita en el d\u00eda de hoy, a partir de las 19 hs, a participar del conversatorio \u201cViviendo, creciendo y acompa\u00f1ando en estos tiempos (las huellas de la pandemia)\u201d, la actividad es no arancelada y ser\u00e1 a trav\u00e9s de la plataforma zoom. En di\u00e1logo con el programa radial \u201cEncuentro con las [&hellip;]<\/p>\n","protected":false},"author":1,"featured_media":2463,"comment_status":"open","ping_status":"open","sticky":false,"template":"","format":"standard","meta":{"footnotes":""},"categories":[7],"tags":[220],"class_list":["post-2462","post","type-post","status-publish","format-standard","has-post-thumbnail","hentry","category-salud","tag-forum-infancias"],"_links":{"self":[{"href":"https:\/\/fmtinkunaco.ar\/index.php?rest_route=\/wp\/v2\/posts\/2462","targetHints":{"allow":["GET"]}}],"collection":[{"href":"https:\/\/fmtinkunaco.ar\/index.php?rest_route=\/wp\/v2\/posts"}],"about":[{"href":"https:\/\/fmtinkunaco.ar\/index.php?rest_route=\/wp\/v2\/types\/post"}],"author":[{"embeddable":true,"href":"https:\/\/fmtinkunaco.ar\/index.php?rest_route=\/wp\/v2\/users\/1"}],"replies":[{"embeddable":true,"href":"https:\/\/fmtinkunaco.ar\/index.php?rest_route=%2Fwp%2Fv2%2Fcomments&post=2462"}],"version-history":[{"count":0,"href":"https:\/\/fmtinkunaco.ar\/index.php?rest_route=\/wp\/v2\/posts\/2462\/revisions"}],"wp:featuredmedia":[{"embeddable":true,"href":"https:\/\/fmtinkunaco.ar\/index.php?rest_route=\/"}],"wp:attachment":[{"href":"https:\/\/fmtinkunaco.ar\/index.php?rest_route=%2Fwp%2Fv2%2Fmedia&parent=2462"}],"wp:term":[{"taxonomy":"category","embeddable":true,"href":"https:\/\/fmtinkunaco.ar\/index.php?rest_route=%2Fwp%2Fv2%2Fcategories&post=2462"},{"taxonomy":"post_tag","embeddable":true,"href":"https:\/\/fmtinkunaco.ar\/index.php?rest_route=%2Fwp%2Fv2%2Ftags&post=2462"}],"curies":[{"name":"wp","href":"https:\/\/api.w.org\/{rel}","templated":true}]}}