{"id":2465,"date":"2020-10-05T11:14:06","date_gmt":"2020-10-05T14:14:06","guid":{"rendered":"http:\/\/fmtinkunaco.com.ar\/?p=2465"},"modified":"2020-10-05T11:14:06","modified_gmt":"2020-10-05T14:14:06","slug":"hospital-mercante-manana-habra-corte-en-ruta-197-para-rechazar-el-7-de-aumento","status":"publish","type":"post","link":"https:\/\/fmtinkunaco.ar\/?p=2465","title":{"rendered":"Hospital Mercante: Ma\u00f1ana habr\u00e1 corte en ruta 197 para rechazar el 7% de aumento"},"content":{"rendered":"<p>Trabajadores y trabajadoras el Hospital Mercante, de Jos\u00e9. C. Paz convocan a una concentraci\u00f3n y corte de ruta para rechazar el aumento del gobierno de la provincia de un 7%, exigen un sueldo igualado a la canasta b\u00e1sica.<\/p>\n<p>En di\u00e1logo con el programa radial \u201cEncuentro con las Noticias\u201d, Paola Trejo, trabajadora del Hospital Mercante, se refiri\u00f3 a la situaci\u00f3n, <em>\u201cEl problema m\u00e1s que nada ahora es el tema del salario porque nos han ofrecido un 15% en 4 cuotas, sabiendo que la canasta familiar y la inflaci\u00f3n est\u00e1 por arriba del 35% y obviamente, nosotros como delegados junto con los trabajadores vamos a salir a rechazar este m\u00edsero aumento salarial. Es de un 7% en una sola cuota, anteriormente hab\u00edan ofrecido un 15% en cuatro cuotas pero con la inflaci\u00f3n que hay este porcentaje ya ha sido totalmente consumido por la inflaci\u00f3n\u201d<\/em>.<\/p>\n<p>Trejo, adem\u00e1s enumero todos los reclamos <em>\u201cNo solamente el reclamo son los salarios, tambi\u00e9n necesitamos que nos den las licencias, las vacaciones, porque hay muchos compa\u00f1eros que la mayor\u00eda, por lo menos el 80% de los enfermeros tienen dos trabajos, o son docentes o trabajan en una cl\u00ednica y est\u00e1n 18, 20 horas fuera de sus hogares d\u00eda por medio\u201d<\/em>.<\/p>\n<p>La convocatoria es para ma\u00f1ana, martes 6 de octubre a las 10hs, en las puertas del Hospital Mercante con posterior corte en ruta 197.<\/p>\n<p>Compartimos la entrevista completa<\/p>\n<p><a href=\"https:\/\/archive.org\/details\/audio-paola-trejo-05-10\">Descargar<\/a><\/p>\n<audio class=\"wp-audio-shortcode\" id=\"audio-2465-2\" preload=\"none\" style=\"width: 100%;\" controls=\"controls\"><source type=\"audio\/mpeg\" src=\"https:\/\/archive.org\/download\/audio-paola-trejo-05-10\/AUDIO%20-%20PAOLA%20TREJO%2005%2010%20.mp3?_=2\" \/><a href=\"https:\/\/archive.org\/download\/audio-paola-trejo-05-10\/AUDIO%20-%20PAOLA%20TREJO%2005%2010%20.mp3\">https:\/\/archive.org\/download\/audio-paola-trejo-05-10\/AUDIO%20-%20PAOLA%20TREJO%2005%2010%20.mp3<\/a><\/audio>\n<p>&nbsp;<\/p>\n<div class=\"powerpress_player\" id=\"powerpress_player_8942\"><audio class=\"wp-audio-shortcode\" id=\"audio-2465-1\" preload=\"none\" style=\"width: 100%;\" controls=\"controls\"><source type=\"audio\/mpeg\" src=\"https:\/\/archive.org\/download\/audio-paola-trejo-05-10\/AUDIO%20-%20PAOLA%20TREJO%2005%2010%20.mp3?_=1\" \/><a href=\"https:\/\/archive.org\/download\/audio-paola-trejo-05-10\/AUDIO%20-%20PAOLA%20TREJO%2005%2010%20.mp3\">https:\/\/archive.org\/download\/audio-paola-trejo-05-10\/AUDIO%20-%20PAOLA%20TREJO%2005%2010%20.mp3<\/a><\/audio><\/div><p class=\"powerpress_links powerpress_links_mp3\" style=\"margin-bottom: 1px !important;\">Podcast: <a href=\"https:\/\/archive.org\/download\/audio-paola-trejo-05-10\/AUDIO%20-%20PAOLA%20TREJO%2005%2010%20.mp3\" class=\"powerpress_link_pinw\" target=\"_blank\" title=\"Reproducir en una nueva ventana\" onclick=\"return powerpress_pinw('https:\/\/fmtinkunaco.ar\/?powerpress_pinw=2465-podcast');\" rel=\"nofollow\">Reproducir en una nueva ventana<\/a> | <a href=\"https:\/\/archive.org\/download\/audio-paola-trejo-05-10\/AUDIO%20-%20PAOLA%20TREJO%2005%2010%20.mp3\" class=\"powerpress_link_d\" title=\"Descargar\" rel=\"nofollow\" download=\"AUDIO%20-%20PAOLA%20TREJO%2005%2010%20.mp3\">Descargar<\/a><\/p>","protected":false},"excerpt":{"rendered":"<p>Trabajadores y trabajadoras el Hospital Mercante, de Jos\u00e9. C. Paz convocan a una concentraci\u00f3n y corte de ruta para rechazar el aumento del gobierno de la provincia de un 7%, exigen un sueldo igualado a la canasta b\u00e1sica. En di\u00e1logo con el programa radial \u201cEncuentro con las Noticias\u201d, Paola Trejo, trabajadora del Hospital Mercante, se [&hellip;]<\/p>\n","protected":false},"author":1,"featured_media":2466,"comment_status":"open","ping_status":"open","sticky":false,"template":"","format":"standard","meta":{"footnotes":""},"categories":[7],"tags":[245,337,484],"class_list":["post-2465","post","type-post","status-publish","format-standard","has-post-thumbnail","hentry","category-salud","tag-hospital-mercante","tag-municipio-de-jose-c-paz","tag-trabajadorxs-de-la-salud"],"_links":{"self":[{"href":"https:\/\/fmtinkunaco.ar\/index.php?rest_route=\/wp\/v2\/posts\/2465","targetHints":{"allow":["GET"]}}],"collection":[{"href":"https:\/\/fmtinkunaco.ar\/index.php?rest_route=\/wp\/v2\/posts"}],"about":[{"href":"https:\/\/fmtinkunaco.ar\/index.php?rest_route=\/wp\/v2\/types\/post"}],"author":[{"embeddable":true,"href":"https:\/\/fmtinkunaco.ar\/index.php?rest_route=\/wp\/v2\/users\/1"}],"replies":[{"embeddable":true,"href":"https:\/\/fmtinkunaco.ar\/index.php?rest_route=%2Fwp%2Fv2%2Fcomments&post=2465"}],"version-history":[{"count":0,"href":"https:\/\/fmtinkunaco.ar\/index.php?rest_route=\/wp\/v2\/posts\/2465\/revisions"}],"wp:featuredmedia":[{"embeddable":true,"href":"https:\/\/fmtinkunaco.ar\/index.php?rest_route=\/"}],"wp:attachment":[{"href":"https:\/\/fmtinkunaco.ar\/index.php?rest_route=%2Fwp%2Fv2%2Fmedia&parent=2465"}],"wp:term":[{"taxonomy":"category","embeddable":true,"href":"https:\/\/fmtinkunaco.ar\/index.php?rest_route=%2Fwp%2Fv2%2Fcategories&post=2465"},{"taxonomy":"post_tag","embeddable":true,"href":"https:\/\/fmtinkunaco.ar\/index.php?rest_route=%2Fwp%2Fv2%2Ftags&post=2465"}],"curies":[{"name":"wp","href":"https:\/\/api.w.org\/{rel}","templated":true}]}}