{"id":2472,"date":"2020-10-08T10:26:15","date_gmt":"2020-10-08T13:26:15","guid":{"rendered":"http:\/\/fmtinkunaco.com.ar\/?p=2472"},"modified":"2020-10-08T10:26:15","modified_gmt":"2020-10-08T13:26:15","slug":"la-asociacion-judicial-bonaerense-rechaza-la-propuesta-paritaria-por-insuficiente","status":"publish","type":"post","link":"https:\/\/fmtinkunaco.ar\/?p=2472","title":{"rendered":"La Asociaci\u00f3n Judicial Bonaerense rechaza la propuesta paritaria por insuficiente"},"content":{"rendered":"<p>En la reuni\u00f3n paritaria llevada a cabo el d\u00eda 6 de octubre, el Ejecutivo provincial realiz\u00f3 una propuesta salarial para las y los trabajadores judiciales, la misma fue considerada insuficiente por las y los representantes de la Asociaci\u00f3n Judicial Bonaerense \u00a0(AJB).<\/p>\n<p>La oferta realizada por el Ejecutivo consisti\u00f3 en un 8,5% de incremento sobre los salarios de septiembre y un 3,5% sobre los salarios de octubre, lo que representa incrementos anuales acumulados del 17,5% y 21%, respectivamente, calculados sobre los salarios de diciembre de 2019. Adem\u00e1s, se propone una cl\u00e1usula de revisi\u00f3n para el mes de diciembre de 2020.<\/p>\n<p>La AJB expres\u00f3 que los porcentajes ofrecidos quedan muy debajo de la inflaci\u00f3n proyectada para los meses de septiembre y octubre, y \u00a0sostuvo que el incremento debe incluir una previsi\u00f3n de aumentos para los \u00faltimos dos meses del a\u00f1o, con una revisi\u00f3n en el mes de diciembre.<\/p>\n<p>En di\u00e1logo con el programa radial \u201cEncuentro con las Noticias\u201d, Carlos Ariel Gil, Secretario General de la Asociaci\u00f3n Judicial Bonaerense de San Mart\u00edn, se refiri\u00f3 a la situaci\u00f3n actual <em>\u201cNosotros a diferencia de otros poderes judiciales que fueron m\u00e1s visibilizados por los medios de comunicaci\u00f3n, nunca detuvimos el trabajo los judiciales de la provincia de Buenos Aires. Un tercio del personal est\u00e1 trabajando presencialmente, o sea hay guardias m\u00ednimas presenciales en todos los juzgados, fiscal\u00edas, en los organismos para la atenci\u00f3n de las cuestiones urgentes y despu\u00e9s dos tercios de los trabajadores se encuentran trabajando desde la casa por teletrabajo; ah\u00ed tambi\u00e9n lo que hay que decir es que, lamentablemente, \u00a0la Corte de la provincia no aporto nada para realizar esa situaci\u00f3n y todo lo aportaron los trabajadores. La forma de trabajo es a trav\u00e9s de los equipos personales de nuestros compa\u00f1eros y compa\u00f1eras, tel\u00e9fonos personales y la Corte no reconoci\u00f3 esa situaci\u00f3n y a pesar de eso el Poder Judicial se mantuvo activo gracias a los trabajadores y trabajadoras\u201d<\/em>.<\/p>\n<p>Gil, adem\u00e1s se refiri\u00f3 al estado del salario, <em>\u201cEstamos realmente lejos de la canasta b\u00e1sica, nosotros venimos de dos a\u00f1os \u2013 2018 y 2019 \u2013 de mucha perdida lamentablemente. El gobierno de Vidal, los \u00faltimos dos a\u00f1os, pr\u00e1cticamente no nos atendi\u00f3, ten\u00edamos reuniones muy espor\u00e1dicas, como mucho una por a\u00f1o en la que nos daba una oferta irrisoria y que obviamente era rechazada porque estaba muy por debajo de la inflaci\u00f3n y esos aumentos se iban poniendo por decreto, lo que termino pasando es que en 2018 y 2019 terminamos con alrededor de 35 %, 38% de p\u00e9rdida en el poder adquisitivo. En la actualidad, con este nuevo gobierno, hemos tenido reuniones, esa situaci\u00f3n ha cambiado mucho, tenemos reuniones, tenemos dialogo y hemos llegado a alg\u00fan acuerdo en el primer trimestre y cuando se desarrollo la pandemia ten\u00edamos una reuni\u00f3n prevista para mayo, no se cumpli\u00f3, y nos terminamos yendo a octubre hasta estos d\u00edas. Esta semana se hizo una oferta que fue rechazada porque no llega a cubrir la inflaci\u00f3n de este a\u00f1o\u201d<\/em>.<\/p>\n<p>Ante el rechazo de la oferta salarial, se acord\u00f3 pasar a un cuarto intermedio para el pr\u00f3ximo martes 13 de octubre<\/p>\n<p>Compartimos la entrevista completa<\/p>\n<p><a href=\"https:\/\/archive.org\/details\/audio-carlos-ariel-gil-abj-08-10\">Descargar<\/a><\/p>\n<audio class=\"wp-audio-shortcode\" id=\"audio-2472-2\" preload=\"none\" style=\"width: 100%;\" controls=\"controls\"><source type=\"audio\/mpeg\" src=\"https:\/\/archive.org\/download\/audio-carlos-ariel-gil-abj-08-10\/AUDIO%20-%20CARLOS%20ARIEL%20GIL%20%28ABJ%29%2008%2010.mp3?_=2\" \/><a href=\"https:\/\/archive.org\/download\/audio-carlos-ariel-gil-abj-08-10\/AUDIO%20-%20CARLOS%20ARIEL%20GIL%20%28ABJ%29%2008%2010.mp3\">https:\/\/archive.org\/download\/audio-carlos-ariel-gil-abj-08-10\/AUDIO%20-%20CARLOS%20ARIEL%20GIL%20%28ABJ%29%2008%2010.mp3<\/a><\/audio>\n<div class=\"powerpress_player\" id=\"powerpress_player_6738\"><audio class=\"wp-audio-shortcode\" id=\"audio-2472-1\" preload=\"none\" style=\"width: 100%;\" controls=\"controls\"><source type=\"audio\/mpeg\" src=\"https:\/\/archive.org\/download\/audio-carlos-ariel-gil-abj-08-10\/AUDIO%20-%20CARLOS%20ARIEL%20GIL%20%28ABJ%29%2008%2010.mp3?_=1\" \/><a href=\"https:\/\/archive.org\/download\/audio-carlos-ariel-gil-abj-08-10\/AUDIO%20-%20CARLOS%20ARIEL%20GIL%20%28ABJ%29%2008%2010.mp3\">https:\/\/archive.org\/download\/audio-carlos-ariel-gil-abj-08-10\/AUDIO%20-%20CARLOS%20ARIEL%20GIL%20%28ABJ%29%2008%2010.mp3<\/a><\/audio><\/div><p class=\"powerpress_links powerpress_links_mp3\" style=\"margin-bottom: 1px !important;\">Podcast: <a href=\"https:\/\/archive.org\/download\/audio-carlos-ariel-gil-abj-08-10\/AUDIO%20-%20CARLOS%20ARIEL%20GIL%20%28ABJ%29%2008%2010.mp3\" class=\"powerpress_link_pinw\" target=\"_blank\" title=\"Reproducir en una nueva ventana\" onclick=\"return powerpress_pinw('https:\/\/fmtinkunaco.ar\/?powerpress_pinw=2472-podcast');\" rel=\"nofollow\">Reproducir en una nueva ventana<\/a> | <a href=\"https:\/\/archive.org\/download\/audio-carlos-ariel-gil-abj-08-10\/AUDIO%20-%20CARLOS%20ARIEL%20GIL%20%28ABJ%29%2008%2010.mp3\" class=\"powerpress_link_d\" title=\"Descargar\" rel=\"nofollow\" download=\"AUDIO%20-%20CARLOS%20ARIEL%20GIL%20%28ABJ%29%2008%2010.mp3\">Descargar<\/a><\/p>","protected":false},"excerpt":{"rendered":"<p>En la reuni\u00f3n paritaria llevada a cabo el d\u00eda 6 de octubre, el Ejecutivo provincial realiz\u00f3 una propuesta salarial para las y los trabajadores judiciales, la misma fue considerada insuficiente por las y los representantes de la Asociaci\u00f3n Judicial Bonaerense \u00a0(AJB). La oferta realizada por el Ejecutivo consisti\u00f3 en un 8,5% de incremento sobre los [&hellip;]<\/p>\n","protected":false},"author":1,"featured_media":2473,"comment_status":"open","ping_status":"open","sticky":false,"template":"","format":"standard","meta":{"footnotes":""},"categories":[9],"tags":[268,271,379,480],"class_list":["post-2472","post","type-post","status-publish","format-standard","has-post-thumbnail","hentry","category-sociedad","tag-justicia","tag-la-asociacion-judicial-bonaerense","tag-paritarias","tag-trabajadores-estatales"],"_links":{"self":[{"href":"https:\/\/fmtinkunaco.ar\/index.php?rest_route=\/wp\/v2\/posts\/2472","targetHints":{"allow":["GET"]}}],"collection":[{"href":"https:\/\/fmtinkunaco.ar\/index.php?rest_route=\/wp\/v2\/posts"}],"about":[{"href":"https:\/\/fmtinkunaco.ar\/index.php?rest_route=\/wp\/v2\/types\/post"}],"author":[{"embeddable":true,"href":"https:\/\/fmtinkunaco.ar\/index.php?rest_route=\/wp\/v2\/users\/1"}],"replies":[{"embeddable":true,"href":"https:\/\/fmtinkunaco.ar\/index.php?rest_route=%2Fwp%2Fv2%2Fcomments&post=2472"}],"version-history":[{"count":0,"href":"https:\/\/fmtinkunaco.ar\/index.php?rest_route=\/wp\/v2\/posts\/2472\/revisions"}],"wp:featuredmedia":[{"embeddable":true,"href":"https:\/\/fmtinkunaco.ar\/index.php?rest_route=\/"}],"wp:attachment":[{"href":"https:\/\/fmtinkunaco.ar\/index.php?rest_route=%2Fwp%2Fv2%2Fmedia&parent=2472"}],"wp:term":[{"taxonomy":"category","embeddable":true,"href":"https:\/\/fmtinkunaco.ar\/index.php?rest_route=%2Fwp%2Fv2%2Fcategories&post=2472"},{"taxonomy":"post_tag","embeddable":true,"href":"https:\/\/fmtinkunaco.ar\/index.php?rest_route=%2Fwp%2Fv2%2Ftags&post=2472"}],"curies":[{"name":"wp","href":"https:\/\/api.w.org\/{rel}","templated":true}]}}