{"id":2475,"date":"2020-10-08T10:59:41","date_gmt":"2020-10-08T13:59:41","guid":{"rendered":"http:\/\/fmtinkunaco.com.ar\/?p=2475"},"modified":"2020-10-08T10:59:41","modified_gmt":"2020-10-08T13:59:41","slug":"pilar-el-sector-cultural-esta-en-emergencia","status":"publish","type":"post","link":"https:\/\/fmtinkunaco.ar\/?p=2475","title":{"rendered":"Pilar: El sector cultural esta en emergencia"},"content":{"rendered":"<p>Cultura en Red Pilar es un colectivo de trabajadores y trabajadoras del arte y la cultura de Pilar, m\u00fasica, danza, teatro, t\u00edteres, t\u00e9cnicos, gestores culturales, entre otros.<br \/>\nY se unieron y organizaron para decir no a la precarizaci\u00f3n del sector cultural.<\/p>\n<p>En di\u00e1logo con el programa radial \u201cEncuentro con las Noticias\u201d, Fabio Buchan\u00e1n, integrante de Cultura en Red Pilar, se refiri\u00f3 al surgimiento del espacio, <em>\u201cEstamos en situaci\u00f3n similar, b\u00e1sicamente, en todo el pa\u00eds; desde ya lo que es la provincia de Buenos Aires que aglutina la mayor cantidad de gente por lo menos en la parte del conurbano y capital federal, se nota quiz\u00e1s un poco m\u00e1s. Ac\u00e1 particularmente en Pilar es como un universo bastante extra\u00f1o, en el sentido de que entre espacios del mismo rubro no hemos sido muy colaborativos entre nosotros entonces desde ese lado fue muy dif\u00edcil en estos \u00faltimos a\u00f1os armar cosas en conjunto. (\u2026) Desde el principio de la cuarentena arrancamos reuni\u00e9ndonos en un principio con espacios culturales, en paralelo tambi\u00e9n se fue armando una movida para aglutinar a los trabajadores y trabajadoras del arte y la cultura de Pilar\u201d<\/em>.<\/p>\n<p>Hace dos semanas, se realiz\u00f3 la primer asamblea del espacio y el pr\u00f3ximo viernes se realiza la segunda, de cara a la presentaci\u00f3n de la ordenanza, as\u00ed lo explic\u00f3, Buchan\u00e1n, <em>\u201cVamos a discutir la ordenanza, que la idea es presentarla la semana que viene y despu\u00e9s tenemos un par de cosas m\u00e1s como la declaraci\u00f3n de la emergencia cultural, que ya la estamos difundiendo y tenemos un temita con las fiestas patronales de Pilar, hab\u00edamos dialogado con la Subsecretaria de cultura y hab\u00edan dicho que iban a contratar a artistas locales, a visibilizar artistas locales y la realidad es que ahora salieron las patronales y no hay ning\u00fan artista local, hasta donde nosotros sabemos por lo menos\u201d<\/em>.<\/p>\n<p>El espacio exige y solicita, que frente a este estado de emergencia, intervengan las autoridades locales en solucionar esta situaci\u00f3n con medidas concretas y efectivas.<\/p>\n<p>S\u00ed te queres sumar y participar de la asamblea el pr\u00f3ximo viernes 9 de octubre, a las 19 hs, podes buscar m\u00e1s informaci\u00f3n en su face Cultura en Red Pilar.<\/p>\n<p>Compartimos la entrevista completa<\/p>\n<p><a href=\"https:\/\/archive.org\/details\/audio-fabio-buchanan-cultura-pilar-08-10\">Descargar<\/a><\/p>\n<audio class=\"wp-audio-shortcode\" id=\"audio-2475-2\" preload=\"none\" style=\"width: 100%;\" controls=\"controls\"><source type=\"audio\/mpeg\" src=\"https:\/\/archive.org\/download\/audio-fabio-buchanan-cultura-pilar-08-10\/AUDIO%20-%20FABIO%20BUCHANAN%20%28CULTURA%20PILAR%29%2008%2010%20.mp3?_=2\" \/><a href=\"https:\/\/archive.org\/download\/audio-fabio-buchanan-cultura-pilar-08-10\/AUDIO%20-%20FABIO%20BUCHANAN%20%28CULTURA%20PILAR%29%2008%2010%20.mp3\">https:\/\/archive.org\/download\/audio-fabio-buchanan-cultura-pilar-08-10\/AUDIO%20-%20FABIO%20BUCHANAN%20%28CULTURA%20PILAR%29%2008%2010%20.mp3<\/a><\/audio>\n<div class=\"powerpress_player\" id=\"powerpress_player_8367\"><audio class=\"wp-audio-shortcode\" id=\"audio-2475-1\" preload=\"none\" style=\"width: 100%;\" controls=\"controls\"><source type=\"audio\/mpeg\" src=\"https:\/\/archive.org\/download\/audio-fabio-buchanan-cultura-pilar-08-10\/AUDIO%20-%20FABIO%20BUCHANAN%20%28CULTURA%20PILAR%29%2008%2010%20.mp3?_=1\" \/><a href=\"https:\/\/archive.org\/download\/audio-fabio-buchanan-cultura-pilar-08-10\/AUDIO%20-%20FABIO%20BUCHANAN%20%28CULTURA%20PILAR%29%2008%2010%20.mp3\">https:\/\/archive.org\/download\/audio-fabio-buchanan-cultura-pilar-08-10\/AUDIO%20-%20FABIO%20BUCHANAN%20%28CULTURA%20PILAR%29%2008%2010%20.mp3<\/a><\/audio><\/div><p class=\"powerpress_links powerpress_links_mp3\" style=\"margin-bottom: 1px !important;\">Podcast: <a href=\"https:\/\/archive.org\/download\/audio-fabio-buchanan-cultura-pilar-08-10\/AUDIO%20-%20FABIO%20BUCHANAN%20%28CULTURA%20PILAR%29%2008%2010%20.mp3\" class=\"powerpress_link_pinw\" target=\"_blank\" title=\"Reproducir en una nueva ventana\" onclick=\"return powerpress_pinw('https:\/\/fmtinkunaco.ar\/?powerpress_pinw=2475-podcast');\" rel=\"nofollow\">Reproducir en una nueva ventana<\/a> | <a href=\"https:\/\/archive.org\/download\/audio-fabio-buchanan-cultura-pilar-08-10\/AUDIO%20-%20FABIO%20BUCHANAN%20%28CULTURA%20PILAR%29%2008%2010%20.mp3\" class=\"powerpress_link_d\" title=\"Descargar\" rel=\"nofollow\" download=\"AUDIO%20-%20FABIO%20BUCHANAN%20%28CULTURA%20PILAR%29%2008%2010%20.mp3\">Descargar<\/a><\/p>","protected":false},"excerpt":{"rendered":"<p>Cultura en Red Pilar es un colectivo de trabajadores y trabajadoras del arte y la cultura de Pilar, m\u00fasica, danza, teatro, t\u00edteres, t\u00e9cnicos, gestores culturales, entre otros. Y se unieron y organizaron para decir no a la precarizaci\u00f3n del sector cultural. En di\u00e1logo con el programa radial \u201cEncuentro con las Noticias\u201d, Fabio Buchan\u00e1n, integrante de [&hellip;]<\/p>\n","protected":false},"author":1,"featured_media":2476,"comment_status":"open","ping_status":"open","sticky":false,"template":"","format":"standard","meta":{"footnotes":""},"categories":[3],"tags":[143,144,184,340],"class_list":["post-2475","post","type-post","status-publish","format-standard","has-post-thumbnail","hentry","category-cultura","tag-cultura","tag-cultura-en-red-pilar","tag-emergencia-cultural","tag-municipio-de-pilar"],"_links":{"self":[{"href":"https:\/\/fmtinkunaco.ar\/index.php?rest_route=\/wp\/v2\/posts\/2475","targetHints":{"allow":["GET"]}}],"collection":[{"href":"https:\/\/fmtinkunaco.ar\/index.php?rest_route=\/wp\/v2\/posts"}],"about":[{"href":"https:\/\/fmtinkunaco.ar\/index.php?rest_route=\/wp\/v2\/types\/post"}],"author":[{"embeddable":true,"href":"https:\/\/fmtinkunaco.ar\/index.php?rest_route=\/wp\/v2\/users\/1"}],"replies":[{"embeddable":true,"href":"https:\/\/fmtinkunaco.ar\/index.php?rest_route=%2Fwp%2Fv2%2Fcomments&post=2475"}],"version-history":[{"count":0,"href":"https:\/\/fmtinkunaco.ar\/index.php?rest_route=\/wp\/v2\/posts\/2475\/revisions"}],"wp:featuredmedia":[{"embeddable":true,"href":"https:\/\/fmtinkunaco.ar\/index.php?rest_route=\/"}],"wp:attachment":[{"href":"https:\/\/fmtinkunaco.ar\/index.php?rest_route=%2Fwp%2Fv2%2Fmedia&parent=2475"}],"wp:term":[{"taxonomy":"category","embeddable":true,"href":"https:\/\/fmtinkunaco.ar\/index.php?rest_route=%2Fwp%2Fv2%2Fcategories&post=2475"},{"taxonomy":"post_tag","embeddable":true,"href":"https:\/\/fmtinkunaco.ar\/index.php?rest_route=%2Fwp%2Fv2%2Ftags&post=2475"}],"curies":[{"name":"wp","href":"https:\/\/api.w.org\/{rel}","templated":true}]}}