{"id":2478,"date":"2020-10-14T10:48:09","date_gmt":"2020-10-14T13:48:09","guid":{"rendered":"http:\/\/fmtinkunaco.com.ar\/?p=2478"},"modified":"2020-10-14T10:48:09","modified_gmt":"2020-10-14T13:48:09","slug":"salud-jueves-15-de-octubre-jornada-de-lucha-de-cicop","status":"publish","type":"post","link":"https:\/\/fmtinkunaco.ar\/?p=2478","title":{"rendered":"Salud: Jueves 15 de octubre jornada de lucha de CICOP"},"content":{"rendered":"<p>Ma\u00f1ana, jueves 15 de octubre, la Asociaci\u00f3n Sindical de Profesionales de la Salud de la Provincia de Buenos Aires convoca a una jornada de lucha en hospitales y centros de salud.<\/p>\n<p>Los principales reclamos son:<\/p>\n<p>&#8211; Aumento salarial actualizado por la inflaci\u00f3n.<br \/>\n&#8211; Nombramientos y regularizaci\u00f3n de la Carrera.<br \/>\n&#8211; Licencias grupos de riesgo y \u00fanicxs cuidadorxs.<br \/>\n&#8211; Licencias regulares para todxs.<br \/>\n&#8211; Presupuesto de emergencia.<\/p>\n<p>En di\u00e1logo con el programa radial \u201cEncuentro con las Noticias\u201d, Raquel Ortolani, Titular de CICOP Hospital Mercante, se refiri\u00f3 a la situaci\u00f3n actual de los trabajadores de la salud, \u201cEstamos padeciendo, los trabajadores de la salud, una sobrecarga muy desgastante porque estamos realmente con muy poco personal\u00a0 dado que hay una enorme proporci\u00f3n de contagiados y contagiadas, los nombramientos son insuficientes con salarios muy bajos que no atraen al personal hacia el Estado, es preferible trabajar en privado que en el Estado porque nuestros sueldos han quedado por el piso. O sea somos esenciales para trabajar pero somos descartables para el sueldo, para el salario, para los aumentos, para el reconocimiento de enfermer\u00eda como profesionales de la salud\u201d.<\/p>\n<p>Ortolani, adem\u00e1s remarc\u00f3, \u201cS\u00ed bien nos van a recibir el lunes 19 a CICOP en una reuni\u00f3n paritaria, queremos manifestar toda nuestra protesta porque estamos padeciendo mucha injusticia. (&#8230;) el conjunto de participantes en la manifestaci\u00f3n de ma\u00f1ana est\u00e1 de acuerdo, vamos a hacer un abrazo al hospital, vamos a marchar alrededor del hospital para darle mayor visibilidad a nuestros reclamos\u201d.<\/p>\n<p>La convocatoria es ma\u00f1ana, jueves 15 de octubre, a las 11 de la ma\u00f1ana en las puertas del Hospital Mercante.<\/p>\n<p>Compartimos la entrevista completa<\/p>\n<p><a href=\"https:\/\/archive.org\/details\/audio-raquel-ortolani-cicop-mercante-14-10-2020\">Descargar<\/a><\/p>\n<audio class=\"wp-audio-shortcode\" id=\"audio-2478-2\" preload=\"none\" style=\"width: 100%;\" controls=\"controls\"><source type=\"audio\/mpeg\" src=\"https:\/\/archive.org\/download\/audio-raquel-ortolani-cicop-mercante-14-10-2020\/AUDIO%20-%20RAQUEL%20ORTOLANI%20%28CICOP%20MERCANTE%29%2014%2010%202020.mp3?_=2\" \/><a href=\"https:\/\/archive.org\/download\/audio-raquel-ortolani-cicop-mercante-14-10-2020\/AUDIO%20-%20RAQUEL%20ORTOLANI%20%28CICOP%20MERCANTE%29%2014%2010%202020.mp3\">https:\/\/archive.org\/download\/audio-raquel-ortolani-cicop-mercante-14-10-2020\/AUDIO%20-%20RAQUEL%20ORTOLANI%20%28CICOP%20MERCANTE%29%2014%2010%202020.mp3<\/a><\/audio>\n<div class=\"powerpress_player\" id=\"powerpress_player_3616\"><audio class=\"wp-audio-shortcode\" id=\"audio-2478-1\" preload=\"none\" style=\"width: 100%;\" controls=\"controls\"><source type=\"audio\/mpeg\" src=\"https:\/\/archive.org\/download\/audio-raquel-ortolani-cicop-mercante-14-10-2020\/AUDIO%20-%20RAQUEL%20ORTOLANI%20%28CICOP%20MERCANTE%29%2014%2010%202020.mp3?_=1\" \/><a href=\"https:\/\/archive.org\/download\/audio-raquel-ortolani-cicop-mercante-14-10-2020\/AUDIO%20-%20RAQUEL%20ORTOLANI%20%28CICOP%20MERCANTE%29%2014%2010%202020.mp3\">https:\/\/archive.org\/download\/audio-raquel-ortolani-cicop-mercante-14-10-2020\/AUDIO%20-%20RAQUEL%20ORTOLANI%20%28CICOP%20MERCANTE%29%2014%2010%202020.mp3<\/a><\/audio><\/div><p class=\"powerpress_links powerpress_links_mp3\" style=\"margin-bottom: 1px !important;\">Podcast: <a href=\"https:\/\/archive.org\/download\/audio-raquel-ortolani-cicop-mercante-14-10-2020\/AUDIO%20-%20RAQUEL%20ORTOLANI%20%28CICOP%20MERCANTE%29%2014%2010%202020.mp3\" class=\"powerpress_link_pinw\" target=\"_blank\" title=\"Reproducir en una nueva ventana\" onclick=\"return powerpress_pinw('https:\/\/fmtinkunaco.ar\/?powerpress_pinw=2478-podcast');\" rel=\"nofollow\">Reproducir en una nueva ventana<\/a> | <a href=\"https:\/\/archive.org\/download\/audio-raquel-ortolani-cicop-mercante-14-10-2020\/AUDIO%20-%20RAQUEL%20ORTOLANI%20%28CICOP%20MERCANTE%29%2014%2010%202020.mp3\" class=\"powerpress_link_d\" title=\"Descargar\" rel=\"nofollow\" download=\"AUDIO%20-%20RAQUEL%20ORTOLANI%20%28CICOP%20MERCANTE%29%2014%2010%202020.mp3\">Descargar<\/a><\/p>","protected":false},"excerpt":{"rendered":"<p>Ma\u00f1ana, jueves 15 de octubre, la Asociaci\u00f3n Sindical de Profesionales de la Salud de la Provincia de Buenos Aires convoca a una jornada de lucha en hospitales y centros de salud. Los principales reclamos son: &#8211; Aumento salarial actualizado por la inflaci\u00f3n. &#8211; Nombramientos y regularizaci\u00f3n de la Carrera. &#8211; Licencias grupos de riesgo y [&hellip;]<\/p>\n","protected":false},"author":1,"featured_media":2479,"comment_status":"open","ping_status":"open","sticky":false,"template":"","format":"standard","meta":{"footnotes":""},"categories":[7],"tags":[109,264],"class_list":["post-2478","post","type-post","status-publish","format-standard","has-post-thumbnail","hentry","category-salud","tag-cicop","tag-jornada-nacional-de-lucha"],"_links":{"self":[{"href":"https:\/\/fmtinkunaco.ar\/index.php?rest_route=\/wp\/v2\/posts\/2478","targetHints":{"allow":["GET"]}}],"collection":[{"href":"https:\/\/fmtinkunaco.ar\/index.php?rest_route=\/wp\/v2\/posts"}],"about":[{"href":"https:\/\/fmtinkunaco.ar\/index.php?rest_route=\/wp\/v2\/types\/post"}],"author":[{"embeddable":true,"href":"https:\/\/fmtinkunaco.ar\/index.php?rest_route=\/wp\/v2\/users\/1"}],"replies":[{"embeddable":true,"href":"https:\/\/fmtinkunaco.ar\/index.php?rest_route=%2Fwp%2Fv2%2Fcomments&post=2478"}],"version-history":[{"count":0,"href":"https:\/\/fmtinkunaco.ar\/index.php?rest_route=\/wp\/v2\/posts\/2478\/revisions"}],"wp:featuredmedia":[{"embeddable":true,"href":"https:\/\/fmtinkunaco.ar\/index.php?rest_route=\/"}],"wp:attachment":[{"href":"https:\/\/fmtinkunaco.ar\/index.php?rest_route=%2Fwp%2Fv2%2Fmedia&parent=2478"}],"wp:term":[{"taxonomy":"category","embeddable":true,"href":"https:\/\/fmtinkunaco.ar\/index.php?rest_route=%2Fwp%2Fv2%2Fcategories&post=2478"},{"taxonomy":"post_tag","embeddable":true,"href":"https:\/\/fmtinkunaco.ar\/index.php?rest_route=%2Fwp%2Fv2%2Ftags&post=2478"}],"curies":[{"name":"wp","href":"https:\/\/api.w.org\/{rel}","templated":true}]}}