{"id":2482,"date":"2020-10-16T10:28:29","date_gmt":"2020-10-16T13:28:29","guid":{"rendered":"http:\/\/fmtinkunaco.com.ar\/?p=2482"},"modified":"2020-10-16T10:28:29","modified_gmt":"2020-10-16T13:28:29","slug":"la-orquesta-municipal-de-jose-c-paz-te-invita-a-festejar-el-aniversario-del-partido","status":"publish","type":"post","link":"https:\/\/fmtinkunaco.ar\/?p=2482","title":{"rendered":"La Orquesta Municipal de Jos\u00e9. C. Paz te invita a festejar el aniversario del Partido"},"content":{"rendered":"<p>La orquesta municipal te invita a que formes partes del festejo aniversario del Partido de Jos\u00e9. C. Paz y te convoca a\u00a0 enviar una foto tuya con un cartel y un deseo, un saludo o un feliz cumplea\u00f1os para las y los pace\u00f1os.<\/p>\n<p>En di\u00e1logo con el programa radial \u00abEncuentro con las Noticias\u00bb, Clara Parodi, Directora de la Orquesta, se refiri\u00f3 a la iniciativa <em>\u00abEstamos grabando una m\u00fasica que es una chacarera y estamos invitando a todos los vecinos y vecinas que nos compartan una foto y vamos a armar un gran collage; vamos a hacer una transmisi\u00f3n en vivo del collage con todos los vecinos y vecinas que se sumaron, con la m\u00fasica que la orquesta est\u00e1 grabando\u00bb.\u00a0<\/em><\/p>\n<p>Podes enviar tu foto por mensaje privado de facebook a: Orquesta Municipal de Jos\u00e9. C. Paz o al correo <a href=\"mailto:orquestajcp@gmail.com\">orquestajcp@gmail.com<\/a>. Tenes tiempo hasta el 18 de octubre.<\/p>\n<p>Compartimos la entrevista completa<\/p>\n<p><a href=\"https:\/\/archive.org\/details\/audio-clara-parodi-15-10-2020\">Descargar<\/a><\/p>\n<audio class=\"wp-audio-shortcode\" id=\"audio-2482-2\" preload=\"none\" style=\"width: 100%;\" controls=\"controls\"><source type=\"audio\/mpeg\" src=\"https:\/\/archive.org\/download\/audio-clara-parodi-15-10-2020\/AUDIO%20-%20CLARA%20PARODI%2015%2010%202020.mp3?_=2\" \/><a href=\"https:\/\/archive.org\/download\/audio-clara-parodi-15-10-2020\/AUDIO%20-%20CLARA%20PARODI%2015%2010%202020.mp3\">https:\/\/archive.org\/download\/audio-clara-parodi-15-10-2020\/AUDIO%20-%20CLARA%20PARODI%2015%2010%202020.mp3<\/a><\/audio>\n<div class=\"powerpress_player\" id=\"powerpress_player_9680\"><audio class=\"wp-audio-shortcode\" id=\"audio-2482-1\" preload=\"none\" style=\"width: 100%;\" controls=\"controls\"><source type=\"audio\/mpeg\" src=\"https:\/\/archive.org\/download\/audio-clara-parodi-15-10-2020\/AUDIO%20-%20CLARA%20PARODI%2015%2010%202020.mp3?_=1\" \/><a href=\"https:\/\/archive.org\/download\/audio-clara-parodi-15-10-2020\/AUDIO%20-%20CLARA%20PARODI%2015%2010%202020.mp3\">https:\/\/archive.org\/download\/audio-clara-parodi-15-10-2020\/AUDIO%20-%20CLARA%20PARODI%2015%2010%202020.mp3<\/a><\/audio><\/div><p class=\"powerpress_links powerpress_links_mp3\" style=\"margin-bottom: 1px !important;\">Podcast: <a href=\"https:\/\/archive.org\/download\/audio-clara-parodi-15-10-2020\/AUDIO%20-%20CLARA%20PARODI%2015%2010%202020.mp3\" class=\"powerpress_link_pinw\" target=\"_blank\" title=\"Reproducir en una nueva ventana\" onclick=\"return powerpress_pinw('https:\/\/fmtinkunaco.ar\/?powerpress_pinw=2482-podcast');\" rel=\"nofollow\">Reproducir en una nueva ventana<\/a> | <a href=\"https:\/\/archive.org\/download\/audio-clara-parodi-15-10-2020\/AUDIO%20-%20CLARA%20PARODI%2015%2010%202020.mp3\" class=\"powerpress_link_d\" title=\"Descargar\" rel=\"nofollow\" download=\"AUDIO%20-%20CLARA%20PARODI%2015%2010%202020.mp3\">Descargar<\/a><\/p>","protected":false},"excerpt":{"rendered":"<p>La orquesta municipal te invita a que formes partes del festejo aniversario del Partido de Jos\u00e9. C. Paz y te convoca a\u00a0 enviar una foto tuya con un cartel y un deseo, un saludo o un feliz cumplea\u00f1os para las y los pace\u00f1os. En di\u00e1logo con el programa radial \u00abEncuentro con las Noticias\u00bb, Clara Parodi, [&hellip;]<\/p>\n","protected":false},"author":1,"featured_media":2483,"comment_status":"open","ping_status":"open","sticky":false,"template":"","format":"standard","meta":{"footnotes":""},"categories":[3],"tags":[337,368],"class_list":["post-2482","post","type-post","status-publish","format-standard","has-post-thumbnail","hentry","category-cultura","tag-municipio-de-jose-c-paz","tag-orquesta-municipal-jose-c-paz"],"_links":{"self":[{"href":"https:\/\/fmtinkunaco.ar\/index.php?rest_route=\/wp\/v2\/posts\/2482","targetHints":{"allow":["GET"]}}],"collection":[{"href":"https:\/\/fmtinkunaco.ar\/index.php?rest_route=\/wp\/v2\/posts"}],"about":[{"href":"https:\/\/fmtinkunaco.ar\/index.php?rest_route=\/wp\/v2\/types\/post"}],"author":[{"embeddable":true,"href":"https:\/\/fmtinkunaco.ar\/index.php?rest_route=\/wp\/v2\/users\/1"}],"replies":[{"embeddable":true,"href":"https:\/\/fmtinkunaco.ar\/index.php?rest_route=%2Fwp%2Fv2%2Fcomments&post=2482"}],"version-history":[{"count":0,"href":"https:\/\/fmtinkunaco.ar\/index.php?rest_route=\/wp\/v2\/posts\/2482\/revisions"}],"wp:featuredmedia":[{"embeddable":true,"href":"https:\/\/fmtinkunaco.ar\/index.php?rest_route=\/"}],"wp:attachment":[{"href":"https:\/\/fmtinkunaco.ar\/index.php?rest_route=%2Fwp%2Fv2%2Fmedia&parent=2482"}],"wp:term":[{"taxonomy":"category","embeddable":true,"href":"https:\/\/fmtinkunaco.ar\/index.php?rest_route=%2Fwp%2Fv2%2Fcategories&post=2482"},{"taxonomy":"post_tag","embeddable":true,"href":"https:\/\/fmtinkunaco.ar\/index.php?rest_route=%2Fwp%2Fv2%2Ftags&post=2482"}],"curies":[{"name":"wp","href":"https:\/\/api.w.org\/{rel}","templated":true}]}}