{"id":2492,"date":"2020-10-19T10:08:05","date_gmt":"2020-10-19T13:08:05","guid":{"rendered":"http:\/\/fmtinkunaco.com.ar\/?p=2492"},"modified":"2020-10-19T10:08:05","modified_gmt":"2020-10-19T13:08:05","slug":"primera-encuesta-nacional-migrante-en-argentina","status":"publish","type":"post","link":"https:\/\/fmtinkunaco.ar\/?p=2492","title":{"rendered":"Primera Encuesta Nacional Migrante en Argentina"},"content":{"rendered":"<p>Del 15 de octubre al 15 de noviembre se realizar\u00e1 la primera encuesta nacional migrante de Argentina.<\/p>\n<p>Esta encuesta nacional es producto del trabajo colaborativo de organizaciones de migrantes, de derechos humanos y el CONICET.<\/p>\n<p>En di\u00e1logo con el programa radial \u201cEncuentro con las Noticias\u201d, Beatriz Alor, integrante del colectivo Arandu, cont\u00f3 los objetivos de la encuesta, <em>\u201cLa propuesta de la encuesta es que tambi\u00e9n puedan surgir insumos, informaci\u00f3n que nos pueda servir tambi\u00e9n para pensar en nuevas propuestas y tambi\u00e9n para analizar que est\u00e1 sucediendo con la poblaci\u00f3n migrante, en el marco de la pandemia, y antes tambi\u00e9n del contexto actual pensando en el tema de la documentaci\u00f3n, viendo si efectivamente los derechos est\u00e1n siendo cumplidos o si est\u00e1n siendo vulnerados no solamente en el marco de la pandemia\u201d<\/em>.<\/p>\n<p>Realiz\u00e1 la encuesta, haciendo click aqu\u00ed <a href=\"https:\/\/bit.ly\/35gGNSg\">https:\/\/bit.ly\/35gGNSg<\/a>.<\/p>\n<p>Compartimos la entrevista completa<\/p>\n<p><a href=\"https:\/\/archive.org\/details\/audio-beatriz-alor-16-10-2020\">Descargar<\/a><\/p>\n<audio class=\"wp-audio-shortcode\" id=\"audio-2492-2\" preload=\"none\" style=\"width: 100%;\" controls=\"controls\"><source type=\"audio\/mpeg\" src=\"https:\/\/archive.org\/download\/audio-beatriz-alor-16-10-2020\/AUDIO%20-%20BEATRIZ%20ALOR%2016%2010%202020.mp3?_=2\" \/><a href=\"https:\/\/archive.org\/download\/audio-beatriz-alor-16-10-2020\/AUDIO%20-%20BEATRIZ%20ALOR%2016%2010%202020.mp3\">https:\/\/archive.org\/download\/audio-beatriz-alor-16-10-2020\/AUDIO%20-%20BEATRIZ%20ALOR%2016%2010%202020.mp3<\/a><\/audio>\n<div class=\"powerpress_player\" id=\"powerpress_player_1565\"><audio class=\"wp-audio-shortcode\" id=\"audio-2492-1\" preload=\"none\" style=\"width: 100%;\" controls=\"controls\"><source type=\"audio\/mpeg\" src=\"https:\/\/archive.org\/download\/audio-beatriz-alor-16-10-2020\/AUDIO%20-%20BEATRIZ%20ALOR%2016%2010%202020.mp3?_=1\" \/><a href=\"https:\/\/archive.org\/download\/audio-beatriz-alor-16-10-2020\/AUDIO%20-%20BEATRIZ%20ALOR%2016%2010%202020.mp3\">https:\/\/archive.org\/download\/audio-beatriz-alor-16-10-2020\/AUDIO%20-%20BEATRIZ%20ALOR%2016%2010%202020.mp3<\/a><\/audio><\/div><p class=\"powerpress_links powerpress_links_mp3\" style=\"margin-bottom: 1px !important;\">Podcast: <a href=\"https:\/\/archive.org\/download\/audio-beatriz-alor-16-10-2020\/AUDIO%20-%20BEATRIZ%20ALOR%2016%2010%202020.mp3\" class=\"powerpress_link_pinw\" target=\"_blank\" title=\"Reproducir en una nueva ventana\" onclick=\"return powerpress_pinw('https:\/\/fmtinkunaco.ar\/?powerpress_pinw=2492-podcast');\" rel=\"nofollow\">Reproducir en una nueva ventana<\/a> | <a href=\"https:\/\/archive.org\/download\/audio-beatriz-alor-16-10-2020\/AUDIO%20-%20BEATRIZ%20ALOR%2016%2010%202020.mp3\" class=\"powerpress_link_d\" title=\"Descargar\" rel=\"nofollow\" download=\"AUDIO%20-%20BEATRIZ%20ALOR%2016%2010%202020.mp3\">Descargar<\/a><\/p>","protected":false},"excerpt":{"rendered":"<p>Del 15 de octubre al 15 de noviembre se realizar\u00e1 la primera encuesta nacional migrante de Argentina. Esta encuesta nacional es producto del trabajo colaborativo de organizaciones de migrantes, de derechos humanos y el CONICET. En di\u00e1logo con el programa radial \u201cEncuentro con las Noticias\u201d, Beatriz Alor, integrante del colectivo Arandu, cont\u00f3 los objetivos de [&hellip;]<\/p>\n","protected":false},"author":1,"featured_media":2493,"comment_status":"open","ping_status":"open","sticky":false,"template":"","format":"standard","meta":{"footnotes":""},"categories":[4],"tags":[415],"class_list":["post-2492","post","type-post","status-publish","format-standard","has-post-thumbnail","hentry","category-derechos-humanos","tag-primera-encuesta-nacional-migrante-en-argentina"],"_links":{"self":[{"href":"https:\/\/fmtinkunaco.ar\/index.php?rest_route=\/wp\/v2\/posts\/2492","targetHints":{"allow":["GET"]}}],"collection":[{"href":"https:\/\/fmtinkunaco.ar\/index.php?rest_route=\/wp\/v2\/posts"}],"about":[{"href":"https:\/\/fmtinkunaco.ar\/index.php?rest_route=\/wp\/v2\/types\/post"}],"author":[{"embeddable":true,"href":"https:\/\/fmtinkunaco.ar\/index.php?rest_route=\/wp\/v2\/users\/1"}],"replies":[{"embeddable":true,"href":"https:\/\/fmtinkunaco.ar\/index.php?rest_route=%2Fwp%2Fv2%2Fcomments&post=2492"}],"version-history":[{"count":0,"href":"https:\/\/fmtinkunaco.ar\/index.php?rest_route=\/wp\/v2\/posts\/2492\/revisions"}],"wp:featuredmedia":[{"embeddable":true,"href":"https:\/\/fmtinkunaco.ar\/index.php?rest_route=\/"}],"wp:attachment":[{"href":"https:\/\/fmtinkunaco.ar\/index.php?rest_route=%2Fwp%2Fv2%2Fmedia&parent=2492"}],"wp:term":[{"taxonomy":"category","embeddable":true,"href":"https:\/\/fmtinkunaco.ar\/index.php?rest_route=%2Fwp%2Fv2%2Fcategories&post=2492"},{"taxonomy":"post_tag","embeddable":true,"href":"https:\/\/fmtinkunaco.ar\/index.php?rest_route=%2Fwp%2Fv2%2Ftags&post=2492"}],"curies":[{"name":"wp","href":"https:\/\/api.w.org\/{rel}","templated":true}]}}