{"id":2495,"date":"2020-10-19T10:48:54","date_gmt":"2020-10-19T13:48:54","guid":{"rendered":"http:\/\/fmtinkunaco.com.ar\/?p=2495"},"modified":"2020-10-19T10:48:54","modified_gmt":"2020-10-19T13:48:54","slug":"la-asociacion-musicxs-noroeste-con-presentaciones-por-streaming","status":"publish","type":"post","link":"https:\/\/fmtinkunaco.ar\/?p=2495","title":{"rendered":"La Asociaci\u00f3n M\u00fasicxs Noroeste con presentaciones por streaming"},"content":{"rendered":"<p>En el marco de la pandemia, m\u00fasicos, m\u00fasicas, artistas de la regi\u00f3n han tenido que reinventarse y construir otros canales que les permitan continuar en actividad.<br \/>\nEn el caso de la Asociaci\u00f3n M\u00fasicxs Noroeste, han comenzado a utilizar el streaming para difundir y visibilizar sus presentaciones.<\/p>\n<p>En di\u00e1logo con el programa radial \u201cEncuentro con las Noticias\u201d, Mariano Mariscal, Presidente de la Asociaci\u00f3n, se refiri\u00f3 a la iniciativa \u201cEn fines de julio, principio de agosto se puso en marcha esto y se fueron dando varias cosas concretas como poder realizar los shows en streaming, en el Teatro Marechal, pero empezamos tambi\u00e9n en una sala de San Miguel a hacerlo en directo los viernes a la noche y a ra\u00edz de eso tenemos proyectos para realizarlo en otros municipios, empezamos en San Miguel que es un terreno complejo con la articulaci\u00f3n con la cultura y sobre todo con la m\u00fasica pero por suerte nos escucharon, nos atendieron, nos entendieron y nos abrieron las puertas del teatro\u201d.<\/p>\n<p>Mariscal, adem\u00e1s, remarc\u00f3 \u201cHemos crecido bastante y hemos logrado muchas cosas, entonces, si se suma m\u00e1s gente a esto, a replicarlo, a compartirlo, a adherir al proyecto, a poder opinar porque tambi\u00e9n invitamos a todos los m\u00fasicos de la regi\u00f3n que se quieren sumar, no solo a adherir con el proyecto sino tambi\u00e9n a arremangarse y poder opinar, traer ideas, trabajar de manera activa dentro de la asociaci\u00f3n\u201d.<\/p>\n<p>Si te queres sumar a la asociaci\u00f3n, los buscas en facebook como \u201cAsociaci\u00f3n M\u00fasicxs Noroeste\u201d.<\/p>\n<p>Compartimos la entrevista completa<\/p>\n<p><a href=\"https:\/\/archive.org\/details\/audio-mariano-mariscal-19-10-2020\">Descargar<\/p>\n<p><\/a><\/p>\n<audio class=\"wp-audio-shortcode\" id=\"audio-2495-2\" preload=\"none\" style=\"width: 100%;\" controls=\"controls\"><source type=\"audio\/mpeg\" src=\"https:\/\/archive.org\/download\/audio-mariano-mariscal-19-10-2020\/AUDIO%20-%20MARIANO%20MARISCAL%2019%2010%202020.mp3?_=2\" \/><a href=\"https:\/\/archive.org\/download\/audio-mariano-mariscal-19-10-2020\/AUDIO%20-%20MARIANO%20MARISCAL%2019%2010%202020.mp3\">https:\/\/archive.org\/download\/audio-mariano-mariscal-19-10-2020\/AUDIO%20-%20MARIANO%20MARISCAL%2019%2010%202020.mp3<\/a><\/audio>\n<div class=\"powerpress_player\" id=\"powerpress_player_4316\"><audio class=\"wp-audio-shortcode\" id=\"audio-2495-1\" preload=\"none\" style=\"width: 100%;\" controls=\"controls\"><source type=\"audio\/mpeg\" src=\"https:\/\/archive.org\/download\/audio-mariano-mariscal-19-10-2020\/AUDIO%20-%20MARIANO%20MARISCAL%2019%2010%202020.mp3?_=1\" \/><a href=\"https:\/\/archive.org\/download\/audio-mariano-mariscal-19-10-2020\/AUDIO%20-%20MARIANO%20MARISCAL%2019%2010%202020.mp3\">https:\/\/archive.org\/download\/audio-mariano-mariscal-19-10-2020\/AUDIO%20-%20MARIANO%20MARISCAL%2019%2010%202020.mp3<\/a><\/audio><\/div><p class=\"powerpress_links powerpress_links_mp3\" style=\"margin-bottom: 1px !important;\">Podcast: <a href=\"https:\/\/archive.org\/download\/audio-mariano-mariscal-19-10-2020\/AUDIO%20-%20MARIANO%20MARISCAL%2019%2010%202020.mp3\" class=\"powerpress_link_pinw\" target=\"_blank\" title=\"Reproducir en una nueva ventana\" onclick=\"return powerpress_pinw('https:\/\/fmtinkunaco.ar\/?powerpress_pinw=2495-podcast');\" rel=\"nofollow\">Reproducir en una nueva ventana<\/a> | <a href=\"https:\/\/archive.org\/download\/audio-mariano-mariscal-19-10-2020\/AUDIO%20-%20MARIANO%20MARISCAL%2019%2010%202020.mp3\" class=\"powerpress_link_d\" title=\"Descargar\" rel=\"nofollow\" download=\"AUDIO%20-%20MARIANO%20MARISCAL%2019%2010%202020.mp3\">Descargar<\/a><\/p>","protected":false},"excerpt":{"rendered":"<p>En el marco de la pandemia, m\u00fasicos, m\u00fasicas, artistas de la regi\u00f3n han tenido que reinventarse y construir otros canales que les permitan continuar en actividad. En el caso de la Asociaci\u00f3n M\u00fasicxs Noroeste, han comenzado a utilizar el streaming para difundir y visibilizar sus presentaciones. En di\u00e1logo con el programa radial \u201cEncuentro con las [&hellip;]<\/p>\n","protected":false},"author":1,"featured_media":2496,"comment_status":"open","ping_status":"open","sticky":false,"template":"","format":"standard","meta":{"footnotes":""},"categories":[3],"tags":[56],"class_list":["post-2495","post","type-post","status-publish","format-standard","has-post-thumbnail","hentry","category-cultura","tag-asociacion-musicxs-noroeste"],"_links":{"self":[{"href":"https:\/\/fmtinkunaco.ar\/index.php?rest_route=\/wp\/v2\/posts\/2495","targetHints":{"allow":["GET"]}}],"collection":[{"href":"https:\/\/fmtinkunaco.ar\/index.php?rest_route=\/wp\/v2\/posts"}],"about":[{"href":"https:\/\/fmtinkunaco.ar\/index.php?rest_route=\/wp\/v2\/types\/post"}],"author":[{"embeddable":true,"href":"https:\/\/fmtinkunaco.ar\/index.php?rest_route=\/wp\/v2\/users\/1"}],"replies":[{"embeddable":true,"href":"https:\/\/fmtinkunaco.ar\/index.php?rest_route=%2Fwp%2Fv2%2Fcomments&post=2495"}],"version-history":[{"count":0,"href":"https:\/\/fmtinkunaco.ar\/index.php?rest_route=\/wp\/v2\/posts\/2495\/revisions"}],"wp:featuredmedia":[{"embeddable":true,"href":"https:\/\/fmtinkunaco.ar\/index.php?rest_route=\/"}],"wp:attachment":[{"href":"https:\/\/fmtinkunaco.ar\/index.php?rest_route=%2Fwp%2Fv2%2Fmedia&parent=2495"}],"wp:term":[{"taxonomy":"category","embeddable":true,"href":"https:\/\/fmtinkunaco.ar\/index.php?rest_route=%2Fwp%2Fv2%2Fcategories&post=2495"},{"taxonomy":"post_tag","embeddable":true,"href":"https:\/\/fmtinkunaco.ar\/index.php?rest_route=%2Fwp%2Fv2%2Ftags&post=2495"}],"curies":[{"name":"wp","href":"https:\/\/api.w.org\/{rel}","templated":true}]}}