{"id":2500,"date":"2020-10-20T10:48:55","date_gmt":"2020-10-20T13:48:55","guid":{"rendered":"http:\/\/fmtinkunaco.com.ar\/?p=2500"},"modified":"2020-10-20T10:48:55","modified_gmt":"2020-10-20T13:48:55","slug":"cultura-en-red-pilar-se-reunira-con-el-ejecutivo","status":"publish","type":"post","link":"https:\/\/fmtinkunaco.ar\/?p=2500","title":{"rendered":"Cultura en Red Pilar se reunir\u00e1 con el Ejecutivo"},"content":{"rendered":"<p><a href=\"http:\/\/fmtinkunaco.com.ar\/pilar-el-sector-cultural-esta-en-emergencia\/\">Cultura en Red Pilar<\/a>, se encuentra en plena organizaci\u00f3n de lo que ser\u00e1 la reuni\u00f3n de la pr\u00f3xima semana con el Ejecutivo pilarense. Las autoridades municipales las y los convocaron a partir de la visibilizaci\u00f3n de la emergencia cultural.<\/p>\n<p>En di\u00e1logo con el programa radial \u201cEncuentro con las Noticias\u201d, Fabio Buchan\u00e1n, integrante de Cultura en Red Pilar, se refiri\u00f3 a la decisi\u00f3n m\u00e1s importante que tomo en consenso la asamblea del \u00faltimo viernes, <em>\u201cSe decidi\u00f3 posponer la presentaci\u00f3n de la ordenanza, de este lunes, y tenerla ah\u00ed pendiente por el momento hasta tener la reuni\u00f3n con el Ejecutivo\u201d<\/em>.<\/p>\n<p>Adem\u00e1s, Buchan\u00e1n, explic\u00f3 que s\u00ed bien se pospuso la presentaci\u00f3n de la Ordenanza, en caso de que la propuesta de la intendencia no sea viable, finalmente se presentar\u00e1, <em>\u201cNosotros nos dividimos en comisiones, y ahora b\u00e1sicamente hay que terminar de elegir a las personas que van a representar cada comisi\u00f3n y ya la semana que viene nos sentamos con el Ejecutivo para sentarnos a dialogar para ver que propuestas hay. En el caso de que no sea algo que sea viable, ir\u00edamos a presentar la Ordenanza nuevamente porque es una situaci\u00f3n de emergencia justamente\u201d<\/em>.<\/p>\n<p>Finalmente, Fabio Buchan\u00e1n, remarc\u00f3 la importancia de tomar las decisiones en asamblea, <em>\u201cNos parece que la instancia fundamental es esta de tener asambleas abiertas y que se invite a toda la gente a participar, y toda la gente tiene voz y voto y tratamos de que sean decisiones consensuadas. O sea, que no sea en principio por unanimidad o mayor\u00eda, sino un consenso; entonces, si tenemos la opci\u00f3n A y tenemos la opci\u00f3n B y debatimos ah\u00ed por zoom, bueno generamos la opci\u00f3n C y vamos todos por la C. As\u00ed que estamos trabajando de esa forma y la verdad que no se hab\u00eda dado nunca en Pilar un laburo as\u00ed\u201d<\/em>.<\/p>\n<p>La pr\u00f3xima asamblea ser\u00e1 el viernes a partir de las 20hs.<\/p>\n<p>Compartimos la entrevista completa<\/p>\n<p><a href=\"https:\/\/archive.org\/details\/audio-fabio-buchanan-red-pilar-20-10\">Descargar<\/p>\n<p><\/a><\/p>\n<audio class=\"wp-audio-shortcode\" id=\"audio-2500-2\" preload=\"none\" style=\"width: 100%;\" controls=\"controls\"><source type=\"audio\/mpeg\" src=\"https:\/\/archive.org\/download\/audio-fabio-buchanan-red-pilar-20-10\/AUDIO%20-%20FABIO%20BUCHANAN%20%28RED%20PILAR%29%2020%2010.mp3?_=2\" \/><a href=\"https:\/\/archive.org\/download\/audio-fabio-buchanan-red-pilar-20-10\/AUDIO%20-%20FABIO%20BUCHANAN%20%28RED%20PILAR%29%2020%2010.mp3\">https:\/\/archive.org\/download\/audio-fabio-buchanan-red-pilar-20-10\/AUDIO%20-%20FABIO%20BUCHANAN%20%28RED%20PILAR%29%2020%2010.mp3<\/a><\/audio>\n<div class=\"powerpress_player\" id=\"powerpress_player_7467\"><audio class=\"wp-audio-shortcode\" id=\"audio-2500-1\" preload=\"none\" style=\"width: 100%;\" controls=\"controls\"><source type=\"audio\/mpeg\" src=\"https:\/\/archive.org\/download\/audio-fabio-buchanan-red-pilar-20-10\/AUDIO%20-%20FABIO%20BUCHANAN%20%28RED%20PILAR%29%2020%2010.mp3?_=1\" \/><a href=\"https:\/\/archive.org\/download\/audio-fabio-buchanan-red-pilar-20-10\/AUDIO%20-%20FABIO%20BUCHANAN%20%28RED%20PILAR%29%2020%2010.mp3\">https:\/\/archive.org\/download\/audio-fabio-buchanan-red-pilar-20-10\/AUDIO%20-%20FABIO%20BUCHANAN%20%28RED%20PILAR%29%2020%2010.mp3<\/a><\/audio><\/div><p class=\"powerpress_links powerpress_links_mp3\" style=\"margin-bottom: 1px !important;\">Podcast: <a href=\"https:\/\/archive.org\/download\/audio-fabio-buchanan-red-pilar-20-10\/AUDIO%20-%20FABIO%20BUCHANAN%20%28RED%20PILAR%29%2020%2010.mp3\" class=\"powerpress_link_pinw\" target=\"_blank\" title=\"Reproducir en una nueva ventana\" onclick=\"return powerpress_pinw('https:\/\/fmtinkunaco.ar\/?powerpress_pinw=2500-podcast');\" rel=\"nofollow\">Reproducir en una nueva ventana<\/a> | <a href=\"https:\/\/archive.org\/download\/audio-fabio-buchanan-red-pilar-20-10\/AUDIO%20-%20FABIO%20BUCHANAN%20%28RED%20PILAR%29%2020%2010.mp3\" class=\"powerpress_link_d\" title=\"Descargar\" rel=\"nofollow\" download=\"AUDIO%20-%20FABIO%20BUCHANAN%20%28RED%20PILAR%29%2020%2010.mp3\">Descargar<\/a><\/p>","protected":false},"excerpt":{"rendered":"<p>Cultura en Red Pilar, se encuentra en plena organizaci\u00f3n de lo que ser\u00e1 la reuni\u00f3n de la pr\u00f3xima semana con el Ejecutivo pilarense. Las autoridades municipales las y los convocaron a partir de la visibilizaci\u00f3n de la emergencia cultural. En di\u00e1logo con el programa radial \u201cEncuentro con las Noticias\u201d, Fabio Buchan\u00e1n, integrante de Cultura en [&hellip;]<\/p>\n","protected":false},"author":1,"featured_media":2501,"comment_status":"open","ping_status":"open","sticky":false,"template":"","format":"standard","meta":{"footnotes":""},"categories":[3],"tags":[144,184,197,340],"class_list":["post-2500","post","type-post","status-publish","format-standard","has-post-thumbnail","hentry","category-cultura","tag-cultura-en-red-pilar","tag-emergencia-cultural","tag-espacios-culturales","tag-municipio-de-pilar"],"_links":{"self":[{"href":"https:\/\/fmtinkunaco.ar\/index.php?rest_route=\/wp\/v2\/posts\/2500","targetHints":{"allow":["GET"]}}],"collection":[{"href":"https:\/\/fmtinkunaco.ar\/index.php?rest_route=\/wp\/v2\/posts"}],"about":[{"href":"https:\/\/fmtinkunaco.ar\/index.php?rest_route=\/wp\/v2\/types\/post"}],"author":[{"embeddable":true,"href":"https:\/\/fmtinkunaco.ar\/index.php?rest_route=\/wp\/v2\/users\/1"}],"replies":[{"embeddable":true,"href":"https:\/\/fmtinkunaco.ar\/index.php?rest_route=%2Fwp%2Fv2%2Fcomments&post=2500"}],"version-history":[{"count":0,"href":"https:\/\/fmtinkunaco.ar\/index.php?rest_route=\/wp\/v2\/posts\/2500\/revisions"}],"wp:featuredmedia":[{"embeddable":true,"href":"https:\/\/fmtinkunaco.ar\/index.php?rest_route=\/"}],"wp:attachment":[{"href":"https:\/\/fmtinkunaco.ar\/index.php?rest_route=%2Fwp%2Fv2%2Fmedia&parent=2500"}],"wp:term":[{"taxonomy":"category","embeddable":true,"href":"https:\/\/fmtinkunaco.ar\/index.php?rest_route=%2Fwp%2Fv2%2Fcategories&post=2500"},{"taxonomy":"post_tag","embeddable":true,"href":"https:\/\/fmtinkunaco.ar\/index.php?rest_route=%2Fwp%2Fv2%2Ftags&post=2500"}],"curies":[{"name":"wp","href":"https:\/\/api.w.org\/{rel}","templated":true}]}}