{"id":2506,"date":"2020-10-21T11:09:06","date_gmt":"2020-10-21T14:09:06","guid":{"rendered":"http:\/\/fmtinkunaco.com.ar\/?p=2506"},"modified":"2020-10-21T11:09:06","modified_gmt":"2020-10-21T14:09:06","slug":"la-asamblea-de-trabajadorxs-de-ninez-y-juventud-en-lucha-de-moreno-denuncia-precarizacion-en-el-marco-de-las-paritarias","status":"publish","type":"post","link":"https:\/\/fmtinkunaco.ar\/?p=2506","title":{"rendered":"La Asamblea de Trabajadorxs de Ni\u00f1ez y Juventud en Lucha de Moreno denuncia precarizaci\u00f3n en el marco de las paritarias"},"content":{"rendered":"<p>Asamblea de Trabajadorxs de Ni\u00f1ez y Juventud en Lucha de Moreno se encuentra denunciando la precarizaci\u00f3n laboral frente a las puertas del municipio de Mariel Fern\u00e1ndez.<\/p>\n<p>En di\u00e1logo con el programa radial \u201cEncuentro con las Noticias\u201d, Noelia G\u00f3mez, integrante de la asamblea, se refiri\u00f3 a la medida, <em>\u201cHoy concentramos en las puertas de la municipalidad de Moreno ya que se est\u00e1 realizando la reuni\u00f3n en el marco de las paritarias, paritarias que se extendieron bastante por el tema de la cuarentena y hoy estamos discutiendo un aumento. Desde los diferentes sectores del sindicato, desde las asambleas de trabajadores y trabajadoras estamos proponiendo un aumento del 30% y no se est\u00e1 llegando a un acuerdo con las autoridades\u201d<\/em>.<\/p>\n<p>G\u00f3mez, remarc\u00f3 que la propuesta del municipio es menor, <em>\u201cEl municipio propone un aumento mucho menor, o sea de un 2% es lo que se propuso en la reuni\u00f3n que se desarrollo hace unas horas atr\u00e1s y desde los diferentes sectores proponemos que sea un aumento del 3%, o sea llegar al 30% en su totalidad que estar\u00eda dividido en 3 acciones\u201d<\/em>.<\/p>\n<p>No se lleg\u00f3 a un acuerdo y se pas\u00f3 a un cuarto intermedio hasta las 15hs del d\u00eda de hoy.<\/p>\n<p>Compartimos la entrevista completa<\/p>\n<p><a href=\"https:\/\/archive.org\/details\/audio-noelia-gomez-21-10\">Descargar<\/a><\/p>\n<audio class=\"wp-audio-shortcode\" id=\"audio-2506-2\" preload=\"none\" style=\"width: 100%;\" controls=\"controls\"><source type=\"audio\/mpeg\" src=\"https:\/\/archive.org\/download\/audio-noelia-gomez-21-10\/AUDIO%20-%20NOELIA%20GOMEZ%2021%2010.mp3?_=2\" \/><a href=\"https:\/\/archive.org\/download\/audio-noelia-gomez-21-10\/AUDIO%20-%20NOELIA%20GOMEZ%2021%2010.mp3\">https:\/\/archive.org\/download\/audio-noelia-gomez-21-10\/AUDIO%20-%20NOELIA%20GOMEZ%2021%2010.mp3<\/a><\/audio>\n<div class=\"powerpress_player\" id=\"powerpress_player_8592\"><audio class=\"wp-audio-shortcode\" id=\"audio-2506-1\" preload=\"none\" style=\"width: 100%;\" controls=\"controls\"><source type=\"audio\/mpeg\" src=\"https:\/\/archive.org\/download\/audio-noelia-gomez-21-10\/AUDIO%20-%20NOELIA%20GOMEZ%2021%2010.mp3?_=1\" \/><a href=\"https:\/\/archive.org\/download\/audio-noelia-gomez-21-10\/AUDIO%20-%20NOELIA%20GOMEZ%2021%2010.mp3\">https:\/\/archive.org\/download\/audio-noelia-gomez-21-10\/AUDIO%20-%20NOELIA%20GOMEZ%2021%2010.mp3<\/a><\/audio><\/div><p class=\"powerpress_links powerpress_links_mp3\" style=\"margin-bottom: 1px !important;\">Podcast: <a href=\"https:\/\/archive.org\/download\/audio-noelia-gomez-21-10\/AUDIO%20-%20NOELIA%20GOMEZ%2021%2010.mp3\" class=\"powerpress_link_pinw\" target=\"_blank\" title=\"Reproducir en una nueva ventana\" onclick=\"return powerpress_pinw('https:\/\/fmtinkunaco.ar\/?powerpress_pinw=2506-podcast');\" rel=\"nofollow\">Reproducir en una nueva ventana<\/a> | <a href=\"https:\/\/archive.org\/download\/audio-noelia-gomez-21-10\/AUDIO%20-%20NOELIA%20GOMEZ%2021%2010.mp3\" class=\"powerpress_link_d\" title=\"Descargar\" rel=\"nofollow\" download=\"AUDIO%20-%20NOELIA%20GOMEZ%2021%2010.mp3\">Descargar<\/a><\/p>","protected":false},"excerpt":{"rendered":"<p>Asamblea de Trabajadorxs de Ni\u00f1ez y Juventud en Lucha de Moreno se encuentra denunciando la precarizaci\u00f3n laboral frente a las puertas del municipio de Mariel Fern\u00e1ndez. En di\u00e1logo con el programa radial \u201cEncuentro con las Noticias\u201d, Noelia G\u00f3mez, integrante de la asamblea, se refiri\u00f3 a la medida, \u201cHoy concentramos en las puertas de la municipalidad [&hellip;]<\/p>\n","protected":false},"author":1,"featured_media":2507,"comment_status":"open","ping_status":"open","sticky":false,"template":"","format":"standard","meta":{"footnotes":""},"categories":[4],"tags":[49,339,379],"class_list":["post-2506","post","type-post","status-publish","format-standard","has-post-thumbnail","hentry","category-derechos-humanos","tag-asamblea-de-trabajadorxs-de-ninez-y-juventud","tag-municipio-de-moreno","tag-paritarias"],"_links":{"self":[{"href":"https:\/\/fmtinkunaco.ar\/index.php?rest_route=\/wp\/v2\/posts\/2506","targetHints":{"allow":["GET"]}}],"collection":[{"href":"https:\/\/fmtinkunaco.ar\/index.php?rest_route=\/wp\/v2\/posts"}],"about":[{"href":"https:\/\/fmtinkunaco.ar\/index.php?rest_route=\/wp\/v2\/types\/post"}],"author":[{"embeddable":true,"href":"https:\/\/fmtinkunaco.ar\/index.php?rest_route=\/wp\/v2\/users\/1"}],"replies":[{"embeddable":true,"href":"https:\/\/fmtinkunaco.ar\/index.php?rest_route=%2Fwp%2Fv2%2Fcomments&post=2506"}],"version-history":[{"count":0,"href":"https:\/\/fmtinkunaco.ar\/index.php?rest_route=\/wp\/v2\/posts\/2506\/revisions"}],"wp:featuredmedia":[{"embeddable":true,"href":"https:\/\/fmtinkunaco.ar\/index.php?rest_route=\/"}],"wp:attachment":[{"href":"https:\/\/fmtinkunaco.ar\/index.php?rest_route=%2Fwp%2Fv2%2Fmedia&parent=2506"}],"wp:term":[{"taxonomy":"category","embeddable":true,"href":"https:\/\/fmtinkunaco.ar\/index.php?rest_route=%2Fwp%2Fv2%2Fcategories&post=2506"},{"taxonomy":"post_tag","embeddable":true,"href":"https:\/\/fmtinkunaco.ar\/index.php?rest_route=%2Fwp%2Fv2%2Ftags&post=2506"}],"curies":[{"name":"wp","href":"https:\/\/api.w.org\/{rel}","templated":true}]}}