{"id":2510,"date":"2020-10-22T10:58:26","date_gmt":"2020-10-22T13:58:26","guid":{"rendered":"http:\/\/fmtinkunaco.com.ar\/?p=2510"},"modified":"2020-10-22T10:58:26","modified_gmt":"2020-10-22T13:58:26","slug":"serpaj-pilar-te-invita-a-sumarte-a-la-campana-contagiasolidaridad","status":"publish","type":"post","link":"https:\/\/fmtinkunaco.ar\/?p=2510","title":{"rendered":"Serpaj Pilar te invita a sumarte a la Campa\u00f1a #Contagi\u00e1Solidaridad"},"content":{"rendered":"<p>La Aldea del\u00a0 Servicio de Paz y Justicia te invita a contagiar solidaridad mediante donaciones para la asistencia alimentaria a 47 familias y a 3 ollas populares.<\/p>\n<p>En di\u00e1logo con el programa radial \u201cEncuentro con las Noticias\u201d, Ana Almada, referente del SERPAJ, se refiri\u00f3 a la situaci\u00f3n actual de alumnos y alumnas del centro educativo,<em> \u201cCuando comenz\u00f3 la cuarentena, nos comunicamos con los alumnos y con las familias pregunt\u00e1ndoles que era lo que estaban necesitando \u00a0y de qu\u00e9 manera pod\u00edamos llegar con todo el material m\u00e1s que nada did\u00e1ctico y educativo que es lo que nosotros hacemos. De esas charlas surgi\u00f3 que el problema m\u00e1s angustiante era el problema de los alimentos y la comida. As\u00ed que resolvimos adem\u00e1s de acompa\u00f1ar a las familias y a los alumnos con todo lo que ten\u00edan que ver con lo educativo, acompa\u00f1arlos con alimentos<\/em>\u201d.<\/p>\n<p>El espacio comenz\u00f3 dando asistencia a 9 familias y hoy son 47 las familias a las que se encuentran ayudando, adem\u00e1s a 3 ollas populares.<\/p>\n<p>Almada, adem\u00e1s, describi\u00f3 la creaci\u00f3n de la campa\u00f1a <strong>#Contagi\u00e1Solidaridad<\/strong>, <em>\u201cCreamos esta campa\u00f1a Contagi\u00e1 Solidaridad, donde le pedimos a las personas que quieran colaborar, lo puedan hacer a trav\u00e9s de una donaci\u00f3n en efectivo y nosotros destinamos eso a la compra de verdura org\u00e1nica, de quesos, leche, huevos. As\u00ed que ese es el motivo de contagia solidaridad\u201d<\/em>.<\/p>\n<p>El SERPAJ te da tres opciones simb\u00f3licas de colaboraci\u00f3n, de $200\/$500 o $1000 pesos pero podes colaborar con lo que puedas.<br \/>\nEl CBU es: <strong>1910039155003902522414,\u00a0<\/strong>comunicarte a trav\u00e9s del\u00a0 (11) 59671619 o entr\u00e1r al link:\u00a0https:\/\/serpaj.org.ar\/donaciones-contagiasolidaridad\/<\/p>\n<p>Compartimos la entrevista completa<\/p>\n<p><a href=\"https:\/\/archive.org\/details\/audio-ana-almada-serpaj-21-10-2020\">Descargar<\/a><\/p>\n<audio class=\"wp-audio-shortcode\" id=\"audio-2510-2\" preload=\"none\" style=\"width: 100%;\" controls=\"controls\"><source type=\"audio\/mpeg\" src=\"https:\/\/archive.org\/download\/audio-ana-almada-serpaj-21-10-2020\/AUDIO%20-%20ANA%20ALMADA%20%28SERPAJ%29%2021%2010%202020.mp3?_=2\" \/><a href=\"https:\/\/archive.org\/download\/audio-ana-almada-serpaj-21-10-2020\/AUDIO%20-%20ANA%20ALMADA%20%28SERPAJ%29%2021%2010%202020.mp3\">https:\/\/archive.org\/download\/audio-ana-almada-serpaj-21-10-2020\/AUDIO%20-%20ANA%20ALMADA%20%28SERPAJ%29%2021%2010%202020.mp3<\/a><\/audio>\n<div class=\"powerpress_player\" id=\"powerpress_player_985\"><audio class=\"wp-audio-shortcode\" id=\"audio-2510-1\" preload=\"none\" style=\"width: 100%;\" controls=\"controls\"><source type=\"audio\/mpeg\" src=\"https:\/\/archive.org\/download\/audio-ana-almada-serpaj-21-10-2020\/AUDIO%20-%20ANA%20ALMADA%20%28SERPAJ%29%2021%2010%202020.mp3?_=1\" \/><a href=\"https:\/\/archive.org\/download\/audio-ana-almada-serpaj-21-10-2020\/AUDIO%20-%20ANA%20ALMADA%20%28SERPAJ%29%2021%2010%202020.mp3\">https:\/\/archive.org\/download\/audio-ana-almada-serpaj-21-10-2020\/AUDIO%20-%20ANA%20ALMADA%20%28SERPAJ%29%2021%2010%202020.mp3<\/a><\/audio><\/div><p class=\"powerpress_links powerpress_links_mp3\" style=\"margin-bottom: 1px !important;\">Podcast: <a href=\"https:\/\/archive.org\/download\/audio-ana-almada-serpaj-21-10-2020\/AUDIO%20-%20ANA%20ALMADA%20%28SERPAJ%29%2021%2010%202020.mp3\" class=\"powerpress_link_pinw\" target=\"_blank\" title=\"Reproducir en una nueva ventana\" onclick=\"return powerpress_pinw('https:\/\/fmtinkunaco.ar\/?powerpress_pinw=2510-podcast');\" rel=\"nofollow\">Reproducir en una nueva ventana<\/a> | <a href=\"https:\/\/archive.org\/download\/audio-ana-almada-serpaj-21-10-2020\/AUDIO%20-%20ANA%20ALMADA%20%28SERPAJ%29%2021%2010%202020.mp3\" class=\"powerpress_link_d\" title=\"Descargar\" rel=\"nofollow\" download=\"AUDIO%20-%20ANA%20ALMADA%20%28SERPAJ%29%2021%2010%202020.mp3\">Descargar<\/a><\/p>","protected":false},"excerpt":{"rendered":"<p>La Aldea del\u00a0 Servicio de Paz y Justicia te invita a contagiar solidaridad mediante donaciones para la asistencia alimentaria a 47 familias y a 3 ollas populares. En di\u00e1logo con el programa radial \u201cEncuentro con las Noticias\u201d, Ana Almada, referente del SERPAJ, se refiri\u00f3 a la situaci\u00f3n actual de alumnos y alumnas del centro educativo, [&hellip;]<\/p>\n","protected":false},"author":1,"featured_media":2511,"comment_status":"open","ping_status":"open","sticky":false,"template":"","format":"standard","meta":{"footnotes":""},"categories":[4],"tags":[128,340,454],"class_list":["post-2510","post","type-post","status-publish","format-standard","has-post-thumbnail","hentry","category-derechos-humanos","tag-contagia-solidaridad","tag-municipio-de-pilar","tag-serpaj"],"_links":{"self":[{"href":"https:\/\/fmtinkunaco.ar\/index.php?rest_route=\/wp\/v2\/posts\/2510","targetHints":{"allow":["GET"]}}],"collection":[{"href":"https:\/\/fmtinkunaco.ar\/index.php?rest_route=\/wp\/v2\/posts"}],"about":[{"href":"https:\/\/fmtinkunaco.ar\/index.php?rest_route=\/wp\/v2\/types\/post"}],"author":[{"embeddable":true,"href":"https:\/\/fmtinkunaco.ar\/index.php?rest_route=\/wp\/v2\/users\/1"}],"replies":[{"embeddable":true,"href":"https:\/\/fmtinkunaco.ar\/index.php?rest_route=%2Fwp%2Fv2%2Fcomments&post=2510"}],"version-history":[{"count":0,"href":"https:\/\/fmtinkunaco.ar\/index.php?rest_route=\/wp\/v2\/posts\/2510\/revisions"}],"wp:featuredmedia":[{"embeddable":true,"href":"https:\/\/fmtinkunaco.ar\/index.php?rest_route=\/"}],"wp:attachment":[{"href":"https:\/\/fmtinkunaco.ar\/index.php?rest_route=%2Fwp%2Fv2%2Fmedia&parent=2510"}],"wp:term":[{"taxonomy":"category","embeddable":true,"href":"https:\/\/fmtinkunaco.ar\/index.php?rest_route=%2Fwp%2Fv2%2Fcategories&post=2510"},{"taxonomy":"post_tag","embeddable":true,"href":"https:\/\/fmtinkunaco.ar\/index.php?rest_route=%2Fwp%2Fv2%2Ftags&post=2510"}],"curies":[{"name":"wp","href":"https:\/\/api.w.org\/{rel}","templated":true}]}}