{"id":2514,"date":"2020-10-23T10:04:14","date_gmt":"2020-10-23T13:04:14","guid":{"rendered":"http:\/\/fmtinkunaco.com.ar\/?p=2514"},"modified":"2020-10-23T10:04:14","modified_gmt":"2020-10-23T13:04:14","slug":"san-miguel-la-oposicion-presento-seis-pedidos-de-informe-al-ejecutivo-por-la-muerte-de-lucia-costa","status":"publish","type":"post","link":"https:\/\/fmtinkunaco.ar\/?p=2514","title":{"rendered":"San Miguel: La oposici\u00f3n present\u00f3 seis pedidos de informe al Ejecutivo por la muerte de Luc\u00eda Costa"},"content":{"rendered":"<p>Luc\u00eda Costa, era una joven de 19 a\u00f1os, que el 9 de octubre falleci\u00f3 en el Bar Zar Burguers luego de que el centro de mesa que tenia material inflamable fuera recargado por la mesera, explotar\u00e1, y provocar\u00e1 quemaduras graves en su cuerpo.<\/p>\n<p>En el marco de esta tr\u00e1gica y evitable muerte, se realizaron diversas movilizaciones exigiendo justicia por Luc\u00eda, as\u00ed mismo, los bloques opositores presentaron diversos pedidos de informe a las autoridades del Municipio liderado por Jaime M\u00e9ndez, para esclarecer el escenario, ya que este bar se manten\u00eda abierto en contra de las disposiciones de provincia frente a la pandemia del COVID 19.<\/p>\n<p>El primer pedido de sesi\u00f3n especial fue negado, pero el mi\u00e9rcoles finalmente se pudieron reunir.<\/p>\n<p>En di\u00e1logo con el programa radial \u201cEncuentro con las Noticias\u201d, Marcela Viguera, Concejala del Frente de Todos, explic\u00f3 que luego de la primera negativa para sesionar, lo hicieron el d\u00eda mi\u00e9rcoles, <em>\u201cFinalmente, pudimos sesionar, era una sesi\u00f3n que estaba pautada dentro del calendario de sesiones. Nosotros hab\u00edamos pedido una sesi\u00f3n especial para poder sesionar el lunes, nos parec\u00eda importante poder aprovechar el tiempo y la celeridad del poder Ejecutivo en dar respuestas que contribuyan a esclarecer algunas dudas que nosotros ten\u00edamos y que pueden empezar a identificar responsabilidades administrativas y pol\u00edticas porque como entendemos la responsabilidad penal y civil la va a determinar la justicia, y nos parec\u00eda importante tambi\u00e9n porque estamos en articulaci\u00f3n directa con el abogado de la familia y trabajamos de manera mancomunada pero bueno, fue rechazado ese pedido de sesi\u00f3n especial.<\/em><br \/>\n<em> (\u2026) Finalmente pudimos luego pudimos sesionar y la verdad es que, han aprobado los seis pedidos de informes que hemos presentados los distintos bloques de la oposici\u00f3n\u201d<\/em>.<\/p>\n<p>Viguera, adem\u00e1s, describi\u00f3 parte de las explicaciones pedidas, <em>\u201cEn principio, nosotros presentamos uno que es pura y exclusivamente dedicado a todo lo que fue el desempe\u00f1o del SAME, desde el momento de la llamada hasta las derivaciones de los chicos, las razones, el por qu\u00e9, c\u00f3mo encontraron a Luc\u00eda, qu\u00e9 hicieron. Despu\u00e9s hicimos un pedido de informe que tiene que ver con toda la parte de habilitaciones, para pedir la habilitaci\u00f3n primaria del local, la habilitaci\u00f3n post pandemia, las condiciones, cuantas inspecciones tuvo este local. En termino de seguridad e higiene, todo lo que tiene que ver \u00a0con presencia de matafuegos, salidas de emergencia, autorizaci\u00f3n para estos centros de mesa con alcohol, preparaci\u00f3n y entrenamiento del personal que estaba trabajando para la manipulaci\u00f3n de elementos inflamables. Tambi\u00e9n quien fue la persona habilitante, su matr\u00edcula.<\/em><br \/>\n<em> Al Intendente le hicimos un pedido de informe en relaci\u00f3n a cu\u00e1l fue el protocolo que mando a la provincia de Buenos Aires y que naturalmente fue denegado. \u00a0(\u2026) le hacemos varias preguntas, entre ellas, cu\u00e1l fue su accionar con la familia, cu\u00e1l fue el protocolo, cu\u00e1l fue la negaci\u00f3n de la provincia, cu\u00e1l es el protocolo que est\u00e1 en vigencia en este momento, qui\u00e9nes son los firmantes. Son cuatro pedidos de informes bien detallados<\/em>\u201d.<\/p>\n<p>Ahora los bloques opositores esperan que el Ejecutivo cumpla los plazos administrativos y que las respuestas sean acordes a las preguntas, con el fin de contar con ese material y ponga luz sobre la posible responsabilidad institucional o no.<\/p>\n<p>El Ejecutivo tiene un plazo de 10 d\u00edas, desde la aprobaci\u00f3n de los informes.<\/p>\n<p>Compartimos la entrevista completa<\/p>\n<p><a href=\"https:\/\/archive.org\/details\/audio-marcela-viguera-concejala-sm-fdt-21-10-2020\">Descargar<\/a><\/p>\n<audio class=\"wp-audio-shortcode\" id=\"audio-2514-2\" preload=\"none\" style=\"width: 100%;\" controls=\"controls\"><source type=\"audio\/mpeg\" src=\"https:\/\/archive.org\/download\/audio-marcela-viguera-concejala-sm-fdt-21-10-2020\/AUDIO%20-%20MARCELA%20VIGUERA%20%28CONCEJALA%20SM%20-%20FDT%29%2021%2010%202020.mp3?_=2\" \/><a href=\"https:\/\/archive.org\/download\/audio-marcela-viguera-concejala-sm-fdt-21-10-2020\/AUDIO%20-%20MARCELA%20VIGUERA%20%28CONCEJALA%20SM%20-%20FDT%29%2021%2010%202020.mp3\">https:\/\/archive.org\/download\/audio-marcela-viguera-concejala-sm-fdt-21-10-2020\/AUDIO%20-%20MARCELA%20VIGUERA%20%28CONCEJALA%20SM%20-%20FDT%29%2021%2010%202020.mp3<\/a><\/audio>\n<p>&nbsp;<\/p>\n<p>Fotograf\u00eda: Diario PH.<\/p>\n<div class=\"powerpress_player\" id=\"powerpress_player_5594\"><audio class=\"wp-audio-shortcode\" id=\"audio-2514-1\" preload=\"none\" style=\"width: 100%;\" controls=\"controls\"><source type=\"audio\/mpeg\" src=\"https:\/\/archive.org\/download\/audio-marcela-viguera-concejala-sm-fdt-21-10-2020\/AUDIO%20-%20MARCELA%20VIGUERA%20%28CONCEJALA%20SM%20-%20FDT%29%2021%2010%202020.mp3?_=1\" \/><a href=\"https:\/\/archive.org\/download\/audio-marcela-viguera-concejala-sm-fdt-21-10-2020\/AUDIO%20-%20MARCELA%20VIGUERA%20%28CONCEJALA%20SM%20-%20FDT%29%2021%2010%202020.mp3\">https:\/\/archive.org\/download\/audio-marcela-viguera-concejala-sm-fdt-21-10-2020\/AUDIO%20-%20MARCELA%20VIGUERA%20%28CONCEJALA%20SM%20-%20FDT%29%2021%2010%202020.mp3<\/a><\/audio><\/div><p class=\"powerpress_links powerpress_links_mp3\" style=\"margin-bottom: 1px !important;\">Podcast: <a href=\"https:\/\/archive.org\/download\/audio-marcela-viguera-concejala-sm-fdt-21-10-2020\/AUDIO%20-%20MARCELA%20VIGUERA%20%28CONCEJALA%20SM%20-%20FDT%29%2021%2010%202020.mp3\" class=\"powerpress_link_pinw\" target=\"_blank\" title=\"Reproducir en una nueva ventana\" onclick=\"return powerpress_pinw('https:\/\/fmtinkunaco.ar\/?powerpress_pinw=2514-podcast');\" rel=\"nofollow\">Reproducir en una nueva ventana<\/a> | <a href=\"https:\/\/archive.org\/download\/audio-marcela-viguera-concejala-sm-fdt-21-10-2020\/AUDIO%20-%20MARCELA%20VIGUERA%20%28CONCEJALA%20SM%20-%20FDT%29%2021%2010%202020.mp3\" class=\"powerpress_link_d\" title=\"Descargar\" rel=\"nofollow\" download=\"AUDIO%20-%20MARCELA%20VIGUERA%20%28CONCEJALA%20SM%20-%20FDT%29%2021%2010%202020.mp3\">Descargar<\/a><\/p>","protected":false},"excerpt":{"rendered":"<p>Luc\u00eda Costa, era una joven de 19 a\u00f1os, que el 9 de octubre falleci\u00f3 en el Bar Zar Burguers luego de que el centro de mesa que tenia material inflamable fuera recargado por la mesera, explotar\u00e1, y provocar\u00e1 quemaduras graves en su cuerpo. En el marco de esta tr\u00e1gica y evitable muerte, se realizaron diversas [&hellip;]<\/p>\n","protected":false},"author":1,"featured_media":2515,"comment_status":"open","ping_status":"open","sticky":false,"template":"","format":"standard","meta":{"footnotes":""},"categories":[9],"tags":[263,292,295,342,522],"class_list":["post-2514","post","type-post","status-publish","format-standard","has-post-thumbnail","hentry","category-sociedad","tag-jaime-mendez","tag-lucia-costa","tag-marcela-viguera","tag-municipio-de-san-miguel","tag-zar-burguers"],"_links":{"self":[{"href":"https:\/\/fmtinkunaco.ar\/index.php?rest_route=\/wp\/v2\/posts\/2514","targetHints":{"allow":["GET"]}}],"collection":[{"href":"https:\/\/fmtinkunaco.ar\/index.php?rest_route=\/wp\/v2\/posts"}],"about":[{"href":"https:\/\/fmtinkunaco.ar\/index.php?rest_route=\/wp\/v2\/types\/post"}],"author":[{"embeddable":true,"href":"https:\/\/fmtinkunaco.ar\/index.php?rest_route=\/wp\/v2\/users\/1"}],"replies":[{"embeddable":true,"href":"https:\/\/fmtinkunaco.ar\/index.php?rest_route=%2Fwp%2Fv2%2Fcomments&post=2514"}],"version-history":[{"count":0,"href":"https:\/\/fmtinkunaco.ar\/index.php?rest_route=\/wp\/v2\/posts\/2514\/revisions"}],"wp:featuredmedia":[{"embeddable":true,"href":"https:\/\/fmtinkunaco.ar\/index.php?rest_route=\/"}],"wp:attachment":[{"href":"https:\/\/fmtinkunaco.ar\/index.php?rest_route=%2Fwp%2Fv2%2Fmedia&parent=2514"}],"wp:term":[{"taxonomy":"category","embeddable":true,"href":"https:\/\/fmtinkunaco.ar\/index.php?rest_route=%2Fwp%2Fv2%2Fcategories&post=2514"},{"taxonomy":"post_tag","embeddable":true,"href":"https:\/\/fmtinkunaco.ar\/index.php?rest_route=%2Fwp%2Fv2%2Ftags&post=2514"}],"curies":[{"name":"wp","href":"https:\/\/api.w.org\/{rel}","templated":true}]}}