{"id":2517,"date":"2020-10-26T10:42:27","date_gmt":"2020-10-26T13:42:27","guid":{"rendered":"http:\/\/fmtinkunaco.com.ar\/?p=2517"},"modified":"2020-10-26T10:42:27","modified_gmt":"2020-10-26T13:42:27","slug":"presidente-derqui-se-inauguro-el-nuevo-centro-de-salud-villa-lujan","status":"publish","type":"post","link":"https:\/\/fmtinkunaco.ar\/?p=2517","title":{"rendered":"Presidente Derqui: se inaugur\u00f3 el nuevo Centro de Salud Villa Luj\u00e1n"},"content":{"rendered":"<p>El s\u00e1bado, 24 de octubre, se inaugur\u00f3 el Centro de Salud Villa Luj\u00e1n en la localidad de Presidente Derqui (Pilar).<\/p>\n<p>Este centro de primeros auxilios permite que vecinos y vecinas, que ante un problema de salud, se ten\u00edan que trasladar a otra localidad puedan tener un espacio de atenci\u00f3n en su barrio.<\/p>\n<p>En di\u00e1logo con la FM Tinkunaco, el Director de Atenci\u00f3n Primaria, Facundo Maidana se refiri\u00f3 a esta inauguraci\u00f3n<em> \u201cLa verdad es que estamos muy contentos porque podemos concretar todas las expectativas que ten\u00edamos al inicio de la gesti\u00f3n, en un contexto como este que demanda que la gesti\u00f3n este a disposici\u00f3n de los vecinos y las vecinas de Pilar. En el caso de Villa Luj\u00e1n, un barrio y un \u00e1rea program\u00e1tica que estaba bastante desprotegida y sin duda el centro de salud viene a reconfortar todas esas deficiencias que hab\u00eda antiguamente\u201d<\/em>.<\/p>\n<p>Compartimos la entrevista completa<\/p>\n<p><a href=\"https:\/\/archive.org\/details\/audio-02-facundo-maidana\">Descargar<\/a><\/p>\n<audio class=\"wp-audio-shortcode\" id=\"audio-2517-2\" preload=\"none\" style=\"width: 100%;\" controls=\"controls\"><source type=\"audio\/mpeg\" src=\"https:\/\/archive.org\/download\/audio-02-facundo-maidana\/AUDIO%2002%20-%20FACUNDO%20MAIDANA%20.mp3?_=2\" \/><a href=\"https:\/\/archive.org\/download\/audio-02-facundo-maidana\/AUDIO%2002%20-%20FACUNDO%20MAIDANA%20.mp3\">https:\/\/archive.org\/download\/audio-02-facundo-maidana\/AUDIO%2002%20-%20FACUNDO%20MAIDANA%20.mp3<\/a><\/audio>\n<p>De la inagutacion tambien participaron concejales y el intendente del Partido de Pilar.<\/p>\n<p>Juan Pablo Rold\u00e1n, Concejal por el Frente de Todos, dialogo con la Tinkunaco <em>\u201cFeliz porque era una deuda pendiente para todos los vecinos de Presidente Derqui, el desaf\u00edo que hemos tenido como espacio pol\u00edtico ha sido con la salud, m\u00e1s con Presidente Derqui, hemos padecido durante a\u00f1os el abandono del sistema sanitario y hoy poder inaugurar un centro de salud en Villa Luj\u00e1n, que se suma a la apertura del centro de salud Toro y que se suma a la apertura del Hospital, nos llena de felicidad y nos llegan de orgullo\u201d<\/em>.<\/p>\n<p>Compartimos la entrevista completa<\/p>\n<p><a href=\"https:\/\/archive.org\/details\/audio-03-juan-pablo-roldan\">Descargar\u00a0<\/a><\/p>\n<audio class=\"wp-audio-shortcode\" id=\"audio-2517-3\" preload=\"none\" style=\"width: 100%;\" controls=\"controls\"><source type=\"audio\/mpeg\" src=\"https:\/\/archive.org\/download\/audio-03-juan-pablo-roldan\/AUDIO%2003%20-%20JUAN%20PABLO%20ROLDAN.mp3?_=3\" \/><a href=\"https:\/\/archive.org\/download\/audio-03-juan-pablo-roldan\/AUDIO%2003%20-%20JUAN%20PABLO%20ROLDAN.mp3\">https:\/\/archive.org\/download\/audio-03-juan-pablo-roldan\/AUDIO%2003%20-%20JUAN%20PABLO%20ROLDAN.mp3<\/a><\/audio>\n<p>&nbsp;<\/p>\n<p>El centro de salud cuenta con las especialidades medicina general, obstetricia, pediatr\u00eda, as\u00ed como enfermer\u00eda y vacunaci\u00f3n. Funcionar\u00e1 de 7 a 19 horas, y adem\u00e1s cuenta con historia cl\u00ednica online y turnos web.<\/p>\n<p>Federico Achav\u00e1l, intendente de Pilar, remarc\u00f3 la alegr\u00eda por la inauguraci\u00f3n, <em>\u201cLa verdad que estamos muy contentos porque nosotros vinimos ac\u00e1, caminamos estas calles, nos comprometimos con los vecinos y lo que hoy estamos haciendo es cumplir, ni m\u00e1s ni menos, que con nuestra palabra; lo hicimos con Presidente Derqui, b\u00e1sicamente porque creemos que hay que empezar por aquellos que estaban m\u00e1s postergados, inauguramos un hospital y hoy esta sala de atenci\u00f3n primaria, no es ni m\u00e1s ni menos que garantizar el derecho a la salud. Pedirle a los vecinos que la usen, que la cuiden, que la tomen como propia, que este sea un punto de reuni\u00f3n para todos los derquinos\u201d<\/em>.<\/p>\n<p>Compartimos la entrevista completa<\/p>\n<p><a href=\"https:\/\/archive.org\/details\/audio-04-federico-achaval\">Descargar<\/p>\n<p><\/a><\/p>\n<audio class=\"wp-audio-shortcode\" id=\"audio-2517-4\" preload=\"none\" style=\"width: 100%;\" controls=\"controls\"><source type=\"audio\/mpeg\" src=\"https:\/\/archive.org\/download\/audio-04-federico-achaval\/AUDIO%2004%20-%20FEDERICO%20ACHAVAL.mp3?_=4\" \/><a href=\"https:\/\/archive.org\/download\/audio-04-federico-achaval\/AUDIO%2004%20-%20FEDERICO%20ACHAVAL.mp3\">https:\/\/archive.org\/download\/audio-04-federico-achaval\/AUDIO%2004%20-%20FEDERICO%20ACHAVAL.mp3<\/a><\/audio>\n<p>&nbsp;<\/p>\n<div class=\"powerpress_player\" id=\"powerpress_player_1339\"><audio class=\"wp-audio-shortcode\" id=\"audio-2517-1\" preload=\"none\" style=\"width: 100%;\" controls=\"controls\"><source type=\"audio\/mpeg\" src=\"https:\/\/archive.org\/download\/audio-02-facundo-maidana\/AUDIO%2002%20-%20FACUNDO%20MAIDANA%20.mp3?_=1\" \/><a href=\"https:\/\/archive.org\/download\/audio-02-facundo-maidana\/AUDIO%2002%20-%20FACUNDO%20MAIDANA%20.mp3\">https:\/\/archive.org\/download\/audio-02-facundo-maidana\/AUDIO%2002%20-%20FACUNDO%20MAIDANA%20.mp3<\/a><\/audio><\/div><p class=\"powerpress_links powerpress_links_mp3\" style=\"margin-bottom: 1px !important;\">Podcast: <a href=\"https:\/\/archive.org\/download\/audio-02-facundo-maidana\/AUDIO%2002%20-%20FACUNDO%20MAIDANA%20.mp3\" class=\"powerpress_link_pinw\" target=\"_blank\" title=\"Reproducir en una nueva ventana\" onclick=\"return powerpress_pinw('https:\/\/fmtinkunaco.ar\/?powerpress_pinw=2517-podcast');\" rel=\"nofollow\">Reproducir en una nueva ventana<\/a> | <a href=\"https:\/\/archive.org\/download\/audio-02-facundo-maidana\/AUDIO%2002%20-%20FACUNDO%20MAIDANA%20.mp3\" class=\"powerpress_link_d\" title=\"Descargar\" rel=\"nofollow\" download=\"AUDIO%2002%20-%20FACUNDO%20MAIDANA%20.mp3\">Descargar<\/a><\/p>","protected":false},"excerpt":{"rendered":"<p>El s\u00e1bado, 24 de octubre, se inaugur\u00f3 el Centro de Salud Villa Luj\u00e1n en la localidad de Presidente Derqui (Pilar). Este centro de primeros auxilios permite que vecinos y vecinas, que ante un problema de salud, se ten\u00edan que trasladar a otra localidad puedan tener un espacio de atenci\u00f3n en su barrio. En di\u00e1logo con [&hellip;]<\/p>\n","protected":false},"author":1,"featured_media":2518,"comment_status":"open","ping_status":"open","sticky":false,"template":"","format":"standard","meta":{"footnotes":""},"categories":[7],"tags":[207,340,442,515],"class_list":["post-2517","post","type-post","status-publish","format-standard","has-post-thumbnail","hentry","category-salud","tag-federico-achaval","tag-municipio-de-pilar","tag-salud","tag-villa-lujan"],"_links":{"self":[{"href":"https:\/\/fmtinkunaco.ar\/index.php?rest_route=\/wp\/v2\/posts\/2517","targetHints":{"allow":["GET"]}}],"collection":[{"href":"https:\/\/fmtinkunaco.ar\/index.php?rest_route=\/wp\/v2\/posts"}],"about":[{"href":"https:\/\/fmtinkunaco.ar\/index.php?rest_route=\/wp\/v2\/types\/post"}],"author":[{"embeddable":true,"href":"https:\/\/fmtinkunaco.ar\/index.php?rest_route=\/wp\/v2\/users\/1"}],"replies":[{"embeddable":true,"href":"https:\/\/fmtinkunaco.ar\/index.php?rest_route=%2Fwp%2Fv2%2Fcomments&post=2517"}],"version-history":[{"count":0,"href":"https:\/\/fmtinkunaco.ar\/index.php?rest_route=\/wp\/v2\/posts\/2517\/revisions"}],"wp:featuredmedia":[{"embeddable":true,"href":"https:\/\/fmtinkunaco.ar\/index.php?rest_route=\/"}],"wp:attachment":[{"href":"https:\/\/fmtinkunaco.ar\/index.php?rest_route=%2Fwp%2Fv2%2Fmedia&parent=2517"}],"wp:term":[{"taxonomy":"category","embeddable":true,"href":"https:\/\/fmtinkunaco.ar\/index.php?rest_route=%2Fwp%2Fv2%2Fcategories&post=2517"},{"taxonomy":"post_tag","embeddable":true,"href":"https:\/\/fmtinkunaco.ar\/index.php?rest_route=%2Fwp%2Fv2%2Ftags&post=2517"}],"curies":[{"name":"wp","href":"https:\/\/api.w.org\/{rel}","templated":true}]}}