{"id":2523,"date":"2020-10-27T11:13:28","date_gmt":"2020-10-27T14:13:28","guid":{"rendered":"http:\/\/fmtinkunaco.com.ar\/?p=2523"},"modified":"2020-10-27T11:13:28","modified_gmt":"2020-10-27T14:13:28","slug":"caso-lucia-costa-sentada-frente-a-zar-burguers","status":"publish","type":"post","link":"https:\/\/fmtinkunaco.ar\/?p=2523","title":{"rendered":"Caso Luc\u00eda Costa: Sentada frente a Zar Burguers"},"content":{"rendered":"<p>El pr\u00f3ximo viernes, se llevar\u00e1 adelante una sentada frente al Bar Zar Burguers exigiendo \u201cJusticia por Luc\u00eda\u201d.<\/p>\n<p>La abogada de la familia, Nilda G\u00f3mez, se encuentra en pleno trabajo del caso; el pr\u00f3ximo jueves volver\u00e1n a dar su testimonio j\u00f3venes se encontraban en el lugar el d\u00eda de la evitable muerte de Luc\u00eda.<\/p>\n<p>En di\u00e1logo con el programa radial \u201cEncuentro con las Noticias\u201d, Nilda G\u00f3mez, Abogada de la Familia de Luc\u00eda Costa, se refiri\u00f3 al caso, <em>\u201cLo que pas\u00f3 en ZAR es que la falta de criterio del due\u00f1o, porque es nada m\u00e1s que sentido com\u00fan, porque te sanitizan cuando entras, te ponen alcohol en gel, estaba limpio con alcohol en gel. Ayer tuve el testimonio de dos sobrevivientes y te puedo asegurar que lo que contaron los chicos y que no est\u00e1 tal cual ellos lo contaron, no consta en el expediente, hace que el jueves vayamos a la Fiscal\u00eda a que ellos presten nuevamente testimonio porque el testimonio que les tomaron en la comisaria es inocuo, que te quiero decir, todos dijeron lo mismo, es como que hubieran preparado una planillita, los chicos dicen esto y te ponen cuatro o cinco cosas, entonces firma ah\u00ed, no pero no dije esto. Bueno pero es maso menos lo mismo, no no es lo mismo. Lo que figura ah\u00ed, y lo que los chicos dijeron, y lo que nos cuentan, no es lo mismo\u201d<\/em>.<\/p>\n<p>Adem\u00e1s, G\u00f3mez, remarc\u00f3 que son muchas las incongruencias de esa noche y muchas las explicaciones que tienen que dar, <em>\u00a0\u201cLas cosas que contaron ayer, fueron tremendas, de las actitudes de los empleadores, del due\u00f1o, hay ocho c\u00e1maras dentro del boliche y alrededor; las ocho se detienen en un determinado tiempo y la ocho se habilitan minutos despu\u00e9s. Esas incongruencias, falencias, tendr\u00e1n que ser explicadas; obviamente en este caso no solamente por el due\u00f1o sino por aquel que ten\u00eda que controlar. (\u2026) Hay mucha responsabilidad, de muchas partes, y tendr\u00e1 que ser la justicia la que determine\u201d<\/em>.<\/p>\n<p>El pr\u00f3ximo viernes, la sentada se propone visibilizar el reclamo de \u201cJusticia por Luc\u00eda\u201d y as\u00ed no ser olvidado, as\u00ed describi\u00f3 la acci\u00f3n Nilda G\u00f3mez,<em> \u201cVamos a estar frente al boliche y nos vamos a separar, hacer una especie de sentada para pintar remeras, vamos a pintar remeras para que todo el que quiera se lleve una remera con Justicia por Luc\u00eda. Y es una manera de estar frente al boliche, reclamando que esto no se olvide porque no se puede olvidar porque nosotros sabemos que una noticia tapa la otra y que los medios nacionales seguramente van a estar con otra cosa pero San Miguel no puede estar con otra cosa\u201d<\/em>.<\/p>\n<p>La abogada solicito que quienes tengan algo para decir sobre esa noche o alg\u00fan dato que aportar, se acerquen a la UFI 24 en Roca (a 4 cuadras de la ruta 8) a dar su testimonio.<\/p>\n<p>Compartimos la entrevista completa<\/p>\n<p><a href=\"https:\/\/archive.org\/details\/audio-nilda-gomez-caso-lucia-costa-27-10-2020\">Descargar<\/a><\/p>\n<audio class=\"wp-audio-shortcode\" id=\"audio-2523-2\" preload=\"none\" style=\"width: 100%;\" controls=\"controls\"><source type=\"audio\/mpeg\" src=\"https:\/\/archive.org\/download\/audio-nilda-gomez-caso-lucia-costa-27-10-2020\/AUDIO%20-%20NILDA%20GOMEZ%20%28CASO%20LUCIA%20COSTA%29%2027%2010%202020.mp3?_=2\" \/><a href=\"https:\/\/archive.org\/download\/audio-nilda-gomez-caso-lucia-costa-27-10-2020\/AUDIO%20-%20NILDA%20GOMEZ%20%28CASO%20LUCIA%20COSTA%29%2027%2010%202020.mp3\">https:\/\/archive.org\/download\/audio-nilda-gomez-caso-lucia-costa-27-10-2020\/AUDIO%20-%20NILDA%20GOMEZ%20%28CASO%20LUCIA%20COSTA%29%2027%2010%202020.mp3<\/a><\/audio>\n<div class=\"powerpress_player\" id=\"powerpress_player_207\"><audio class=\"wp-audio-shortcode\" id=\"audio-2523-1\" preload=\"none\" style=\"width: 100%;\" controls=\"controls\"><source type=\"audio\/mpeg\" src=\"https:\/\/archive.org\/download\/audio-nilda-gomez-caso-lucia-costa-27-10-2020\/AUDIO%20-%20NILDA%20GOMEZ%20%28CASO%20LUCIA%20COSTA%29%2027%2010%202020.mp3?_=1\" \/><a href=\"https:\/\/archive.org\/download\/audio-nilda-gomez-caso-lucia-costa-27-10-2020\/AUDIO%20-%20NILDA%20GOMEZ%20%28CASO%20LUCIA%20COSTA%29%2027%2010%202020.mp3\">https:\/\/archive.org\/download\/audio-nilda-gomez-caso-lucia-costa-27-10-2020\/AUDIO%20-%20NILDA%20GOMEZ%20%28CASO%20LUCIA%20COSTA%29%2027%2010%202020.mp3<\/a><\/audio><\/div><p class=\"powerpress_links powerpress_links_mp3\" style=\"margin-bottom: 1px !important;\">Podcast: <a href=\"https:\/\/archive.org\/download\/audio-nilda-gomez-caso-lucia-costa-27-10-2020\/AUDIO%20-%20NILDA%20GOMEZ%20%28CASO%20LUCIA%20COSTA%29%2027%2010%202020.mp3\" class=\"powerpress_link_pinw\" target=\"_blank\" title=\"Reproducir en una nueva ventana\" onclick=\"return powerpress_pinw('https:\/\/fmtinkunaco.ar\/?powerpress_pinw=2523-podcast');\" rel=\"nofollow\">Reproducir en una nueva ventana<\/a> | <a href=\"https:\/\/archive.org\/download\/audio-nilda-gomez-caso-lucia-costa-27-10-2020\/AUDIO%20-%20NILDA%20GOMEZ%20%28CASO%20LUCIA%20COSTA%29%2027%2010%202020.mp3\" class=\"powerpress_link_d\" title=\"Descargar\" rel=\"nofollow\" download=\"AUDIO%20-%20NILDA%20GOMEZ%20%28CASO%20LUCIA%20COSTA%29%2027%2010%202020.mp3\">Descargar<\/a><\/p>","protected":false},"excerpt":{"rendered":"<p>El pr\u00f3ximo viernes, se llevar\u00e1 adelante una sentada frente al Bar Zar Burguers exigiendo \u201cJusticia por Luc\u00eda\u201d. La abogada de la familia, Nilda G\u00f3mez, se encuentra en pleno trabajo del caso; el pr\u00f3ximo jueves volver\u00e1n a dar su testimonio j\u00f3venes se encontraban en el lugar el d\u00eda de la evitable muerte de Luc\u00eda. En di\u00e1logo [&hellip;]<\/p>\n","protected":false},"author":1,"featured_media":2524,"comment_status":"open","ping_status":"open","sticky":false,"template":"","format":"standard","meta":{"footnotes":""},"categories":[4,9],"tags":[292,342,522],"class_list":["post-2523","post","type-post","status-publish","format-standard","has-post-thumbnail","hentry","category-derechos-humanos","category-sociedad","tag-lucia-costa","tag-municipio-de-san-miguel","tag-zar-burguers"],"_links":{"self":[{"href":"https:\/\/fmtinkunaco.ar\/index.php?rest_route=\/wp\/v2\/posts\/2523","targetHints":{"allow":["GET"]}}],"collection":[{"href":"https:\/\/fmtinkunaco.ar\/index.php?rest_route=\/wp\/v2\/posts"}],"about":[{"href":"https:\/\/fmtinkunaco.ar\/index.php?rest_route=\/wp\/v2\/types\/post"}],"author":[{"embeddable":true,"href":"https:\/\/fmtinkunaco.ar\/index.php?rest_route=\/wp\/v2\/users\/1"}],"replies":[{"embeddable":true,"href":"https:\/\/fmtinkunaco.ar\/index.php?rest_route=%2Fwp%2Fv2%2Fcomments&post=2523"}],"version-history":[{"count":0,"href":"https:\/\/fmtinkunaco.ar\/index.php?rest_route=\/wp\/v2\/posts\/2523\/revisions"}],"wp:featuredmedia":[{"embeddable":true,"href":"https:\/\/fmtinkunaco.ar\/index.php?rest_route=\/"}],"wp:attachment":[{"href":"https:\/\/fmtinkunaco.ar\/index.php?rest_route=%2Fwp%2Fv2%2Fmedia&parent=2523"}],"wp:term":[{"taxonomy":"category","embeddable":true,"href":"https:\/\/fmtinkunaco.ar\/index.php?rest_route=%2Fwp%2Fv2%2Fcategories&post=2523"},{"taxonomy":"post_tag","embeddable":true,"href":"https:\/\/fmtinkunaco.ar\/index.php?rest_route=%2Fwp%2Fv2%2Ftags&post=2523"}],"curies":[{"name":"wp","href":"https:\/\/api.w.org\/{rel}","templated":true}]}}