{"id":2536,"date":"2020-10-28T10:55:36","date_gmt":"2020-10-28T13:55:36","guid":{"rendered":"http:\/\/fmtinkunaco.com.ar\/?p=2536"},"modified":"2020-10-28T10:55:36","modified_gmt":"2020-10-28T13:55:36","slug":"jose-c-paz-organizaciones-sociales-quieren-la-conformacion-del-consejo-local-de-ninez","status":"publish","type":"post","link":"https:\/\/fmtinkunaco.ar\/?p=2536","title":{"rendered":"Jos\u00e9. C. Paz: Organizaciones sociales quieren la conformaci\u00f3n del Consejo Local de ni\u00f1ez"},"content":{"rendered":"<p>La Asamblea No al Cierre de las Salitas junto a diferentes espacios que trabajan por los derechos de las ni\u00f1as, ni\u00f1os y adolescentes convoca a retomar las reuniones para conformar el Consejo Local de Promoci\u00f3n y Protecci\u00f3n de los derechos de ni\u00f1os, ni\u00f1as y adolescentes.<\/p>\n<p>En di\u00e1logo con el programa radial \u201cEncuentro con las Noticias\u201d, Ana Gravina, referente de la red de centros comunitarios El Encuentro, organizaci\u00f3n que participa de esta convocatoria, realiz\u00f3 un recorrido sobre los intentos de que se conformar\u00e1 el Consejo, <em>\u201cLa primer convocatoria, la hizo el municipio desde la DINAF, entonces desde all\u00ed se convoco a las organizaciones y las organizaciones respondieron con mucha fuerza. Nos reunimos durante ocho a\u00f1os, desde la Red hemos tenido una asistencia casi perfecta porque de verdad pens\u00e1bamos que era un espacio muy valioso. Lo que lleg\u00f3 a suceder fue que tuvimos estas reuniones, que tuvimos un momento de laburo interesante en el que analizamos el texto de la Ley y la parte de la Ley que propon\u00eda la conformaci\u00f3n del Consejo y para qu\u00e9 serv\u00eda.<\/em><br \/>\n<em> Llegamos a elaborar un reglamento interno, y se lleg\u00f3 a crear esa ordenanza que por lo que ped\u00eda el sistema exig\u00eda una representaci\u00f3n de cada \u00e1rea del municipio, por lo que hab\u00eda m\u00e1s gente del municipio que de las organizaciones lo que pasa es que nunca tuvieron presencias. <\/em><br \/>\n<em> (\u2026) Hubo una reuni\u00f3n que fue bastante hostil a la que vino muchos representantes del municipio, que tambi\u00e9n quedo en la nada. Entonces nos quedamos con un reglamento interno, una ordenanza y una enorme frustraci\u00f3n porque fue mucho trabajo<\/em>\u201d.<\/p>\n<p>Adem\u00e1s, Gravina, remarc\u00f3 que s\u00ed el municipio no convoca a las organizaciones para la conformaci\u00f3n, las organizaciones se pueden autoconvocar, <em>\u201cEst\u00e1 previsto que s\u00ed el municipio no es quien toma la iniciativa de convocar, las organizaciones se pueden autoconvocar y conformar esta Consejo Local\u201d<\/em>.<\/p>\n<p>El primer encuentro virtual de este 2020 ser\u00e1 el pr\u00f3ximo viernes 6 de noviembre a las 18hs y aquellas instituciones y organizaciones que est\u00e9n interesadas en participar pueden comunicarse al Facebook de la Asamblea No al cierre de las salitas JCP.<\/p>\n<p>Compartimos la entrevista completa<\/p>\n<p><a href=\"https:\/\/archive.org\/details\/audio-ana-gravina-28-10-2020\">Descargar<\/a><\/p>\n<audio class=\"wp-audio-shortcode\" id=\"audio-2536-2\" preload=\"none\" style=\"width: 100%;\" controls=\"controls\"><source type=\"audio\/mpeg\" src=\"https:\/\/archive.org\/download\/audio-ana-gravina-28-10-2020\/AUDIO%20-%20ANA%20GRAVINA%2028%2010%202020.mp3?_=2\" \/><a href=\"https:\/\/archive.org\/download\/audio-ana-gravina-28-10-2020\/AUDIO%20-%20ANA%20GRAVINA%2028%2010%202020.mp3\">https:\/\/archive.org\/download\/audio-ana-gravina-28-10-2020\/AUDIO%20-%20ANA%20GRAVINA%2028%2010%202020.mp3<\/a><\/audio>\n<div class=\"powerpress_player\" id=\"powerpress_player_2852\"><audio class=\"wp-audio-shortcode\" id=\"audio-2536-1\" preload=\"none\" style=\"width: 100%;\" controls=\"controls\"><source type=\"audio\/mpeg\" src=\"https:\/\/archive.org\/download\/audio-ana-gravina-28-10-2020\/AUDIO%20-%20ANA%20GRAVINA%2028%2010%202020.mp3?_=1\" \/><a href=\"https:\/\/archive.org\/download\/audio-ana-gravina-28-10-2020\/AUDIO%20-%20ANA%20GRAVINA%2028%2010%202020.mp3\">https:\/\/archive.org\/download\/audio-ana-gravina-28-10-2020\/AUDIO%20-%20ANA%20GRAVINA%2028%2010%202020.mp3<\/a><\/audio><\/div><p class=\"powerpress_links powerpress_links_mp3\" style=\"margin-bottom: 1px !important;\">Podcast: <a href=\"https:\/\/archive.org\/download\/audio-ana-gravina-28-10-2020\/AUDIO%20-%20ANA%20GRAVINA%2028%2010%202020.mp3\" class=\"powerpress_link_pinw\" target=\"_blank\" title=\"Reproducir en una nueva ventana\" onclick=\"return powerpress_pinw('https:\/\/fmtinkunaco.ar\/?powerpress_pinw=2536-podcast');\" rel=\"nofollow\">Reproducir en una nueva ventana<\/a> | <a href=\"https:\/\/archive.org\/download\/audio-ana-gravina-28-10-2020\/AUDIO%20-%20ANA%20GRAVINA%2028%2010%202020.mp3\" class=\"powerpress_link_d\" title=\"Descargar\" rel=\"nofollow\" download=\"AUDIO%20-%20ANA%20GRAVINA%2028%2010%202020.mp3\">Descargar<\/a><\/p>","protected":false},"excerpt":{"rendered":"<p>La Asamblea No al Cierre de las Salitas junto a diferentes espacios que trabajan por los derechos de las ni\u00f1as, ni\u00f1os y adolescentes convoca a retomar las reuniones para conformar el Consejo Local de Promoci\u00f3n y Protecci\u00f3n de los derechos de ni\u00f1os, ni\u00f1as y adolescentes. En di\u00e1logo con el programa radial \u201cEncuentro con las Noticias\u201d, [&hellip;]<\/p>\n","protected":false},"author":1,"featured_media":2174,"comment_status":"open","ping_status":"open","sticky":false,"template":"","format":"standard","meta":{"footnotes":""},"categories":[4],"tags":[126,337,352],"class_list":["post-2536","post","type-post","status-publish","format-standard","has-post-thumbnail","hentry","category-derechos-humanos","tag-consejo-local-de-promocion-y-proteccion-de-los-derechos-de-ninos","tag-municipio-de-jose-c-paz","tag-ninas-y-adolescentes"],"_links":{"self":[{"href":"https:\/\/fmtinkunaco.ar\/index.php?rest_route=\/wp\/v2\/posts\/2536","targetHints":{"allow":["GET"]}}],"collection":[{"href":"https:\/\/fmtinkunaco.ar\/index.php?rest_route=\/wp\/v2\/posts"}],"about":[{"href":"https:\/\/fmtinkunaco.ar\/index.php?rest_route=\/wp\/v2\/types\/post"}],"author":[{"embeddable":true,"href":"https:\/\/fmtinkunaco.ar\/index.php?rest_route=\/wp\/v2\/users\/1"}],"replies":[{"embeddable":true,"href":"https:\/\/fmtinkunaco.ar\/index.php?rest_route=%2Fwp%2Fv2%2Fcomments&post=2536"}],"version-history":[{"count":0,"href":"https:\/\/fmtinkunaco.ar\/index.php?rest_route=\/wp\/v2\/posts\/2536\/revisions"}],"wp:featuredmedia":[{"embeddable":true,"href":"https:\/\/fmtinkunaco.ar\/index.php?rest_route=\/"}],"wp:attachment":[{"href":"https:\/\/fmtinkunaco.ar\/index.php?rest_route=%2Fwp%2Fv2%2Fmedia&parent=2536"}],"wp:term":[{"taxonomy":"category","embeddable":true,"href":"https:\/\/fmtinkunaco.ar\/index.php?rest_route=%2Fwp%2Fv2%2Fcategories&post=2536"},{"taxonomy":"post_tag","embeddable":true,"href":"https:\/\/fmtinkunaco.ar\/index.php?rest_route=%2Fwp%2Fv2%2Ftags&post=2536"}],"curies":[{"name":"wp","href":"https:\/\/api.w.org\/{rel}","templated":true}]}}