{"id":2538,"date":"2020-10-29T09:45:18","date_gmt":"2020-10-29T12:45:18","guid":{"rendered":"http:\/\/fmtinkunaco.com.ar\/?p=2538"},"modified":"2020-10-29T09:45:18","modified_gmt":"2020-10-29T12:45:18","slug":"forum-infancias-taller-con-adolescentes","status":"publish","type":"post","link":"https:\/\/fmtinkunaco.ar\/?p=2538","title":{"rendered":"Forum Infancias: Taller con adolescentes"},"content":{"rendered":"<p>S\u00ed ten\u00e9s entre 13 y 18 a\u00f1os, Forum Infancias, te invita a participar del taller con adolescentes \u201cVoces y sentires de las adolescencias hoy\u201d, que se realizar\u00e1 hoy jueves 29 de octubre a partir de las 20hs mediante instagram live por la cuenta @forum.infancias.<\/p>\n<p>En di\u00e1logo con el programa radial \u201cEncuentro con las Noticias\u201d, Alejandra Rubial, integrante del FORUM INFANCIAS, se refiri\u00f3 a la situaci\u00f3n de las adolescencias en contexto de aislamiento, <em>\u201cTodos tuvimos que desarmar nuestras rutinas cotidianas, los espacios de alojamiento que cada uno de nosotros ten\u00eda y los ni\u00f1os y los adolescentes fueron, por supuesto, unos de los m\u00e1s afectados pero parad\u00f3jicamente donde gran parte de la vida de los adolescentes necesita transcurrir por afuera de la familia fueron, te dir\u00eda, la poblaci\u00f3n que mejor entendi\u00f3 y aloj\u00f3 las normas de cuidado y de protecci\u00f3n y de solidaridad con respecto a los otros. Fueron protagonistas en ese sentido con respecto del cuidado de los dem\u00e1s\u201d<\/em>.<\/p>\n<p>Rubial, tambi\u00e9n describi\u00f3, <em>\u201cEn este momento, en el momento en donde comenzar a flexibilizar paulatinamente es muy importante poder escuchar qu\u00e9 dicen los adolescentes, qu\u00e9 necesitan, de qu\u00e9 manera armar una transici\u00f3n que considere alojamientos propicios de los adolescentes porque hay resignado mucho, much\u00edsimo, en su tiempo vital en esta reclusi\u00f3n \u2013 entre comillas \u2013 entonces c\u00f3mo volver a insertarse en sus lugares requiere de una disposici\u00f3n de verdadera escucha\u201d<\/em>.<\/p>\n<p>El taller es hoy, a partir de las 20 hs, mediante instagram live por la cuenta @forum.infancias. Contar\u00e1 con la participaci\u00f3n de la Licenciada Alejandra Rubial y la Licenciada Viviana Malti.<\/p>\n<p>Compartimos la entrevista completa<\/p>\n<p><a href=\"https:\/\/archive.org\/details\/audio-alejandra-rubial-forum\">Descargar<\/a><\/p>\n<audio class=\"wp-audio-shortcode\" id=\"audio-2538-2\" preload=\"none\" style=\"width: 100%;\" controls=\"controls\"><source type=\"audio\/mpeg\" src=\"https:\/\/archive.org\/download\/audio-alejandra-rubial-forum\/AUDIO%20-%20ALEJANDRA%20RUBIAL%20%28FORUM%29.mp3?_=2\" \/><a href=\"https:\/\/archive.org\/download\/audio-alejandra-rubial-forum\/AUDIO%20-%20ALEJANDRA%20RUBIAL%20%28FORUM%29.mp3\">https:\/\/archive.org\/download\/audio-alejandra-rubial-forum\/AUDIO%20-%20ALEJANDRA%20RUBIAL%20%28FORUM%29.mp3<\/a><\/audio>\n<div class=\"powerpress_player\" id=\"powerpress_player_3798\"><audio class=\"wp-audio-shortcode\" id=\"audio-2538-1\" preload=\"none\" style=\"width: 100%;\" controls=\"controls\"><source type=\"audio\/mpeg\" src=\"https:\/\/archive.org\/download\/audio-alejandra-rubial-forum\/AUDIO%20-%20ALEJANDRA%20RUBIAL%20%28FORUM%29.mp3?_=1\" \/><a href=\"https:\/\/archive.org\/download\/audio-alejandra-rubial-forum\/AUDIO%20-%20ALEJANDRA%20RUBIAL%20%28FORUM%29.mp3\">https:\/\/archive.org\/download\/audio-alejandra-rubial-forum\/AUDIO%20-%20ALEJANDRA%20RUBIAL%20%28FORUM%29.mp3<\/a><\/audio><\/div><p class=\"powerpress_links powerpress_links_mp3\" style=\"margin-bottom: 1px !important;\">Podcast: <a href=\"https:\/\/archive.org\/download\/audio-alejandra-rubial-forum\/AUDIO%20-%20ALEJANDRA%20RUBIAL%20%28FORUM%29.mp3\" class=\"powerpress_link_pinw\" target=\"_blank\" title=\"Reproducir en una nueva ventana\" onclick=\"return powerpress_pinw('https:\/\/fmtinkunaco.ar\/?powerpress_pinw=2538-podcast');\" rel=\"nofollow\">Reproducir en una nueva ventana<\/a> | <a href=\"https:\/\/archive.org\/download\/audio-alejandra-rubial-forum\/AUDIO%20-%20ALEJANDRA%20RUBIAL%20%28FORUM%29.mp3\" class=\"powerpress_link_d\" title=\"Descargar\" rel=\"nofollow\" download=\"AUDIO%20-%20ALEJANDRA%20RUBIAL%20%28FORUM%29.mp3\">Descargar<\/a><\/p>","protected":false},"excerpt":{"rendered":"<p>S\u00ed ten\u00e9s entre 13 y 18 a\u00f1os, Forum Infancias, te invita a participar del taller con adolescentes \u201cVoces y sentires de las adolescencias hoy\u201d, que se realizar\u00e1 hoy jueves 29 de octubre a partir de las 20hs mediante instagram live por la cuenta @forum.infancias. En di\u00e1logo con el programa radial \u201cEncuentro con las Noticias\u201d, Alejandra [&hellip;]<\/p>\n","protected":false},"author":1,"featured_media":2539,"comment_status":"open","ping_status":"open","sticky":false,"template":"","format":"standard","meta":{"footnotes":""},"categories":[4,7],"tags":[220],"class_list":["post-2538","post","type-post","status-publish","format-standard","has-post-thumbnail","hentry","category-derechos-humanos","category-salud","tag-forum-infancias"],"_links":{"self":[{"href":"https:\/\/fmtinkunaco.ar\/index.php?rest_route=\/wp\/v2\/posts\/2538","targetHints":{"allow":["GET"]}}],"collection":[{"href":"https:\/\/fmtinkunaco.ar\/index.php?rest_route=\/wp\/v2\/posts"}],"about":[{"href":"https:\/\/fmtinkunaco.ar\/index.php?rest_route=\/wp\/v2\/types\/post"}],"author":[{"embeddable":true,"href":"https:\/\/fmtinkunaco.ar\/index.php?rest_route=\/wp\/v2\/users\/1"}],"replies":[{"embeddable":true,"href":"https:\/\/fmtinkunaco.ar\/index.php?rest_route=%2Fwp%2Fv2%2Fcomments&post=2538"}],"version-history":[{"count":0,"href":"https:\/\/fmtinkunaco.ar\/index.php?rest_route=\/wp\/v2\/posts\/2538\/revisions"}],"wp:featuredmedia":[{"embeddable":true,"href":"https:\/\/fmtinkunaco.ar\/index.php?rest_route=\/"}],"wp:attachment":[{"href":"https:\/\/fmtinkunaco.ar\/index.php?rest_route=%2Fwp%2Fv2%2Fmedia&parent=2538"}],"wp:term":[{"taxonomy":"category","embeddable":true,"href":"https:\/\/fmtinkunaco.ar\/index.php?rest_route=%2Fwp%2Fv2%2Fcategories&post=2538"},{"taxonomy":"post_tag","embeddable":true,"href":"https:\/\/fmtinkunaco.ar\/index.php?rest_route=%2Fwp%2Fv2%2Ftags&post=2538"}],"curies":[{"name":"wp","href":"https:\/\/api.w.org\/{rel}","templated":true}]}}