{"id":2541,"date":"2020-10-29T11:12:39","date_gmt":"2020-10-29T14:12:39","guid":{"rendered":"http:\/\/fmtinkunaco.com.ar\/?p=2541"},"modified":"2020-10-29T11:12:39","modified_gmt":"2020-10-29T14:12:39","slug":"violento-desalojo-en-guernica","status":"publish","type":"post","link":"https:\/\/fmtinkunaco.ar\/?p=2541","title":{"rendered":"Violento desalojo a las familias de Guernica"},"content":{"rendered":"<p>En la madrugada del d\u00eda de hoy, las familias de Guernica fueron desalojadas de manera violenta luego de la disoluci\u00f3n unilateral, en la tarde de ayer, de la mesa de di\u00e1logo con las autoridades.<\/p>\n<p>En di\u00e1logo con el programa radial \u201cEncuentro con las Noticias\u201d, Juana Lissar, integrante del barrio de Guernica, se refiri\u00f3 a la situaci\u00f3n <em>\u201cAc\u00e1 todos corrieron y se llevaron a los chicos a la casa de los vecinos, muchos los dejaron en la casa de los padres as\u00ed que somos la mayor\u00eda adultos, adultos que estamos ac\u00e1 ahora. Pero no les importo y avanzaron sobre los ni\u00f1os, no le import\u00f3 a la polic\u00eda. Nosotros hicimos un cord\u00f3n solidario y ellos avanzaron igual y empezaron a reprimir, tiraron gases lacrim\u00f3genos\u201d<\/em>.<\/p>\n<p>Lissar, adem\u00e1s, remarc\u00f3 <em>\u201cTerrible lo que hicieron porque nosotros somos trabajadores que estamos pidiendo una vivienda, y con el operativo que hicieron no se cuanta plata habr\u00e1n\u00a0gastado capaz que les sal\u00eda lo mismo que darnos la vivienda a nosotros o darnos un plan de pago. Mucha cantidad de polic\u00edas\u201d<\/em>.<\/p>\n<p>Finalmente Lissar, explic\u00f3, <em>\u201cNosotros queremos una respuesta del gobierno inmediata, que nos de una soluci\u00f3n, no es tanto lo que le pedimos. Un plan de pagos, un plan de viviendas, no estamos pidiendo que nos regale\u201d<\/em>.<\/p>\n<p>Las familias de Guernica esperan respuestas y pr\u00f3ximas asambleas en las que determinar\u00e1n cu\u00e1les ser\u00e1n las pr\u00f3ximas acciones.<\/p>\n<p>Compartimos la entrevista completa<\/p>\n<p><a href=\"https:\/\/archive.org\/details\/audio-juana-lissar-guernica-29-10-2020\">Descargar<\/a><\/p>\n<audio class=\"wp-audio-shortcode\" id=\"audio-2541-2\" preload=\"none\" style=\"width: 100%;\" controls=\"controls\"><source type=\"audio\/mpeg\" src=\"https:\/\/archive.org\/download\/audio-juana-lissar-guernica-29-10-2020\/AUDIO%20-%20JUANA%20LISSAR%20%28GUERNICA%29%2029%2010%202020.mp3?_=2\" \/><a href=\"https:\/\/archive.org\/download\/audio-juana-lissar-guernica-29-10-2020\/AUDIO%20-%20JUANA%20LISSAR%20%28GUERNICA%29%2029%2010%202020.mp3\">https:\/\/archive.org\/download\/audio-juana-lissar-guernica-29-10-2020\/AUDIO%20-%20JUANA%20LISSAR%20%28GUERNICA%29%2029%2010%202020.mp3<\/a><\/audio>\n<div class=\"powerpress_player\" id=\"powerpress_player_9299\"><audio class=\"wp-audio-shortcode\" id=\"audio-2541-1\" preload=\"none\" style=\"width: 100%;\" controls=\"controls\"><source type=\"audio\/mpeg\" src=\"https:\/\/archive.org\/download\/audio-juana-lissar-guernica-29-10-2020\/AUDIO%20-%20JUANA%20LISSAR%20%28GUERNICA%29%2029%2010%202020.mp3?_=1\" \/><a href=\"https:\/\/archive.org\/download\/audio-juana-lissar-guernica-29-10-2020\/AUDIO%20-%20JUANA%20LISSAR%20%28GUERNICA%29%2029%2010%202020.mp3\">https:\/\/archive.org\/download\/audio-juana-lissar-guernica-29-10-2020\/AUDIO%20-%20JUANA%20LISSAR%20%28GUERNICA%29%2029%2010%202020.mp3<\/a><\/audio><\/div><p class=\"powerpress_links powerpress_links_mp3\" style=\"margin-bottom: 1px !important;\">Podcast: <a href=\"https:\/\/archive.org\/download\/audio-juana-lissar-guernica-29-10-2020\/AUDIO%20-%20JUANA%20LISSAR%20%28GUERNICA%29%2029%2010%202020.mp3\" class=\"powerpress_link_pinw\" target=\"_blank\" title=\"Reproducir en una nueva ventana\" onclick=\"return powerpress_pinw('https:\/\/fmtinkunaco.ar\/?powerpress_pinw=2541-podcast');\" rel=\"nofollow\">Reproducir en una nueva ventana<\/a> | <a href=\"https:\/\/archive.org\/download\/audio-juana-lissar-guernica-29-10-2020\/AUDIO%20-%20JUANA%20LISSAR%20%28GUERNICA%29%2029%2010%202020.mp3\" class=\"powerpress_link_d\" title=\"Descargar\" rel=\"nofollow\" download=\"AUDIO%20-%20JUANA%20LISSAR%20%28GUERNICA%29%2029%2010%202020.mp3\">Descargar<\/a><\/p>","protected":false},"excerpt":{"rendered":"<p>En la madrugada del d\u00eda de hoy, las familias de Guernica fueron desalojadas de manera violenta luego de la disoluci\u00f3n unilateral, en la tarde de ayer, de la mesa de di\u00e1logo con las autoridades. En di\u00e1logo con el programa radial \u201cEncuentro con las Noticias\u201d, Juana Lissar, integrante del barrio de Guernica, se refiri\u00f3 a la [&hellip;]<\/p>\n","protected":false},"author":1,"featured_media":2542,"comment_status":"open","ping_status":"open","sticky":false,"template":"","format":"standard","meta":{"footnotes":""},"categories":[4],"tags":[236],"class_list":["post-2541","post","type-post","status-publish","format-standard","has-post-thumbnail","hentry","category-derechos-humanos","tag-guernica"],"_links":{"self":[{"href":"https:\/\/fmtinkunaco.ar\/index.php?rest_route=\/wp\/v2\/posts\/2541","targetHints":{"allow":["GET"]}}],"collection":[{"href":"https:\/\/fmtinkunaco.ar\/index.php?rest_route=\/wp\/v2\/posts"}],"about":[{"href":"https:\/\/fmtinkunaco.ar\/index.php?rest_route=\/wp\/v2\/types\/post"}],"author":[{"embeddable":true,"href":"https:\/\/fmtinkunaco.ar\/index.php?rest_route=\/wp\/v2\/users\/1"}],"replies":[{"embeddable":true,"href":"https:\/\/fmtinkunaco.ar\/index.php?rest_route=%2Fwp%2Fv2%2Fcomments&post=2541"}],"version-history":[{"count":0,"href":"https:\/\/fmtinkunaco.ar\/index.php?rest_route=\/wp\/v2\/posts\/2541\/revisions"}],"wp:featuredmedia":[{"embeddable":true,"href":"https:\/\/fmtinkunaco.ar\/index.php?rest_route=\/"}],"wp:attachment":[{"href":"https:\/\/fmtinkunaco.ar\/index.php?rest_route=%2Fwp%2Fv2%2Fmedia&parent=2541"}],"wp:term":[{"taxonomy":"category","embeddable":true,"href":"https:\/\/fmtinkunaco.ar\/index.php?rest_route=%2Fwp%2Fv2%2Fcategories&post=2541"},{"taxonomy":"post_tag","embeddable":true,"href":"https:\/\/fmtinkunaco.ar\/index.php?rest_route=%2Fwp%2Fv2%2Ftags&post=2541"}],"curies":[{"name":"wp","href":"https:\/\/api.w.org\/{rel}","templated":true}]}}