{"id":2546,"date":"2020-11-03T10:47:31","date_gmt":"2020-11-03T13:47:31","guid":{"rendered":"http:\/\/fmtinkunaco.com.ar\/?p=2546"},"modified":"2020-11-03T10:47:31","modified_gmt":"2020-11-03T13:47:31","slug":"conurbano-distopico-una-experiencia-sonora","status":"publish","type":"post","link":"https:\/\/fmtinkunaco.ar\/?p=2546","title":{"rendered":"\u201cConurbano Dist\u00f3pico\u201d, una experiencia sonora"},"content":{"rendered":"<p>El pasado 10 de octubre, se estren\u00f3 \u201cConurbano Dist\u00f3pico\u201d un proyecto de narrativa transmedia con un origen y desarrollo vinculado a la coyuntura de la pandemia mundial y el contexto del conurbano bonaerense como territorio tangible y como derivas de expresi\u00f3n de diversos lenguajes, texturas, y b\u00fasquedas sonoras, d\u00f3nde se mixean la m\u00fasica electr\u00f3nica, la experimentaci\u00f3n sonora, la b\u00fasqueda de textos y palabras que den cuenta de lo que sucede y atraviesa a un territorio, que cobra relevancia \u00abm\u00e1s all\u00e1 de la General Paz\u00bb, el conurbano bonaerense como territorio de disputas discursivas y disputas de creaci\u00f3n de subjetividad, y construcciones sonoras.<\/p>\n<p>La narrativa transmedia emerge como el aglutinador de est\u00e1s derivas art\u00edsticas y discursivas un pu\u00f1ado de artistas y activistas del Conurbano Distopico haciendo y celebrando,un ep de 3 canciones, tres videos, animaci\u00f3nes, un compendio de micro textos, sintes, samplers, vocoders, fuzzes, loops, pads, ruidos y colores, del Conurbano Distopico.<\/p>\n<p>En di\u00e1logo con el programa radial \u201cEncuentro con las Noticias\u201d, Ricardo Esquivel, uno de los integrantes del colectivo, se refiri\u00f3 al proyecto, <em>\u201cCon varios amigos y amigas, como no nos pod\u00edamos juntar ni nada, estuvimos charlando, nos gusta mucho la m\u00fasica electr\u00f3nica, y nos apasiona mucho lo que tiene que ver con el conurbano, sus referencias, sus signos, la cultura esa que est\u00e1 en el territorio y fuimos hablando varias cosas, y armamos un proyecto de m\u00fasica electr\u00f3nica circulando al conurbano pero desde lo subjetivo que tenga que ver bien con el territorio, con lo que nos pasa, no atraviesa y se nos ocurri\u00f3 ponerle Conurbano Dist\u00f3pico, no por una cuesti\u00f3n de iron\u00eda sino que nos parec\u00eda una cosa recontra distopica, digamos todo lo que esta pasando pero tambi\u00e9n como valorar el hacer y las referencias del territorio\u201d<\/em>.<\/p>\n<p>El colectivo de artistas se encuentra integrado por: David Salas, Javier Acosta, Ricardo Esquivel, Juan Godoy, dando la espalda al Sol, Anal\u00eda Delgado, Seiwati audio visual, Saturno 5 Audiovisuales, Pato Sloomant, Fede vikingo.<\/p>\n<p>Para acceder al material, podes buscarlos en su canal de youtube, Conurbano Distopico.<\/p>\n<p>Compartimos la entrevista completa<\/p>\n<p><a href=\"https:\/\/archive.org\/details\/audio-richard-esquivel-03-11-2020\">Descargar<\/a><\/p>\n<audio class=\"wp-audio-shortcode\" id=\"audio-2546-2\" preload=\"none\" style=\"width: 100%;\" controls=\"controls\"><source type=\"audio\/mpeg\" src=\"https:\/\/archive.org\/download\/audio-richard-esquivel-03-11-2020\/AUDIO%20-%20RICHARD%20ESQUIVEL%2003%2011%202020.mp3?_=2\" \/><a href=\"https:\/\/archive.org\/download\/audio-richard-esquivel-03-11-2020\/AUDIO%20-%20RICHARD%20ESQUIVEL%2003%2011%202020.mp3\">https:\/\/archive.org\/download\/audio-richard-esquivel-03-11-2020\/AUDIO%20-%20RICHARD%20ESQUIVEL%2003%2011%202020.mp3<\/a><\/audio>\n<div class=\"powerpress_player\" id=\"powerpress_player_5051\"><audio class=\"wp-audio-shortcode\" id=\"audio-2546-1\" preload=\"none\" style=\"width: 100%;\" controls=\"controls\"><source type=\"audio\/mpeg\" src=\"https:\/\/archive.org\/download\/audio-richard-esquivel-03-11-2020\/AUDIO%20-%20RICHARD%20ESQUIVEL%2003%2011%202020.mp3?_=1\" \/><a href=\"https:\/\/archive.org\/download\/audio-richard-esquivel-03-11-2020\/AUDIO%20-%20RICHARD%20ESQUIVEL%2003%2011%202020.mp3\">https:\/\/archive.org\/download\/audio-richard-esquivel-03-11-2020\/AUDIO%20-%20RICHARD%20ESQUIVEL%2003%2011%202020.mp3<\/a><\/audio><\/div><p class=\"powerpress_links powerpress_links_mp3\" style=\"margin-bottom: 1px !important;\">Podcast: <a href=\"https:\/\/archive.org\/download\/audio-richard-esquivel-03-11-2020\/AUDIO%20-%20RICHARD%20ESQUIVEL%2003%2011%202020.mp3\" class=\"powerpress_link_pinw\" target=\"_blank\" title=\"Reproducir en una nueva ventana\" onclick=\"return powerpress_pinw('https:\/\/fmtinkunaco.ar\/?powerpress_pinw=2546-podcast');\" rel=\"nofollow\">Reproducir en una nueva ventana<\/a> | <a href=\"https:\/\/archive.org\/download\/audio-richard-esquivel-03-11-2020\/AUDIO%20-%20RICHARD%20ESQUIVEL%2003%2011%202020.mp3\" class=\"powerpress_link_d\" title=\"Descargar\" rel=\"nofollow\" download=\"AUDIO%20-%20RICHARD%20ESQUIVEL%2003%2011%202020.mp3\">Descargar<\/a><\/p>","protected":false},"excerpt":{"rendered":"<p>El pasado 10 de octubre, se estren\u00f3 \u201cConurbano Dist\u00f3pico\u201d un proyecto de narrativa transmedia con un origen y desarrollo vinculado a la coyuntura de la pandemia mundial y el contexto del conurbano bonaerense como territorio tangible y como derivas de expresi\u00f3n de diversos lenguajes, texturas, y b\u00fasquedas sonoras, d\u00f3nde se mixean la m\u00fasica electr\u00f3nica, la [&hellip;]<\/p>\n","protected":false},"author":1,"featured_media":2547,"comment_status":"open","ping_status":"open","sticky":false,"template":"","format":"standard","meta":{"footnotes":""},"categories":[3],"tags":[130,131],"class_list":["post-2546","post","type-post","status-publish","format-standard","has-post-thumbnail","hentry","category-cultura","tag-conurbano-bonaerense","tag-conurbano-distopico"],"_links":{"self":[{"href":"https:\/\/fmtinkunaco.ar\/index.php?rest_route=\/wp\/v2\/posts\/2546","targetHints":{"allow":["GET"]}}],"collection":[{"href":"https:\/\/fmtinkunaco.ar\/index.php?rest_route=\/wp\/v2\/posts"}],"about":[{"href":"https:\/\/fmtinkunaco.ar\/index.php?rest_route=\/wp\/v2\/types\/post"}],"author":[{"embeddable":true,"href":"https:\/\/fmtinkunaco.ar\/index.php?rest_route=\/wp\/v2\/users\/1"}],"replies":[{"embeddable":true,"href":"https:\/\/fmtinkunaco.ar\/index.php?rest_route=%2Fwp%2Fv2%2Fcomments&post=2546"}],"version-history":[{"count":0,"href":"https:\/\/fmtinkunaco.ar\/index.php?rest_route=\/wp\/v2\/posts\/2546\/revisions"}],"wp:featuredmedia":[{"embeddable":true,"href":"https:\/\/fmtinkunaco.ar\/index.php?rest_route=\/"}],"wp:attachment":[{"href":"https:\/\/fmtinkunaco.ar\/index.php?rest_route=%2Fwp%2Fv2%2Fmedia&parent=2546"}],"wp:term":[{"taxonomy":"category","embeddable":true,"href":"https:\/\/fmtinkunaco.ar\/index.php?rest_route=%2Fwp%2Fv2%2Fcategories&post=2546"},{"taxonomy":"post_tag","embeddable":true,"href":"https:\/\/fmtinkunaco.ar\/index.php?rest_route=%2Fwp%2Fv2%2Ftags&post=2546"}],"curies":[{"name":"wp","href":"https:\/\/api.w.org\/{rel}","templated":true}]}}