{"id":2549,"date":"2020-11-04T10:34:56","date_gmt":"2020-11-04T13:34:56","guid":{"rendered":"http:\/\/fmtinkunaco.com.ar\/?p=2549"},"modified":"2020-11-04T10:34:56","modified_gmt":"2020-11-04T13:34:56","slug":"maria-del-carmen-verdu-ha-habido-muchas-mas-muertes-en-estos-meses-en-las-unidades-penales-que-en-anos-anteriores","status":"publish","type":"post","link":"https:\/\/fmtinkunaco.ar\/?p=2549","title":{"rendered":"Mar\u00eda del Carmen Verd\u00fa: \u201cHa habido muchas m\u00e1s muertes en estos meses, en las unidades penales, que en a\u00f1os anteriores\u201d"},"content":{"rendered":"<p>En el marco del aislamiento social, preventivo y obligatorio, consecuencia de la pandemia, se ha agudizado el abandon\u00f3 que ya sufr\u00edan las unidades penitenciarias de nuestro pa\u00eds.<\/p>\n<p>En di\u00e1logo con el programa radial \u201cEncuentro con las Noticias\u201d, Mar\u00eda del Carmen Verd\u00fa, referente de CORREPI, describi\u00f3 la grave situaci\u00f3n de las personas privadas de su libertad, dentro de las c\u00e1rceles,<em> \u201cEn principio de abril, fines de marzo, empezaron los primeros reclamos en c\u00e1rceles de todo el pa\u00eds de varones y de mujeres con un reclamo muy b\u00e1sico, muy elemental, lo que dec\u00edan era nosotros suspendemos las visitas de familiares que para una personas privada de su libertad es la vida misma pero justamente con una enorme responsabilidad, presos y presas, consientes de que el virus si entraba a la c\u00e1rcel hacia un estrago una masacre por el hacinamiento y la sobrepoblaci\u00f3n y dijeron nosotros nos hacemos cargo de esta heroica de decidir no recibir m\u00e1s visitas pero garant\u00edcennos ustedes lo que las visitan nos tra\u00edan y apliquen los penitenciario el mismo protocolo de seguridad que permite prevenir el ingreso del virus. Esto no se cumpli\u00f3, ninguna de las dos cosas. (\u2026) Y frente a esto, las consecuencias, la represi\u00f3n a estos reclamos, tuvimos muchos muertos, 5 en la provincia de Santa Fe, luego fusilados por miembros del permiso penitenciario, 2 muertes en Jujuy, 1 en Corrientes, 1 en Florencia Varela\u201d<\/em>.<\/p>\n<p>Verd\u00fa, adem\u00e1s, remarc\u00f3 que en estos \u00faltimos meses las muertes han sido m\u00e1s que en el \u00faltimo a\u00f1o y no responde a muertes provocadas por el coronavirus, <em>\u201cHay un dato que es fundamental, de la informaci\u00f3n oficial sobre muertes bajo custodia que aportan por ejemplo la procuraci\u00f3n penitenciaria de la naci\u00f3n a nivel nacional o la comisi\u00f3n provincial por la memoria, a nivel de la provincia de Buenos Aires, ambos organismos aut\u00f3nomos, surge que ha habido muchas m\u00e1s muertes en estos meses en las unidades penales que en a\u00f1os anteriores y que no solamente es por las muertes por covid, ha habido muchas m\u00e1s muertes por otras enfermedades evitables y eso da la pauta de c\u00f3mo se ha incrementado esa situaci\u00f3n hist\u00f3rica de crisis y abandono en el marco del aislamiento\u201d.<\/em><\/p>\n<p>CORREPI exige, condiciones sanitarias para las personas privadas de su libertad. Hasta el momento, se registran 234 personas muertas durante la pandemia en c\u00e1rceles, a lo largo y ancho de la Argentina, de esas 234 personas, 53 han fallecido a causa del virus Covid-19.<\/p>\n<p>Compartimos la entrevista completa<\/p>\n<p><a href=\"https:\/\/archive.org\/details\/audio-maria-del-carmen-verdu-04-11-2020\">Descargar<\/a><\/p>\n<audio class=\"wp-audio-shortcode\" id=\"audio-2549-2\" preload=\"none\" style=\"width: 100%;\" controls=\"controls\"><source type=\"audio\/mpeg\" src=\"https:\/\/archive.org\/download\/audio-maria-del-carmen-verdu-04-11-2020\/AUDIO%20-%20MARIA%20DEL%20CARMEN%20VERDU%2004%2011%202020.mp3?_=2\" \/><a href=\"https:\/\/archive.org\/download\/audio-maria-del-carmen-verdu-04-11-2020\/AUDIO%20-%20MARIA%20DEL%20CARMEN%20VERDU%2004%2011%202020.mp3\">https:\/\/archive.org\/download\/audio-maria-del-carmen-verdu-04-11-2020\/AUDIO%20-%20MARIA%20DEL%20CARMEN%20VERDU%2004%2011%202020.mp3<\/a><\/audio>\n<div class=\"powerpress_player\" id=\"powerpress_player_1991\"><audio class=\"wp-audio-shortcode\" id=\"audio-2549-1\" preload=\"none\" style=\"width: 100%;\" controls=\"controls\"><source type=\"audio\/mpeg\" src=\"https:\/\/archive.org\/download\/audio-maria-del-carmen-verdu-04-11-2020\/AUDIO%20-%20MARIA%20DEL%20CARMEN%20VERDU%2004%2011%202020.mp3?_=1\" \/><a href=\"https:\/\/archive.org\/download\/audio-maria-del-carmen-verdu-04-11-2020\/AUDIO%20-%20MARIA%20DEL%20CARMEN%20VERDU%2004%2011%202020.mp3\">https:\/\/archive.org\/download\/audio-maria-del-carmen-verdu-04-11-2020\/AUDIO%20-%20MARIA%20DEL%20CARMEN%20VERDU%2004%2011%202020.mp3<\/a><\/audio><\/div><p class=\"powerpress_links powerpress_links_mp3\" style=\"margin-bottom: 1px !important;\">Podcast: <a href=\"https:\/\/archive.org\/download\/audio-maria-del-carmen-verdu-04-11-2020\/AUDIO%20-%20MARIA%20DEL%20CARMEN%20VERDU%2004%2011%202020.mp3\" class=\"powerpress_link_pinw\" target=\"_blank\" title=\"Reproducir en una nueva ventana\" onclick=\"return powerpress_pinw('https:\/\/fmtinkunaco.ar\/?powerpress_pinw=2549-podcast');\" rel=\"nofollow\">Reproducir en una nueva ventana<\/a> | <a href=\"https:\/\/archive.org\/download\/audio-maria-del-carmen-verdu-04-11-2020\/AUDIO%20-%20MARIA%20DEL%20CARMEN%20VERDU%2004%2011%202020.mp3\" class=\"powerpress_link_d\" title=\"Descargar\" rel=\"nofollow\" download=\"AUDIO%20-%20MARIA%20DEL%20CARMEN%20VERDU%2004%2011%202020.mp3\">Descargar<\/a><\/p>","protected":false},"excerpt":{"rendered":"<p>En el marco del aislamiento social, preventivo y obligatorio, consecuencia de la pandemia, se ha agudizado el abandon\u00f3 que ya sufr\u00edan las unidades penitenciarias de nuestro pa\u00eds. En di\u00e1logo con el programa radial \u201cEncuentro con las Noticias\u201d, Mar\u00eda del Carmen Verd\u00fa, referente de CORREPI, describi\u00f3 la grave situaci\u00f3n de las personas privadas de su libertad, [&hellip;]<\/p>\n","protected":false},"author":1,"featured_media":2550,"comment_status":"open","ping_status":"open","sticky":false,"template":"","format":"standard","meta":{"footnotes":""},"categories":[4],"tags":[80,136,301],"class_list":["post-2549","post","type-post","status-publish","format-standard","has-post-thumbnail","hentry","category-derechos-humanos","tag-carceles","tag-correpi","tag-maria-del-carmen-verdu"],"_links":{"self":[{"href":"https:\/\/fmtinkunaco.ar\/index.php?rest_route=\/wp\/v2\/posts\/2549","targetHints":{"allow":["GET"]}}],"collection":[{"href":"https:\/\/fmtinkunaco.ar\/index.php?rest_route=\/wp\/v2\/posts"}],"about":[{"href":"https:\/\/fmtinkunaco.ar\/index.php?rest_route=\/wp\/v2\/types\/post"}],"author":[{"embeddable":true,"href":"https:\/\/fmtinkunaco.ar\/index.php?rest_route=\/wp\/v2\/users\/1"}],"replies":[{"embeddable":true,"href":"https:\/\/fmtinkunaco.ar\/index.php?rest_route=%2Fwp%2Fv2%2Fcomments&post=2549"}],"version-history":[{"count":0,"href":"https:\/\/fmtinkunaco.ar\/index.php?rest_route=\/wp\/v2\/posts\/2549\/revisions"}],"wp:featuredmedia":[{"embeddable":true,"href":"https:\/\/fmtinkunaco.ar\/index.php?rest_route=\/"}],"wp:attachment":[{"href":"https:\/\/fmtinkunaco.ar\/index.php?rest_route=%2Fwp%2Fv2%2Fmedia&parent=2549"}],"wp:term":[{"taxonomy":"category","embeddable":true,"href":"https:\/\/fmtinkunaco.ar\/index.php?rest_route=%2Fwp%2Fv2%2Fcategories&post=2549"},{"taxonomy":"post_tag","embeddable":true,"href":"https:\/\/fmtinkunaco.ar\/index.php?rest_route=%2Fwp%2Fv2%2Ftags&post=2549"}],"curies":[{"name":"wp","href":"https:\/\/api.w.org\/{rel}","templated":true}]}}