{"id":2552,"date":"2020-11-04T11:17:51","date_gmt":"2020-11-04T14:17:51","guid":{"rendered":"http:\/\/fmtinkunaco.com.ar\/?p=2552"},"modified":"2020-11-04T11:17:51","modified_gmt":"2020-11-04T14:17:51","slug":"judiciales-bonaerenses-manana-continua-la-discusion-paritaria","status":"publish","type":"post","link":"https:\/\/fmtinkunaco.ar\/?p=2552","title":{"rendered":"Judiciales Bonaerenses: Ma\u00f1ana contin\u00faa la discusi\u00f3n paritaria"},"content":{"rendered":"<p>La Asociaci\u00f3n de Judiciales Bonaerenses, rechaz\u00f3 la \u00faltima propuesta paritaria del 23%, argumentando que la propuesta aun se mantiene por debajo de la inflaci\u00f3n. Este porcentaje fue aumentado por Decreto y provoc\u00f3 diferentes medidas de lucha por parte de trabajadores y trabajadoras judiciales.<\/p>\n<p>En este marco, las autoridades vuelven a convocar a una mesa de di\u00e1logo a la Asociaci\u00f3n de Judiciales, esta reuni\u00f3n se realizar\u00e1 ma\u00f1ana.<\/p>\n<p>En di\u00e1logo con el programa radial \u201cEncuentro con las Noticias\u201d, Carlos Ariel Gil, Secretario General de la Asociaci\u00f3n Judicial Bonaerense de San Mart\u00edn, describi\u00f3 cu\u00e1l es el porcentaje de aumento que exigen,<em> \u201cSe est\u00e1 estimando que la inflaci\u00f3n anual va a ser del 32%, nosotros pretender\u00edamos mantener ese piso, empatar la inflaci\u00f3n y con eso poder seguir charlando m\u00e1s que nada en otras cuestiones que no son solo monetarias, sino tambi\u00e9n de cuestiones edilicias, de infraestructura\u201d<\/em>.<\/p>\n<p>Gil, adem\u00e1s, remarc\u00f3 <em>\u201cHay que decir que los trabajadores y trabajadoras del poder judicial, en este contexto de pandemia, nunca dejamos de trabajar, los juzgados, fiscal\u00edas, defensor\u00edas, todas las instancias y todos los foros siempre siguieron trabajando presencialmente y muchos teletrabajando, y poniendo todos los instrumentos, computadora, datos, el tel\u00e9fono, la luz, todo eso fue puesto por nosotros y a pesar de eso, la Corte, que se lo pedimos no hubo ning\u00fan reconocimiento<\/em>\u201d.<\/p>\n<p>Ma\u00f1ana, jueves 5 de noviembre, contin\u00faa la negociaci\u00f3n paritaria y los trabajadores y trabajadoras judiciales esperan que las autoridades oferten sobre el nivel de inflaci\u00f3n.<\/p>\n<p>Compartimos la entrevista completa<\/p>\n<p><a href=\"https:\/\/archive.org\/details\/audio-carlos-ariel-gil-judiciales-bonaerenses-04-11-2020\">Descargar<\/a><\/p>\n<audio class=\"wp-audio-shortcode\" id=\"audio-2552-2\" preload=\"none\" style=\"width: 100%;\" controls=\"controls\"><source type=\"audio\/mpeg\" src=\"https:\/\/archive.org\/download\/audio-carlos-ariel-gil-judiciales-bonaerenses-04-11-2020\/AUDIO%20-%20CARLOS%20ARIEL%20GIL%20%28JUDICIALES%20BONAERENSES%29%2004%2011%202020.mp3?_=2\" \/><a href=\"https:\/\/archive.org\/download\/audio-carlos-ariel-gil-judiciales-bonaerenses-04-11-2020\/AUDIO%20-%20CARLOS%20ARIEL%20GIL%20%28JUDICIALES%20BONAERENSES%29%2004%2011%202020.mp3\">https:\/\/archive.org\/download\/audio-carlos-ariel-gil-judiciales-bonaerenses-04-11-2020\/AUDIO%20-%20CARLOS%20ARIEL%20GIL%20%28JUDICIALES%20BONAERENSES%29%2004%2011%202020.mp3<\/a><\/audio>\n<p>&nbsp;<\/p>\n<p>&nbsp;<\/p>\n<p>&nbsp;<\/p>\n<div class=\"powerpress_player\" id=\"powerpress_player_3477\"><audio class=\"wp-audio-shortcode\" id=\"audio-2552-1\" preload=\"none\" style=\"width: 100%;\" controls=\"controls\"><source type=\"audio\/mpeg\" src=\"https:\/\/archive.org\/download\/audio-carlos-ariel-gil-judiciales-bonaerenses-04-11-2020\/AUDIO%20-%20CARLOS%20ARIEL%20GIL%20%28JUDICIALES%20BONAERENSES%29%2004%2011%202020.mp3?_=1\" \/><a href=\"https:\/\/archive.org\/download\/audio-carlos-ariel-gil-judiciales-bonaerenses-04-11-2020\/AUDIO%20-%20CARLOS%20ARIEL%20GIL%20%28JUDICIALES%20BONAERENSES%29%2004%2011%202020.mp3\">https:\/\/archive.org\/download\/audio-carlos-ariel-gil-judiciales-bonaerenses-04-11-2020\/AUDIO%20-%20CARLOS%20ARIEL%20GIL%20%28JUDICIALES%20BONAERENSES%29%2004%2011%202020.mp3<\/a><\/audio><\/div><p class=\"powerpress_links powerpress_links_mp3\" style=\"margin-bottom: 1px !important;\">Podcast: <a href=\"https:\/\/archive.org\/download\/audio-carlos-ariel-gil-judiciales-bonaerenses-04-11-2020\/AUDIO%20-%20CARLOS%20ARIEL%20GIL%20%28JUDICIALES%20BONAERENSES%29%2004%2011%202020.mp3\" class=\"powerpress_link_pinw\" target=\"_blank\" title=\"Reproducir en una nueva ventana\" onclick=\"return powerpress_pinw('https:\/\/fmtinkunaco.ar\/?powerpress_pinw=2552-podcast');\" rel=\"nofollow\">Reproducir en una nueva ventana<\/a> | <a href=\"https:\/\/archive.org\/download\/audio-carlos-ariel-gil-judiciales-bonaerenses-04-11-2020\/AUDIO%20-%20CARLOS%20ARIEL%20GIL%20%28JUDICIALES%20BONAERENSES%29%2004%2011%202020.mp3\" class=\"powerpress_link_d\" title=\"Descargar\" rel=\"nofollow\" download=\"AUDIO%20-%20CARLOS%20ARIEL%20GIL%20%28JUDICIALES%20BONAERENSES%29%2004%2011%202020.mp3\">Descargar<\/a><\/p>","protected":false},"excerpt":{"rendered":"<p>La Asociaci\u00f3n de Judiciales Bonaerenses, rechaz\u00f3 la \u00faltima propuesta paritaria del 23%, argumentando que la propuesta aun se mantiene por debajo de la inflaci\u00f3n. Este porcentaje fue aumentado por Decreto y provoc\u00f3 diferentes medidas de lucha por parte de trabajadores y trabajadoras judiciales. En este marco, las autoridades vuelven a convocar a una mesa de [&hellip;]<\/p>\n","protected":false},"author":1,"featured_media":2553,"comment_status":"open","ping_status":"open","sticky":false,"template":"","format":"standard","meta":{"footnotes":""},"categories":[4],"tags":[271,379],"class_list":["post-2552","post","type-post","status-publish","format-standard","has-post-thumbnail","hentry","category-derechos-humanos","tag-la-asociacion-judicial-bonaerense","tag-paritarias"],"_links":{"self":[{"href":"https:\/\/fmtinkunaco.ar\/index.php?rest_route=\/wp\/v2\/posts\/2552","targetHints":{"allow":["GET"]}}],"collection":[{"href":"https:\/\/fmtinkunaco.ar\/index.php?rest_route=\/wp\/v2\/posts"}],"about":[{"href":"https:\/\/fmtinkunaco.ar\/index.php?rest_route=\/wp\/v2\/types\/post"}],"author":[{"embeddable":true,"href":"https:\/\/fmtinkunaco.ar\/index.php?rest_route=\/wp\/v2\/users\/1"}],"replies":[{"embeddable":true,"href":"https:\/\/fmtinkunaco.ar\/index.php?rest_route=%2Fwp%2Fv2%2Fcomments&post=2552"}],"version-history":[{"count":0,"href":"https:\/\/fmtinkunaco.ar\/index.php?rest_route=\/wp\/v2\/posts\/2552\/revisions"}],"wp:featuredmedia":[{"embeddable":true,"href":"https:\/\/fmtinkunaco.ar\/index.php?rest_route=\/"}],"wp:attachment":[{"href":"https:\/\/fmtinkunaco.ar\/index.php?rest_route=%2Fwp%2Fv2%2Fmedia&parent=2552"}],"wp:term":[{"taxonomy":"category","embeddable":true,"href":"https:\/\/fmtinkunaco.ar\/index.php?rest_route=%2Fwp%2Fv2%2Fcategories&post=2552"},{"taxonomy":"post_tag","embeddable":true,"href":"https:\/\/fmtinkunaco.ar\/index.php?rest_route=%2Fwp%2Fv2%2Ftags&post=2552"}],"curies":[{"name":"wp","href":"https:\/\/api.w.org\/{rel}","templated":true}]}}