{"id":2555,"date":"2020-11-05T09:16:14","date_gmt":"2020-11-05T12:16:14","guid":{"rendered":"http:\/\/fmtinkunaco.com.ar\/?p=2555"},"modified":"2020-11-05T09:16:14","modified_gmt":"2020-11-05T12:16:14","slug":"el-pueblo-chileno-disputa-el-poder","status":"publish","type":"post","link":"https:\/\/fmtinkunaco.ar\/?p=2555","title":{"rendered":"El pueblo chileno disputa el poder."},"content":{"rendered":"<p>Charlamos con Paloma Grifero, una de las voceras de la <em>\u00abUnidad Social\u00bb<\/em>, del Bloque de Culturas, Arte y Patrimonio.<br \/>\nElla nos describe desde el interior del movimiento popular c\u00f3mo se est\u00e1 viviendo el proceso social y pol\u00edtico en el pa\u00eds Trasandino.<\/p>\n<p>Un gran cambio en manos del pueblo y en la voz de esta mujer y de las diversas identidades que conviven en el pueblo.<\/p>\n<p>Compartimos la entrevista completa, realizada en el marco del programa \u00abEmpezar de Nuevo\u00bb de la FM Tinkunaco.<\/p>\n<p><a href=\"https:\/\/archive.org\/details\/audio-paloma-grifero\">Descargar<\/a><\/p>\n<audio class=\"wp-audio-shortcode\" id=\"audio-2555-2\" preload=\"none\" style=\"width: 100%;\" controls=\"controls\"><source type=\"audio\/mpeg\" src=\"https:\/\/archive.org\/download\/audio-paloma-grifero\/AUDIO%20-%20PALOMA%20GRIFERO.mp3?_=2\" \/><a href=\"https:\/\/archive.org\/download\/audio-paloma-grifero\/AUDIO%20-%20PALOMA%20GRIFERO.mp3\">https:\/\/archive.org\/download\/audio-paloma-grifero\/AUDIO%20-%20PALOMA%20GRIFERO.mp3<\/a><\/audio>\n<div class=\"powerpress_player\" id=\"powerpress_player_5004\"><audio class=\"wp-audio-shortcode\" id=\"audio-2555-1\" preload=\"none\" style=\"width: 100%;\" controls=\"controls\"><source type=\"audio\/mpeg\" src=\"https:\/\/archive.org\/download\/audio-paloma-grifero\/AUDIO%20-%20PALOMA%20GRIFERO.mp3?_=1\" \/><a href=\"https:\/\/archive.org\/download\/audio-paloma-grifero\/AUDIO%20-%20PALOMA%20GRIFERO.mp3\">https:\/\/archive.org\/download\/audio-paloma-grifero\/AUDIO%20-%20PALOMA%20GRIFERO.mp3<\/a><\/audio><\/div><p class=\"powerpress_links powerpress_links_mp3\" style=\"margin-bottom: 1px !important;\">Podcast: <a href=\"https:\/\/archive.org\/download\/audio-paloma-grifero\/AUDIO%20-%20PALOMA%20GRIFERO.mp3\" class=\"powerpress_link_pinw\" target=\"_blank\" title=\"Reproducir en una nueva ventana\" onclick=\"return powerpress_pinw('https:\/\/fmtinkunaco.ar\/?powerpress_pinw=2555-podcast');\" rel=\"nofollow\">Reproducir en una nueva ventana<\/a> | <a href=\"https:\/\/archive.org\/download\/audio-paloma-grifero\/AUDIO%20-%20PALOMA%20GRIFERO.mp3\" class=\"powerpress_link_d\" title=\"Descargar\" rel=\"nofollow\" download=\"AUDIO%20-%20PALOMA%20GRIFERO.mp3\">Descargar<\/a><\/p>","protected":false},"excerpt":{"rendered":"<p>Charlamos con Paloma Grifero, una de las voceras de la \u00abUnidad Social\u00bb, del Bloque de Culturas, Arte y Patrimonio. Ella nos describe desde el interior del movimiento popular c\u00f3mo se est\u00e1 viviendo el proceso social y pol\u00edtico en el pa\u00eds Trasandino. Un gran cambio en manos del pueblo y en la voz de esta mujer [&hellip;]<\/p>\n","protected":false},"author":1,"featured_media":2556,"comment_status":"open","ping_status":"open","sticky":false,"template":"","format":"standard","meta":{"footnotes":""},"categories":[4,9],"tags":[107,127,186],"class_list":["post-2555","post","type-post","status-publish","format-standard","has-post-thumbnail","hentry","category-derechos-humanos","category-sociedad","tag-chile","tag-constitucion","tag-empezar-de-nuevo"],"_links":{"self":[{"href":"https:\/\/fmtinkunaco.ar\/index.php?rest_route=\/wp\/v2\/posts\/2555","targetHints":{"allow":["GET"]}}],"collection":[{"href":"https:\/\/fmtinkunaco.ar\/index.php?rest_route=\/wp\/v2\/posts"}],"about":[{"href":"https:\/\/fmtinkunaco.ar\/index.php?rest_route=\/wp\/v2\/types\/post"}],"author":[{"embeddable":true,"href":"https:\/\/fmtinkunaco.ar\/index.php?rest_route=\/wp\/v2\/users\/1"}],"replies":[{"embeddable":true,"href":"https:\/\/fmtinkunaco.ar\/index.php?rest_route=%2Fwp%2Fv2%2Fcomments&post=2555"}],"version-history":[{"count":0,"href":"https:\/\/fmtinkunaco.ar\/index.php?rest_route=\/wp\/v2\/posts\/2555\/revisions"}],"wp:featuredmedia":[{"embeddable":true,"href":"https:\/\/fmtinkunaco.ar\/index.php?rest_route=\/"}],"wp:attachment":[{"href":"https:\/\/fmtinkunaco.ar\/index.php?rest_route=%2Fwp%2Fv2%2Fmedia&parent=2555"}],"wp:term":[{"taxonomy":"category","embeddable":true,"href":"https:\/\/fmtinkunaco.ar\/index.php?rest_route=%2Fwp%2Fv2%2Fcategories&post=2555"},{"taxonomy":"post_tag","embeddable":true,"href":"https:\/\/fmtinkunaco.ar\/index.php?rest_route=%2Fwp%2Fv2%2Ftags&post=2555"}],"curies":[{"name":"wp","href":"https:\/\/api.w.org\/{rel}","templated":true}]}}