{"id":2558,"date":"2020-11-05T09:24:49","date_gmt":"2020-11-05T12:24:49","guid":{"rendered":"http:\/\/fmtinkunaco.com.ar\/?p=2558"},"modified":"2020-11-05T09:24:49","modified_gmt":"2020-11-05T12:24:49","slug":"socializando-ideas-de-que-hablamos-cuando-decimos-paritarias","status":"publish","type":"post","link":"https:\/\/fmtinkunaco.ar\/?p=2558","title":{"rendered":"\u00abSocializando ideas\u00bb de qu\u00e9 hablamos cuando decimos Paritarias"},"content":{"rendered":"<p>\u00abSocializando ideas\u00bb de qu\u00e9 hablamos cuando decimos Paritarias. Las condiciones de vida del pueblo van mucho m\u00e1s all\u00e1 de los salarios y los arreglos de c\u00fapulas sindicales.<\/p>\n<p>Columna realizada en el marco del programa \u201cEmpezar de Nuevo\u201d.<\/p>\n<p>Compartimos la columna completa<\/p>\n<p><a href=\"https:\/\/archive.org\/details\/socializando-ideas-03-11-2020\">Descargar<\/a><\/p>\n<p>&nbsp;<\/p>\n<audio class=\"wp-audio-shortcode\" id=\"audio-2558-2\" preload=\"none\" style=\"width: 100%;\" controls=\"controls\"><source type=\"audio\/mpeg\" src=\"https:\/\/archive.org\/download\/socializando-ideas-03-11-2020\/SOCIALIZANDO%20IDEAS%2003%2011%202020.mp3?_=2\" \/><a href=\"https:\/\/archive.org\/download\/socializando-ideas-03-11-2020\/SOCIALIZANDO%20IDEAS%2003%2011%202020.mp3\">https:\/\/archive.org\/download\/socializando-ideas-03-11-2020\/SOCIALIZANDO%20IDEAS%2003%2011%202020.mp3<\/a><\/audio>\n<div class=\"powerpress_player\" id=\"powerpress_player_7126\"><audio class=\"wp-audio-shortcode\" id=\"audio-2558-1\" preload=\"none\" style=\"width: 100%;\" controls=\"controls\"><source type=\"audio\/mpeg\" src=\"https:\/\/archive.org\/download\/socializando-ideas-03-11-2020\/SOCIALIZANDO%20IDEAS%2003%2011%202020.mp3?_=1\" \/><a href=\"https:\/\/archive.org\/download\/socializando-ideas-03-11-2020\/SOCIALIZANDO%20IDEAS%2003%2011%202020.mp3\">https:\/\/archive.org\/download\/socializando-ideas-03-11-2020\/SOCIALIZANDO%20IDEAS%2003%2011%202020.mp3<\/a><\/audio><\/div><p class=\"powerpress_links powerpress_links_mp3\" style=\"margin-bottom: 1px !important;\">Podcast: <a href=\"https:\/\/archive.org\/download\/socializando-ideas-03-11-2020\/SOCIALIZANDO%20IDEAS%2003%2011%202020.mp3\" class=\"powerpress_link_pinw\" target=\"_blank\" title=\"Reproducir en una nueva ventana\" onclick=\"return powerpress_pinw('https:\/\/fmtinkunaco.ar\/?powerpress_pinw=2558-podcast');\" rel=\"nofollow\">Reproducir en una nueva ventana<\/a> | <a href=\"https:\/\/archive.org\/download\/socializando-ideas-03-11-2020\/SOCIALIZANDO%20IDEAS%2003%2011%202020.mp3\" class=\"powerpress_link_d\" title=\"Descargar\" rel=\"nofollow\" download=\"SOCIALIZANDO%20IDEAS%2003%2011%202020.mp3\">Descargar<\/a><\/p>","protected":false},"excerpt":{"rendered":"<p>\u00abSocializando ideas\u00bb de qu\u00e9 hablamos cuando decimos Paritarias. Las condiciones de vida del pueblo van mucho m\u00e1s all\u00e1 de los salarios y los arreglos de c\u00fapulas sindicales. Columna realizada en el marco del programa \u201cEmpezar de Nuevo\u201d. Compartimos la columna completa Descargar &nbsp; https:\/\/archive.org\/download\/socializando-ideas-03-11-2020\/SOCIALIZANDO%20IDEAS%2003%2011%202020.mp3<\/p>\n","protected":false},"author":1,"featured_media":2559,"comment_status":"open","ping_status":"open","sticky":false,"template":"","format":"standard","meta":{"footnotes":""},"categories":[4],"tags":[186,379,464],"class_list":["post-2558","post","type-post","status-publish","format-standard","has-post-thumbnail","hentry","category-derechos-humanos","tag-empezar-de-nuevo","tag-paritarias","tag-socializando-ideas"],"_links":{"self":[{"href":"https:\/\/fmtinkunaco.ar\/index.php?rest_route=\/wp\/v2\/posts\/2558","targetHints":{"allow":["GET"]}}],"collection":[{"href":"https:\/\/fmtinkunaco.ar\/index.php?rest_route=\/wp\/v2\/posts"}],"about":[{"href":"https:\/\/fmtinkunaco.ar\/index.php?rest_route=\/wp\/v2\/types\/post"}],"author":[{"embeddable":true,"href":"https:\/\/fmtinkunaco.ar\/index.php?rest_route=\/wp\/v2\/users\/1"}],"replies":[{"embeddable":true,"href":"https:\/\/fmtinkunaco.ar\/index.php?rest_route=%2Fwp%2Fv2%2Fcomments&post=2558"}],"version-history":[{"count":0,"href":"https:\/\/fmtinkunaco.ar\/index.php?rest_route=\/wp\/v2\/posts\/2558\/revisions"}],"wp:featuredmedia":[{"embeddable":true,"href":"https:\/\/fmtinkunaco.ar\/index.php?rest_route=\/"}],"wp:attachment":[{"href":"https:\/\/fmtinkunaco.ar\/index.php?rest_route=%2Fwp%2Fv2%2Fmedia&parent=2558"}],"wp:term":[{"taxonomy":"category","embeddable":true,"href":"https:\/\/fmtinkunaco.ar\/index.php?rest_route=%2Fwp%2Fv2%2Fcategories&post=2558"},{"taxonomy":"post_tag","embeddable":true,"href":"https:\/\/fmtinkunaco.ar\/index.php?rest_route=%2Fwp%2Fv2%2Ftags&post=2558"}],"curies":[{"name":"wp","href":"https:\/\/api.w.org\/{rel}","templated":true}]}}