{"id":2564,"date":"2020-11-05T09:57:55","date_gmt":"2020-11-05T12:57:55","guid":{"rendered":"http:\/\/fmtinkunaco.com.ar\/?p=2564"},"modified":"2020-11-05T09:57:55","modified_gmt":"2020-11-05T12:57:55","slug":"micro-radial-bal-10-basta-de-asesinatos-laborales","status":"publish","type":"post","link":"https:\/\/fmtinkunaco.ar\/?p=2564","title":{"rendered":"MICRO RADIAL BAL #10 \/ BASTA DE ASESINATOS LABORALES"},"content":{"rendered":"<p>MICRO RADIAL BAL #10 \/\u00a0BASTA DE ASESINATOS LABORALES<\/p>\n<p>Este es el d\u00e9cimo informe radial sobre salud y seguridad laboral, un micro del espacio Basta de Asesinatos Laborales.<\/p>\n<p>\u25aa\ufe0f Noticias &#8211; Paritarias en pandemia. Sin salario suficiente y sin seguridad alimentaria los trabajadores se ven expuestos a situaciones de mayor riesgo. Aceiteros, trabajadores de comercio, docentes y estatales luchan contra los topes en las paritarias y los descuentos salariales.<\/p>\n<p>\u25aa\ufe0f Entrevista &#8211; Santiago Menconi, delegado de la L\u00ednea 60 de colectivos, Buenos Aires.<br \/>\n\u201cEl martes realizamos un corte en Puente Saavedra exigiendo el cierre de nuestras paritarias. La UTA las ven\u00eda aplazando hace 7 meses. Nos movilizamos por un b\u00e1sico de 100 mil pesos. Desde hace 8 a\u00f1os venimos perdiendo poder adquisitivo en cada paritaria, no se discuten cuestiones centrales como la salud o la seguridad que, en nuestro caso nos cost\u00f3 la vida de David Ramallo. Y m\u00e1s en este contexto que fuimos declarados esenciales.\u201d<\/p>\n<p>Basta de Asesinatos Laborales<\/p>\n<p><a href=\"https:\/\/archive.org\/details\/bal-10\">Descargar<\/a><\/p>\n<audio class=\"wp-audio-shortcode\" id=\"audio-2564-2\" preload=\"none\" style=\"width: 100%;\" controls=\"controls\"><source type=\"audio\/mpeg\" src=\"https:\/\/archive.org\/download\/bal-10\/BAL%2010.mp3?_=2\" \/><a href=\"https:\/\/archive.org\/download\/bal-10\/BAL%2010.mp3\">https:\/\/archive.org\/download\/bal-10\/BAL%2010.mp3<\/a><\/audio>\n<div class=\"powerpress_player\" id=\"powerpress_player_9437\"><audio class=\"wp-audio-shortcode\" id=\"audio-2564-1\" preload=\"none\" style=\"width: 100%;\" controls=\"controls\"><source type=\"audio\/mpeg\" src=\"https:\/\/archive.org\/download\/bal-10\/BAL%2010.mp3?_=1\" \/><a href=\"https:\/\/archive.org\/download\/bal-10\/BAL%2010.mp3\">https:\/\/archive.org\/download\/bal-10\/BAL%2010.mp3<\/a><\/audio><\/div><p class=\"powerpress_links powerpress_links_mp3\" style=\"margin-bottom: 1px !important;\">Podcast: <a href=\"https:\/\/archive.org\/download\/bal-10\/BAL%2010.mp3\" class=\"powerpress_link_pinw\" target=\"_blank\" title=\"Reproducir en una nueva ventana\" onclick=\"return powerpress_pinw('https:\/\/fmtinkunaco.ar\/?powerpress_pinw=2564-podcast');\" rel=\"nofollow\">Reproducir en una nueva ventana<\/a> | <a href=\"https:\/\/archive.org\/download\/bal-10\/BAL%2010.mp3\" class=\"powerpress_link_d\" title=\"Descargar\" rel=\"nofollow\" download=\"BAL%2010.mp3\">Descargar<\/a><\/p>","protected":false},"excerpt":{"rendered":"<p>MICRO RADIAL BAL #10 \/\u00a0BASTA DE ASESINATOS LABORALES Este es el d\u00e9cimo informe radial sobre salud y seguridad laboral, un micro del espacio Basta de Asesinatos Laborales. \u25aa\ufe0f Noticias &#8211; Paritarias en pandemia. Sin salario suficiente y sin seguridad alimentaria los trabajadores se ven expuestos a situaciones de mayor riesgo. Aceiteros, trabajadores de comercio, docentes [&hellip;]<\/p>\n","protected":false},"author":1,"featured_media":2565,"comment_status":"open","ping_status":"open","sticky":false,"template":"","format":"standard","meta":{"footnotes":""},"categories":[4],"tags":[64],"class_list":["post-2564","post","type-post","status-publish","format-standard","has-post-thumbnail","hentry","category-derechos-humanos","tag-basta-de-asesinatos-laborales"],"_links":{"self":[{"href":"https:\/\/fmtinkunaco.ar\/index.php?rest_route=\/wp\/v2\/posts\/2564","targetHints":{"allow":["GET"]}}],"collection":[{"href":"https:\/\/fmtinkunaco.ar\/index.php?rest_route=\/wp\/v2\/posts"}],"about":[{"href":"https:\/\/fmtinkunaco.ar\/index.php?rest_route=\/wp\/v2\/types\/post"}],"author":[{"embeddable":true,"href":"https:\/\/fmtinkunaco.ar\/index.php?rest_route=\/wp\/v2\/users\/1"}],"replies":[{"embeddable":true,"href":"https:\/\/fmtinkunaco.ar\/index.php?rest_route=%2Fwp%2Fv2%2Fcomments&post=2564"}],"version-history":[{"count":0,"href":"https:\/\/fmtinkunaco.ar\/index.php?rest_route=\/wp\/v2\/posts\/2564\/revisions"}],"wp:featuredmedia":[{"embeddable":true,"href":"https:\/\/fmtinkunaco.ar\/index.php?rest_route=\/"}],"wp:attachment":[{"href":"https:\/\/fmtinkunaco.ar\/index.php?rest_route=%2Fwp%2Fv2%2Fmedia&parent=2564"}],"wp:term":[{"taxonomy":"category","embeddable":true,"href":"https:\/\/fmtinkunaco.ar\/index.php?rest_route=%2Fwp%2Fv2%2Fcategories&post=2564"},{"taxonomy":"post_tag","embeddable":true,"href":"https:\/\/fmtinkunaco.ar\/index.php?rest_route=%2Fwp%2Fv2%2Ftags&post=2564"}],"curies":[{"name":"wp","href":"https:\/\/api.w.org\/{rel}","templated":true}]}}