{"id":2567,"date":"2020-11-05T10:04:04","date_gmt":"2020-11-05T13:04:04","guid":{"rendered":"http:\/\/fmtinkunaco.com.ar\/?p=2567"},"modified":"2020-11-05T10:04:04","modified_gmt":"2020-11-05T13:04:04","slug":"2567-2","status":"publish","type":"post","link":"https:\/\/fmtinkunaco.ar\/?p=2567","title":{"rendered":"MICRO RADIAL BAL #11 \/ BASTA DE ASESINATOS LABORALES"},"content":{"rendered":"<p>Este es informe radial N\u00ba11 sobre salud y seguridad laboral, un micro del espacio Basta de Asesinatos Laborales.<\/p>\n<p>\u25aa\ufe0f Noticias &#8211; Mientras los casos de covid siguen aumentando, el personal de salud contin\u00faa peleando por salario y condiciones de trabajo. Las luchas en Pcia. de Bs. As., C\u00f3rdoba y CABA.<br \/>\n\u25aa\ufe0f Entrevista &#8211; Francisco Estrella Guti\u00e9rrez, delegado de la Obra Social del Poder Judicial de la Naci\u00f3n y congresal nacional del gremio por parte de la agrupaci\u00f3n Bermell\u00f3n.<\/p>\n<p>\u201cDesde el comienzo las comisiones internas recuperadas desarrollaron una pelea por las condiciones de seguridad e higiene y se logr\u00f3 en buena parte la instalaci\u00f3n del teletrabajo. No as\u00ed en otro gran sector. Hay m\u00e1s de 600 casos de contagios y 10 muertes por coronavirus en el Poder Judicial. Tambi\u00e9n estamos luchando por las condiciones en las que se aplica el teletrabajo y contra el ajuste. Tenemos el salario congelado desde el a\u00f1o pasado. Estamos desarrollando una pelea a fondo, ya vamos 6 semanas consecutivas de paro de 36 hs. y movilizaci\u00f3n por una pauta salarial que no atente con nuestro poder adquisitivo en un contexto de inflaci\u00f3n galopante\u201d<\/p>\n<p>Basta de Asesinatos Laborales<\/p>\n<p><a href=\"https:\/\/archive.org\/details\/bal-11\">Descargar<\/a><\/p>\n<audio class=\"wp-audio-shortcode\" id=\"audio-2567-2\" preload=\"none\" style=\"width: 100%;\" controls=\"controls\"><source type=\"audio\/mpeg\" src=\"https:\/\/archive.org\/download\/bal-11\/BAL%2011.mp3?_=2\" \/><a href=\"https:\/\/archive.org\/download\/bal-11\/BAL%2011.mp3\">https:\/\/archive.org\/download\/bal-11\/BAL%2011.mp3<\/a><\/audio>\n<div class=\"powerpress_player\" id=\"powerpress_player_9597\"><audio class=\"wp-audio-shortcode\" id=\"audio-2567-1\" preload=\"none\" style=\"width: 100%;\" controls=\"controls\"><source type=\"audio\/mpeg\" src=\"https:\/\/archive.org\/download\/bal-11\/BAL%2011.mp3?_=1\" \/><a href=\"https:\/\/archive.org\/download\/bal-11\/BAL%2011.mp3\">https:\/\/archive.org\/download\/bal-11\/BAL%2011.mp3<\/a><\/audio><\/div><p class=\"powerpress_links powerpress_links_mp3\" style=\"margin-bottom: 1px !important;\">Podcast: <a href=\"https:\/\/archive.org\/download\/bal-11\/BAL%2011.mp3\" class=\"powerpress_link_pinw\" target=\"_blank\" title=\"Reproducir en una nueva ventana\" onclick=\"return powerpress_pinw('https:\/\/fmtinkunaco.ar\/?powerpress_pinw=2567-podcast');\" rel=\"nofollow\">Reproducir en una nueva ventana<\/a> | <a href=\"https:\/\/archive.org\/download\/bal-11\/BAL%2011.mp3\" class=\"powerpress_link_d\" title=\"Descargar\" rel=\"nofollow\" download=\"BAL%2011.mp3\">Descargar<\/a><\/p>","protected":false},"excerpt":{"rendered":"<p>Este es informe radial N\u00ba11 sobre salud y seguridad laboral, un micro del espacio Basta de Asesinatos Laborales. \u25aa\ufe0f Noticias &#8211; Mientras los casos de covid siguen aumentando, el personal de salud contin\u00faa peleando por salario y condiciones de trabajo. Las luchas en Pcia. de Bs. As., C\u00f3rdoba y CABA. \u25aa\ufe0f Entrevista &#8211; Francisco Estrella [&hellip;]<\/p>\n","protected":false},"author":1,"featured_media":2568,"comment_status":"open","ping_status":"open","sticky":false,"template":"","format":"standard","meta":{"footnotes":""},"categories":[4],"tags":[64],"class_list":["post-2567","post","type-post","status-publish","format-standard","has-post-thumbnail","hentry","category-derechos-humanos","tag-basta-de-asesinatos-laborales"],"_links":{"self":[{"href":"https:\/\/fmtinkunaco.ar\/index.php?rest_route=\/wp\/v2\/posts\/2567","targetHints":{"allow":["GET"]}}],"collection":[{"href":"https:\/\/fmtinkunaco.ar\/index.php?rest_route=\/wp\/v2\/posts"}],"about":[{"href":"https:\/\/fmtinkunaco.ar\/index.php?rest_route=\/wp\/v2\/types\/post"}],"author":[{"embeddable":true,"href":"https:\/\/fmtinkunaco.ar\/index.php?rest_route=\/wp\/v2\/users\/1"}],"replies":[{"embeddable":true,"href":"https:\/\/fmtinkunaco.ar\/index.php?rest_route=%2Fwp%2Fv2%2Fcomments&post=2567"}],"version-history":[{"count":0,"href":"https:\/\/fmtinkunaco.ar\/index.php?rest_route=\/wp\/v2\/posts\/2567\/revisions"}],"wp:featuredmedia":[{"embeddable":true,"href":"https:\/\/fmtinkunaco.ar\/index.php?rest_route=\/"}],"wp:attachment":[{"href":"https:\/\/fmtinkunaco.ar\/index.php?rest_route=%2Fwp%2Fv2%2Fmedia&parent=2567"}],"wp:term":[{"taxonomy":"category","embeddable":true,"href":"https:\/\/fmtinkunaco.ar\/index.php?rest_route=%2Fwp%2Fv2%2Fcategories&post=2567"},{"taxonomy":"post_tag","embeddable":true,"href":"https:\/\/fmtinkunaco.ar\/index.php?rest_route=%2Fwp%2Fv2%2Ftags&post=2567"}],"curies":[{"name":"wp","href":"https:\/\/api.w.org\/{rel}","templated":true}]}}