{"id":2572,"date":"2020-11-05T10:24:37","date_gmt":"2020-11-05T13:24:37","guid":{"rendered":"http:\/\/fmtinkunaco.com.ar\/?p=2572"},"modified":"2020-11-05T10:24:37","modified_gmt":"2020-11-05T13:24:37","slug":"jose-c-paz-la-orquesta-municipal-se-reune-con-autoridades-municipales-por-sus-condiciones-de-trabajo","status":"publish","type":"post","link":"https:\/\/fmtinkunaco.ar\/?p=2572","title":{"rendered":"Jos\u00e9. C. Paz: La orquesta municipal se re\u00fane con autoridades municipales por sus condiciones de trabajo"},"content":{"rendered":"<p>El lunes y martes, de esta semana, delegados y delegadas de la Orquesta Sinf\u00f3nica Municipal de Jos\u00e9. C. Paz se reuni\u00f3 con autoridades municipales con el objetivo de exigir mejores condiciones de trabajo.<\/p>\n<p>En di\u00e1logo con el programa radial \u201cEncuentro con las Noticias\u201d, Clara Parodi, Directora de la Orquesta, se refiri\u00f3 a la situaci\u00f3n actual\u00a0 salarial de los m\u00fasicos y m\u00fasicas <em>\u201cLa orquesta estaba percibiendo en mano, sin la carga social, sin las asignaciones familiares, la orquesta percib\u00eda $4.600 pesos por mes hasta el mes de febrero, ahora se redujo a $3.300 pesos, el compromiso quedo en poder volver a tener el mismo ingreso en mano que ten\u00edamos hasta el mes de febrero\u201d<\/em>.<\/p>\n<p>El compromiso fue tomado en el mes de junio, cuando la orquesta se reuni\u00f3 por primera vez con las autoridades municipales.<\/p>\n<p>Parodi, relat\u00f3, <em>\u201cYa tuvimos tres reuniones con Claudio P\u00e9rez, se mostro por lo menos interesado en tratar de solucionar esto de poder equiparar y al mismo tiempo el compromiso, que estamos esperando en estos d\u00edas ya debemos empezar a juntarnos a trabajar en conjunto con Jos\u00e9 P\u00e9rez, que es diputado provincial y referente de lo que es la primera secci\u00f3n que corresponde a Jos\u00e9. C. Paz para empezar a trabajar a ver de justamente que la provincia o absorba la orquesta financie partes y convertirlo en un organismo mixto\u00bb<\/em>.<\/p>\n<p>Dentro de la semana, la orquesta debe reunirse nuevamente con las autoridades municipales.<\/p>\n<p>Compartimos la entrevista completa<\/p>\n<p><a href=\"https:\/\/archive.org\/details\/audio-clara-parodi-05-11-2020\">Descargar<\/a><\/p>\n<audio class=\"wp-audio-shortcode\" id=\"audio-2572-2\" preload=\"none\" style=\"width: 100%;\" controls=\"controls\"><source type=\"audio\/mpeg\" src=\"https:\/\/archive.org\/download\/audio-clara-parodi-05-11-2020\/AUDIO%20-%20CLARA%20PARODI%2005%2011%202020.mp3?_=2\" \/><a href=\"https:\/\/archive.org\/download\/audio-clara-parodi-05-11-2020\/AUDIO%20-%20CLARA%20PARODI%2005%2011%202020.mp3\">https:\/\/archive.org\/download\/audio-clara-parodi-05-11-2020\/AUDIO%20-%20CLARA%20PARODI%2005%2011%202020.mp3<\/a><\/audio>\n<div class=\"powerpress_player\" id=\"powerpress_player_1125\"><audio class=\"wp-audio-shortcode\" id=\"audio-2572-1\" preload=\"none\" style=\"width: 100%;\" controls=\"controls\"><source type=\"audio\/mpeg\" src=\"https:\/\/archive.org\/download\/audio-clara-parodi-05-11-2020\/AUDIO%20-%20CLARA%20PARODI%2005%2011%202020.mp3?_=1\" \/><a href=\"https:\/\/archive.org\/download\/audio-clara-parodi-05-11-2020\/AUDIO%20-%20CLARA%20PARODI%2005%2011%202020.mp3\">https:\/\/archive.org\/download\/audio-clara-parodi-05-11-2020\/AUDIO%20-%20CLARA%20PARODI%2005%2011%202020.mp3<\/a><\/audio><\/div><p class=\"powerpress_links powerpress_links_mp3\" style=\"margin-bottom: 1px !important;\">Podcast: <a href=\"https:\/\/archive.org\/download\/audio-clara-parodi-05-11-2020\/AUDIO%20-%20CLARA%20PARODI%2005%2011%202020.mp3\" class=\"powerpress_link_pinw\" target=\"_blank\" title=\"Reproducir en una nueva ventana\" onclick=\"return powerpress_pinw('https:\/\/fmtinkunaco.ar\/?powerpress_pinw=2572-podcast');\" rel=\"nofollow\">Reproducir en una nueva ventana<\/a> | <a href=\"https:\/\/archive.org\/download\/audio-clara-parodi-05-11-2020\/AUDIO%20-%20CLARA%20PARODI%2005%2011%202020.mp3\" class=\"powerpress_link_d\" title=\"Descargar\" rel=\"nofollow\" download=\"AUDIO%20-%20CLARA%20PARODI%2005%2011%202020.mp3\">Descargar<\/a><\/p>","protected":false},"excerpt":{"rendered":"<p>El lunes y martes, de esta semana, delegados y delegadas de la Orquesta Sinf\u00f3nica Municipal de Jos\u00e9. C. Paz se reuni\u00f3 con autoridades municipales con el objetivo de exigir mejores condiciones de trabajo. En di\u00e1logo con el programa radial \u201cEncuentro con las Noticias\u201d, Clara Parodi, Directora de la Orquesta, se refiri\u00f3 a la situaci\u00f3n actual\u00a0 [&hellip;]<\/p>\n","protected":false},"author":1,"featured_media":2573,"comment_status":"open","ping_status":"open","sticky":false,"template":"","format":"standard","meta":{"footnotes":""},"categories":[3],"tags":[337,368],"class_list":["post-2572","post","type-post","status-publish","format-standard","has-post-thumbnail","hentry","category-cultura","tag-municipio-de-jose-c-paz","tag-orquesta-municipal-jose-c-paz"],"_links":{"self":[{"href":"https:\/\/fmtinkunaco.ar\/index.php?rest_route=\/wp\/v2\/posts\/2572","targetHints":{"allow":["GET"]}}],"collection":[{"href":"https:\/\/fmtinkunaco.ar\/index.php?rest_route=\/wp\/v2\/posts"}],"about":[{"href":"https:\/\/fmtinkunaco.ar\/index.php?rest_route=\/wp\/v2\/types\/post"}],"author":[{"embeddable":true,"href":"https:\/\/fmtinkunaco.ar\/index.php?rest_route=\/wp\/v2\/users\/1"}],"replies":[{"embeddable":true,"href":"https:\/\/fmtinkunaco.ar\/index.php?rest_route=%2Fwp%2Fv2%2Fcomments&post=2572"}],"version-history":[{"count":0,"href":"https:\/\/fmtinkunaco.ar\/index.php?rest_route=\/wp\/v2\/posts\/2572\/revisions"}],"wp:featuredmedia":[{"embeddable":true,"href":"https:\/\/fmtinkunaco.ar\/index.php?rest_route=\/"}],"wp:attachment":[{"href":"https:\/\/fmtinkunaco.ar\/index.php?rest_route=%2Fwp%2Fv2%2Fmedia&parent=2572"}],"wp:term":[{"taxonomy":"category","embeddable":true,"href":"https:\/\/fmtinkunaco.ar\/index.php?rest_route=%2Fwp%2Fv2%2Fcategories&post=2572"},{"taxonomy":"post_tag","embeddable":true,"href":"https:\/\/fmtinkunaco.ar\/index.php?rest_route=%2Fwp%2Fv2%2Ftags&post=2572"}],"curies":[{"name":"wp","href":"https:\/\/api.w.org\/{rel}","templated":true}]}}