{"id":2575,"date":"2020-11-05T10:46:06","date_gmt":"2020-11-05T13:46:06","guid":{"rendered":"http:\/\/fmtinkunaco.com.ar\/?p=2575"},"modified":"2020-11-05T10:46:06","modified_gmt":"2020-11-05T13:46:06","slug":"moreno-se-inauguro-la-escuela-primaria-n84","status":"publish","type":"post","link":"https:\/\/fmtinkunaco.ar\/?p=2575","title":{"rendered":"Moreno: Se inaugur\u00f3 la Escuela Primaria N\u00b084"},"content":{"rendered":"<p>[et_pb_section admin_label=\u00bbsection\u00bb]<br \/>\n\t\t[et_pb_row admin_label=\u00bbrow\u00bb]<br \/>\n\t\t\t[et_pb_column type=\u00bb4_4&#8243;][et_pb_text admin_label=\u00bbText\u00bb]El lunes, 2 de noviembre, se inaugur\u00f3 la Escuela Primaria N\u00b0 84 de Cuartel V \u2013 Moreno. Esta escuela es el resultado de la lucha de a\u00f1os de organizaciones del territorio para que las ni\u00f1eces estudien en un ambiente apropiado, hasta el momento los alumnos y alumnas ten\u00edan sus clases en contenedores.<\/p>\n<p>En di\u00e1logo con el programa radial \u201cEncuentro con las Noticias\u201d, Mar\u00eda, vecina de Cuartel V e integrante del Centro Comunitario Pachamama, se refiri\u00f3 a la emoci\u00f3n por este logro, <em>\u201cUna mezcla de sensaciones porque no la pudimos disfrutar, como hubi\u00e9ramos querido, con una gran fiesta pero s\u00ed es un logro muy importante porque es un logro de organizaci\u00f3n y vecinos que salieron a reclamar por los derechos de los chicos, que no ten\u00edan d\u00f3nde ir a estudiar\u201d<\/em>.<\/p>\n<p>Los chicos estuvieron teniendo clases en aulas modulares, durante 3 a\u00f1os, as\u00ed lo cont\u00f3 Mar\u00eda, <em>\u201cLas aulas modulares se inauguraron el 17 de agosto del 2017, y bueno, decimos 3 a\u00f1os porque es lo que tendr\u00edan que haber durado las clases pero en el medio tuvimos lo de Sandra y Rub\u00e9n, tuvimos problemas con el acceso entonces los docentes no pod\u00edan llegar, entonces hab\u00edan d\u00edas de clases que no se ten\u00edan; el problema de la energ\u00eda para los aires por ser aulas conteiners\u201d<\/em>.<\/p>\n<p>La escuela se construy\u00f3 en, aproximadamente, 15 meses. Y tiene sala de laboratorio, biblioteca, tiene un sum, ascensores para discapacidad.<\/p>\n<p>Mar\u00eda, finalmente, remarc\u00f3 \u201cLa felicidad va a ser completa cuando los chicos puedan venir a la escuela\u201d.<\/p>\n<p>Compartimos la entrevista completa<\/p>\n<p><a href=\"https:\/\/archive.org\/details\/audio-maria-escuela-84\">Descargar<\/a><\/p>\n<audio class=\"wp-audio-shortcode\" id=\"audio-2575-2\" preload=\"none\" style=\"width: 100%;\" controls=\"controls\"><source type=\"audio\/mpeg\" src=\"https:\/\/archive.org\/download\/audio-maria-escuela-84\/AUDIO%20-%20MARIA%20%28ESCUELA%2084%29.mp3?_=2\" \/><a href=\"https:\/\/archive.org\/download\/audio-maria-escuela-84\/AUDIO%20-%20MARIA%20%28ESCUELA%2084%29.mp3\">https:\/\/archive.org\/download\/audio-maria-escuela-84\/AUDIO%20-%20MARIA%20%28ESCUELA%2084%29.mp3<\/a><\/audio>\n<p>&nbsp;[\/et_pb_text][\/et_pb_column]<br \/>\n\t\t[\/et_pb_row]<br \/>\n\t[\/et_pb_section]<\/p>\n<div class=\"powerpress_player\" id=\"powerpress_player_4757\"><audio class=\"wp-audio-shortcode\" id=\"audio-2575-1\" preload=\"none\" style=\"width: 100%;\" controls=\"controls\"><source type=\"audio\/mpeg\" src=\"https:\/\/archive.org\/download\/audio-maria-escuela-84\/AUDIO%20-%20MARIA%20%28ESCUELA%2084%29.mp3?_=1\" \/><a href=\"https:\/\/archive.org\/download\/audio-maria-escuela-84\/AUDIO%20-%20MARIA%20%28ESCUELA%2084%29.mp3\">https:\/\/archive.org\/download\/audio-maria-escuela-84\/AUDIO%20-%20MARIA%20%28ESCUELA%2084%29.mp3<\/a><\/audio><\/div><p class=\"powerpress_links powerpress_links_mp3\" style=\"margin-bottom: 1px !important;\">Podcast: <a href=\"https:\/\/archive.org\/download\/audio-maria-escuela-84\/AUDIO%20-%20MARIA%20%28ESCUELA%2084%29.mp3\" class=\"powerpress_link_pinw\" target=\"_blank\" title=\"Reproducir en una nueva ventana\" onclick=\"return powerpress_pinw('https:\/\/fmtinkunaco.ar\/?powerpress_pinw=2575-podcast');\" rel=\"nofollow\">Reproducir en una nueva ventana<\/a> | <a href=\"https:\/\/archive.org\/download\/audio-maria-escuela-84\/AUDIO%20-%20MARIA%20%28ESCUELA%2084%29.mp3\" class=\"powerpress_link_d\" title=\"Descargar\" rel=\"nofollow\" download=\"AUDIO%20-%20MARIA%20%28ESCUELA%2084%29.mp3\">Descargar<\/a><\/p>","protected":false},"excerpt":{"rendered":"<p>[et_pb_section admin_label=\u00bbsection\u00bb] [et_pb_row admin_label=\u00bbrow\u00bb] [et_pb_column type=\u00bb4_4&#8243;][et_pb_text admin_label=\u00bbText\u00bb]El lunes, 2 de noviembre, se inaugur\u00f3 la Escuela Primaria N\u00b0 84 de Cuartel V \u2013 Moreno. Esta escuela es el resultado de la lucha de a\u00f1os de organizaciones del territorio para que las ni\u00f1eces estudien en un ambiente apropiado, hasta el momento los alumnos y alumnas ten\u00edan sus [&hellip;]<\/p>\n","protected":false},"author":1,"featured_media":2576,"comment_status":"open","ping_status":"open","sticky":false,"template":"","format":"standard","meta":{"footnotes":""},"categories":[5],"tags":[253,339],"class_list":["post-2575","post","type-post","status-publish","format-standard","has-post-thumbnail","hentry","category-educacion","tag-inauguracion-escuela-84","tag-municipio-de-moreno"],"_links":{"self":[{"href":"https:\/\/fmtinkunaco.ar\/index.php?rest_route=\/wp\/v2\/posts\/2575","targetHints":{"allow":["GET"]}}],"collection":[{"href":"https:\/\/fmtinkunaco.ar\/index.php?rest_route=\/wp\/v2\/posts"}],"about":[{"href":"https:\/\/fmtinkunaco.ar\/index.php?rest_route=\/wp\/v2\/types\/post"}],"author":[{"embeddable":true,"href":"https:\/\/fmtinkunaco.ar\/index.php?rest_route=\/wp\/v2\/users\/1"}],"replies":[{"embeddable":true,"href":"https:\/\/fmtinkunaco.ar\/index.php?rest_route=%2Fwp%2Fv2%2Fcomments&post=2575"}],"version-history":[{"count":0,"href":"https:\/\/fmtinkunaco.ar\/index.php?rest_route=\/wp\/v2\/posts\/2575\/revisions"}],"wp:featuredmedia":[{"embeddable":true,"href":"https:\/\/fmtinkunaco.ar\/index.php?rest_route=\/"}],"wp:attachment":[{"href":"https:\/\/fmtinkunaco.ar\/index.php?rest_route=%2Fwp%2Fv2%2Fmedia&parent=2575"}],"wp:term":[{"taxonomy":"category","embeddable":true,"href":"https:\/\/fmtinkunaco.ar\/index.php?rest_route=%2Fwp%2Fv2%2Fcategories&post=2575"},{"taxonomy":"post_tag","embeddable":true,"href":"https:\/\/fmtinkunaco.ar\/index.php?rest_route=%2Fwp%2Fv2%2Ftags&post=2575"}],"curies":[{"name":"wp","href":"https:\/\/api.w.org\/{rel}","templated":true}]}}