{"id":2579,"date":"2020-11-06T11:09:18","date_gmt":"2020-11-06T14:09:18","guid":{"rendered":"http:\/\/fmtinkunaco.com.ar\/?p=2579"},"modified":"2020-11-06T11:09:18","modified_gmt":"2020-11-06T14:09:18","slug":"rio-lujan-radio-abierta-no-a-la-rectificacion-y-ensanche","status":"publish","type":"post","link":"https:\/\/fmtinkunaco.ar\/?p=2579","title":{"rendered":"R\u00edo Luj\u00e1n \u2013 Radio Abierta: No a la rectificaci\u00f3n y ensanche"},"content":{"rendered":"<p>Las <a href=\"http:\/\/fmtinkunaco.com.ar\/reserva-natural-del-pilar-no-ha-habido-estudio-de-impacto-ambiental-para-las-obras-del-rio-lujan\/\">obras anunciadas<\/a> de ensanche del R\u00edo Luj\u00e1n, se encuentra en pleno inici\u00f3 y organizaciones ambientales contin\u00faan visibilizando las consecuencias negativas importantes en cuanto a inundaciones y para la biodiversidad.<\/p>\n<p>En este marc\u00f3, ma\u00f1ana s\u00e1bado 7 de noviembre a partir de las 11 hs se realizar\u00e1 una radio abierta en la plaza 12 de octubre de Pilar para decir no a la rectificaci\u00f3n y ensanche y la defensa de los humedales.<\/p>\n<p>En di\u00e1logo con el programa radial \u201cEncuentro con las Noticias\u201d, Graciela Capodoglio, referente de la Reserva Natural de Pilar se refiri\u00f3 al comienzo de las obras, <em>\u201cHay carteles que dicen que la sobras ya est\u00e1n iniciadas, en ruta 8 y el puente, sabemos que est\u00e1n haciendo el obrador sobre las tierras que son del Arzobispado de Buenos Aires en la Montonera, est\u00e1n haciendo como una serie de recept\u00e1culos para tirar los barros que se ven desde la ruta y es inminente, esto se larga. Lo \u00fanico que no han hecho todav\u00eda y esto es, creo, la raz\u00f3n por la que no han avanzado, es que no han podido demostrar que los barros que van a sacar no est\u00e1n contaminados y por lo tanto, que es lo que les pidi\u00f3 la municipalidad, no pueden avanzar por eso\u201d<\/em>.<\/p>\n<p>Capodoglio, remarc\u00f3 una de las principales consecuencias, <em>\u201cLa gente del Partido de Luj\u00e1n est\u00e1 feliz porque con esta obra no se les vuelve a inundar la Bas\u00edlica que est\u00e1 adentro del humedal pero nos vamos a inundar nosotros pero adem\u00e1s nos vamos a inundar nosotros con otro agravante que es la velocidad a la que va a llegar el agua\u201d<\/em>.<\/p>\n<p>En este marco, Organizaciones y vecinos de la Cuenca del Ri\u00f3 Luj\u00e1n realizar\u00e1n una radio abierta, ma\u00f1ana, a partir de las 11 de la ma\u00f1ana en la plaza 12 de octubre.<\/p>\n<p>Compartimos la entrevista completa<\/p>\n<p><a href=\"https:\/\/archive.org\/details\/audio-graciela-capodoglio-06-11-2020\">Descargar<\/a><\/p>\n<audio class=\"wp-audio-shortcode\" id=\"audio-2579-2\" preload=\"none\" style=\"width: 100%;\" controls=\"controls\"><source type=\"audio\/mpeg\" src=\"https:\/\/archive.org\/download\/audio-graciela-capodoglio-06-11-2020\/AUDIO%20-%20GRACIELA%20CAPODOGLIO%2006%2011%202020.mp3?_=2\" \/><a href=\"https:\/\/archive.org\/download\/audio-graciela-capodoglio-06-11-2020\/AUDIO%20-%20GRACIELA%20CAPODOGLIO%2006%2011%202020.mp3\">https:\/\/archive.org\/download\/audio-graciela-capodoglio-06-11-2020\/AUDIO%20-%20GRACIELA%20CAPODOGLIO%2006%2011%202020.mp3<\/a><\/audio>\n<div class=\"powerpress_player\" id=\"powerpress_player_8415\"><audio class=\"wp-audio-shortcode\" id=\"audio-2579-1\" preload=\"none\" style=\"width: 100%;\" controls=\"controls\"><source type=\"audio\/mpeg\" src=\"https:\/\/archive.org\/download\/audio-graciela-capodoglio-06-11-2020\/AUDIO%20-%20GRACIELA%20CAPODOGLIO%2006%2011%202020.mp3?_=1\" \/><a href=\"https:\/\/archive.org\/download\/audio-graciela-capodoglio-06-11-2020\/AUDIO%20-%20GRACIELA%20CAPODOGLIO%2006%2011%202020.mp3\">https:\/\/archive.org\/download\/audio-graciela-capodoglio-06-11-2020\/AUDIO%20-%20GRACIELA%20CAPODOGLIO%2006%2011%202020.mp3<\/a><\/audio><\/div><p class=\"powerpress_links powerpress_links_mp3\" style=\"margin-bottom: 1px !important;\">Podcast: <a href=\"https:\/\/archive.org\/download\/audio-graciela-capodoglio-06-11-2020\/AUDIO%20-%20GRACIELA%20CAPODOGLIO%2006%2011%202020.mp3\" class=\"powerpress_link_pinw\" target=\"_blank\" title=\"Reproducir en una nueva ventana\" onclick=\"return powerpress_pinw('https:\/\/fmtinkunaco.ar\/?powerpress_pinw=2579-podcast');\" rel=\"nofollow\">Reproducir en una nueva ventana<\/a> | <a href=\"https:\/\/archive.org\/download\/audio-graciela-capodoglio-06-11-2020\/AUDIO%20-%20GRACIELA%20CAPODOGLIO%2006%2011%202020.mp3\" class=\"powerpress_link_d\" title=\"Descargar\" rel=\"nofollow\" download=\"AUDIO%20-%20GRACIELA%20CAPODOGLIO%2006%2011%202020.mp3\">Descargar<\/a><\/p>","protected":false},"excerpt":{"rendered":"<p>Las obras anunciadas de ensanche del R\u00edo Luj\u00e1n, se encuentra en pleno inici\u00f3 y organizaciones ambientales contin\u00faan visibilizando las consecuencias negativas importantes en cuanto a inundaciones y para la biodiversidad. En este marc\u00f3, ma\u00f1ana s\u00e1bado 7 de noviembre a partir de las 11 hs se realizar\u00e1 una radio abierta en la plaza 12 de octubre [&hellip;]<\/p>\n","protected":false},"author":1,"featured_media":2580,"comment_status":"open","ping_status":"open","sticky":false,"template":"","format":"standard","meta":{"footnotes":""},"categories":[4,9],"tags":[141,358,432],"class_list":["post-2579","post","type-post","status-publish","format-standard","has-post-thumbnail","hentry","category-derechos-humanos","category-sociedad","tag-cuenca-rio-lujan","tag-obras-en-el-rio-lujan","tag-reserva-natural-del-pilar"],"_links":{"self":[{"href":"https:\/\/fmtinkunaco.ar\/index.php?rest_route=\/wp\/v2\/posts\/2579","targetHints":{"allow":["GET"]}}],"collection":[{"href":"https:\/\/fmtinkunaco.ar\/index.php?rest_route=\/wp\/v2\/posts"}],"about":[{"href":"https:\/\/fmtinkunaco.ar\/index.php?rest_route=\/wp\/v2\/types\/post"}],"author":[{"embeddable":true,"href":"https:\/\/fmtinkunaco.ar\/index.php?rest_route=\/wp\/v2\/users\/1"}],"replies":[{"embeddable":true,"href":"https:\/\/fmtinkunaco.ar\/index.php?rest_route=%2Fwp%2Fv2%2Fcomments&post=2579"}],"version-history":[{"count":0,"href":"https:\/\/fmtinkunaco.ar\/index.php?rest_route=\/wp\/v2\/posts\/2579\/revisions"}],"wp:featuredmedia":[{"embeddable":true,"href":"https:\/\/fmtinkunaco.ar\/index.php?rest_route=\/"}],"wp:attachment":[{"href":"https:\/\/fmtinkunaco.ar\/index.php?rest_route=%2Fwp%2Fv2%2Fmedia&parent=2579"}],"wp:term":[{"taxonomy":"category","embeddable":true,"href":"https:\/\/fmtinkunaco.ar\/index.php?rest_route=%2Fwp%2Fv2%2Fcategories&post=2579"},{"taxonomy":"post_tag","embeddable":true,"href":"https:\/\/fmtinkunaco.ar\/index.php?rest_route=%2Fwp%2Fv2%2Ftags&post=2579"}],"curies":[{"name":"wp","href":"https:\/\/api.w.org\/{rel}","templated":true}]}}