{"id":2588,"date":"2020-11-10T09:59:34","date_gmt":"2020-11-10T12:59:34","guid":{"rendered":"http:\/\/fmtinkunaco.com.ar\/?p=2588"},"modified":"2020-11-10T09:59:34","modified_gmt":"2020-11-10T12:59:34","slug":"jose-c-paz-organizaciones-sociales-se-reunen-por-un-consejo-local-de-ninez","status":"publish","type":"post","link":"https:\/\/fmtinkunaco.ar\/?p=2588","title":{"rendered":"Jos\u00e9. C. Paz: Organizaciones Sociales tuvieron su primer reuni\u00f3n por un Consejo Local de Ni\u00f1ez"},"content":{"rendered":"<p>El pasado viernes, 6 de noviembre, organizaciones del territorio se reunieron por primera vez de manera virtual con el objetivo de lograr la conformaci\u00f3n de un <a href=\"http:\/\/fmtinkunaco.com.ar\/jose-c-paz-organizaciones-sociales-quieren-la-conformacion-del-consejo-local-de-ninez\/\">Consejo Local de Promoci\u00f3n y Protecci\u00f3n<\/a> de los derechos de ni\u00f1os, ni\u00f1as y adolescentes en el territorio pace\u00f1o.<\/p>\n<p>En di\u00e1logo con el programa radial \u201cEncuentro con las Noticias\u201d, Mat\u00edas Santill\u00e1n, integrante de la Asamblea No al Cierre de las Salitas, se refiri\u00f3 a la convocatoria de la primera reuni\u00f3n,<em> \u201cParticularmente contento por la convocatoria, hubieron organizaciones que componen la Red El Encuentro de Jos\u00e9. C. Paz, estuvieron de SUTEBA, del Servicio Zonal, la verdad que dentro de todo hubo una buena convocatoria para esta primer instancia que es un reinicio, un proceso muy largo de ocho a\u00f1os y que tenemos lo bueno de que hay esa experiencia, ese camino recorrido y bueno, ahora la voluntad de empezar a conformar la mesa, entendiendo que es un contexto diferentes y empezar a presionar para que la protecci\u00f3n y la promoci\u00f3n de los derechos del ni\u00f1o sea una realidad en Jos\u00e9. C. Paz\u201d<\/em>.<\/p>\n<p>Adem\u00e1s, Santill\u00e1n, explic\u00f3 que se proponen transformar el camino recorrido hace 8 a\u00f1os y transformar la experiencia, <em>\u201cB\u00e1sicamente, algo que es muy bueno entendiendo el proceso que vivieron es no quedarse en la catarsis, que a veces pasaba mucho esto, y creo que pasa en muchos espacios donde hay cuestiones colectivas y sobre todo cuando uno est\u00e1 peleando contra los poderes municipales y dem\u00e1s, siempre hay esta cuesti\u00f3n de enojos y catarsis, pero que no hay que quedarse con eso y hay que tratar de avanzar y tambi\u00e9n algo que quedo claro, es que hay que renovar la experiencia\u201d<\/em>.<\/p>\n<p>La pr\u00f3xima reuni\u00f3n ser\u00e1 el mi\u00e9rcoles 2 de diciembre, \u00a0a las 15 horas.<\/p>\n<p>Compartimos la entrevista completa<\/p>\n<p><a href=\"https:\/\/archive.org\/details\/audio-matias-santillan-9-11-2020\">Descargar<\/a><\/p>\n<audio class=\"wp-audio-shortcode\" id=\"audio-2588-2\" preload=\"none\" style=\"width: 100%;\" controls=\"controls\"><source type=\"audio\/mpeg\" src=\"https:\/\/archive.org\/download\/audio-matias-santillan-9-11-2020\/AUDIO%20-%20MATIAS%20SANTILLAN%209%2011%202020.mp3?_=2\" \/><a href=\"https:\/\/archive.org\/download\/audio-matias-santillan-9-11-2020\/AUDIO%20-%20MATIAS%20SANTILLAN%209%2011%202020.mp3\">https:\/\/archive.org\/download\/audio-matias-santillan-9-11-2020\/AUDIO%20-%20MATIAS%20SANTILLAN%209%2011%202020.mp3<\/a><\/audio>\n<div class=\"powerpress_player\" id=\"powerpress_player_9749\"><audio class=\"wp-audio-shortcode\" id=\"audio-2588-1\" preload=\"none\" style=\"width: 100%;\" controls=\"controls\"><source type=\"audio\/mpeg\" src=\"https:\/\/archive.org\/download\/audio-matias-santillan-9-11-2020\/AUDIO%20-%20MATIAS%20SANTILLAN%209%2011%202020.mp3?_=1\" \/><a href=\"https:\/\/archive.org\/download\/audio-matias-santillan-9-11-2020\/AUDIO%20-%20MATIAS%20SANTILLAN%209%2011%202020.mp3\">https:\/\/archive.org\/download\/audio-matias-santillan-9-11-2020\/AUDIO%20-%20MATIAS%20SANTILLAN%209%2011%202020.mp3<\/a><\/audio><\/div><p class=\"powerpress_links powerpress_links_mp3\" style=\"margin-bottom: 1px !important;\">Podcast: <a href=\"https:\/\/archive.org\/download\/audio-matias-santillan-9-11-2020\/AUDIO%20-%20MATIAS%20SANTILLAN%209%2011%202020.mp3\" class=\"powerpress_link_pinw\" target=\"_blank\" title=\"Reproducir en una nueva ventana\" onclick=\"return powerpress_pinw('https:\/\/fmtinkunaco.ar\/?powerpress_pinw=2588-podcast');\" rel=\"nofollow\">Reproducir en una nueva ventana<\/a> | <a href=\"https:\/\/archive.org\/download\/audio-matias-santillan-9-11-2020\/AUDIO%20-%20MATIAS%20SANTILLAN%209%2011%202020.mp3\" class=\"powerpress_link_d\" title=\"Descargar\" rel=\"nofollow\" download=\"AUDIO%20-%20MATIAS%20SANTILLAN%209%2011%202020.mp3\">Descargar<\/a><\/p>","protected":false},"excerpt":{"rendered":"<p>El pasado viernes, 6 de noviembre, organizaciones del territorio se reunieron por primera vez de manera virtual con el objetivo de lograr la conformaci\u00f3n de un Consejo Local de Promoci\u00f3n y Protecci\u00f3n de los derechos de ni\u00f1os, ni\u00f1as y adolescentes en el territorio pace\u00f1o. En di\u00e1logo con el programa radial \u201cEncuentro con las Noticias\u201d, Mat\u00edas [&hellip;]<\/p>\n","protected":false},"author":1,"featured_media":2174,"comment_status":"open","ping_status":"open","sticky":false,"template":"","format":"standard","meta":{"footnotes":""},"categories":[4],"tags":[10,126,337],"class_list":["post-2588","post","type-post","status-publish","format-standard","has-post-thumbnail","hentry","category-derechos-humanos","tag-10","tag-consejo-local-de-promocion-y-proteccion-de-los-derechos-de-ninos","tag-municipio-de-jose-c-paz"],"_links":{"self":[{"href":"https:\/\/fmtinkunaco.ar\/index.php?rest_route=\/wp\/v2\/posts\/2588","targetHints":{"allow":["GET"]}}],"collection":[{"href":"https:\/\/fmtinkunaco.ar\/index.php?rest_route=\/wp\/v2\/posts"}],"about":[{"href":"https:\/\/fmtinkunaco.ar\/index.php?rest_route=\/wp\/v2\/types\/post"}],"author":[{"embeddable":true,"href":"https:\/\/fmtinkunaco.ar\/index.php?rest_route=\/wp\/v2\/users\/1"}],"replies":[{"embeddable":true,"href":"https:\/\/fmtinkunaco.ar\/index.php?rest_route=%2Fwp%2Fv2%2Fcomments&post=2588"}],"version-history":[{"count":0,"href":"https:\/\/fmtinkunaco.ar\/index.php?rest_route=\/wp\/v2\/posts\/2588\/revisions"}],"wp:featuredmedia":[{"embeddable":true,"href":"https:\/\/fmtinkunaco.ar\/index.php?rest_route=\/"}],"wp:attachment":[{"href":"https:\/\/fmtinkunaco.ar\/index.php?rest_route=%2Fwp%2Fv2%2Fmedia&parent=2588"}],"wp:term":[{"taxonomy":"category","embeddable":true,"href":"https:\/\/fmtinkunaco.ar\/index.php?rest_route=%2Fwp%2Fv2%2Fcategories&post=2588"},{"taxonomy":"post_tag","embeddable":true,"href":"https:\/\/fmtinkunaco.ar\/index.php?rest_route=%2Fwp%2Fv2%2Ftags&post=2588"}],"curies":[{"name":"wp","href":"https:\/\/api.w.org\/{rel}","templated":true}]}}