{"id":2591,"date":"2020-11-10T10:36:49","date_gmt":"2020-11-10T13:36:49","guid":{"rendered":"http:\/\/fmtinkunaco.com.ar\/?p=2591"},"modified":"2020-11-10T10:36:49","modified_gmt":"2020-11-10T13:36:49","slug":"cultura-en-red-pilar-se-reunio-con-el-ejecutivo","status":"publish","type":"post","link":"https:\/\/fmtinkunaco.ar\/?p=2591","title":{"rendered":"Cultura en Red Pilar se reuni\u00f3 con el Ejecutivo"},"content":{"rendered":"<p>El colectivo Cultura en Red Pilar, se reuni\u00f3 con autoridades municipales con el objetivo de buscar en conjunto soluciones para el sector art\u00edstico del municipio que se encuentra vulnerado y en emergencia como consecuencia de las actividades canceladas por el aislamiento social, preventivo y obligatorio.<\/p>\n<p>En di\u00e1logo con el programa radial \u201cEncuentro con las Noticias\u201d, Fabio Buchanan, referente de Cultura en Red Pilar, realiz\u00f3 un balance de la reuni\u00f3n,<em> \u201cEn muchos sentido y tal vez en general, la reuni\u00f3n fue un poco ambivalente, (\u2026) nosotros hab\u00edamos logrado, se nos hab\u00eda ofrecido esta reuni\u00f3n con la contraprestaci\u00f3n de no presentar la ordenanza de la Declaraci\u00f3n de Emergencia\u00a0 Cultural en la localidad; entonces nosotros entendimos esta reuni\u00f3n como una instancia superadora para lograr los puntos de la ordenanza pero v\u00eda institucional en dialogo directo. Dos cosas concretas nos dijeron en un principio, una de las cuales es que el presupuesto provincial de incentivo a la cultura y al turismo, que se va a bajar este mes, la primera tanda, para Pilar es un mill\u00f3n ochocientos y pico y es dividi\u00f3 en 55 espacios; esta primera bajada es s\u00f3lo para comprar elementos de higiene. Eso por un lado, y por otro lado, una inquietud importante que ten\u00edamos con trabajadores del arte y la cultura independientes, que no est\u00e9n asociados a espacios y nos dicen que no hay una forma aun de ayudar, que tienen que encontrar una forma burocr\u00e1tica para entregar a personas f\u00edsicas l\u00edneas de subsidio\u201d<\/em>.<\/p>\n<p>Finalmente, Buchanan, sostuvo <em>\u201cNosotros calculamos que estrat\u00e9gicamente nos dieron la posibilidad de una reuni\u00f3n y un cara a cara para que nosotros no institucionalicemos los reclamos y no se institucionalice tambi\u00e9n las l\u00edneas de beneficios directamente, por eso tambi\u00e9n otra cosa que pide la ordenanza es que se institucionalice la permanencia de una mesa sectorial, en representaci\u00f3n del arte y la cultura para tener un dialogo permanente y poder incidir en la distribuci\u00f3n de presupuestos y se hagan valer todos los reclamos que se piden, b\u00e1sicamente\u201d<\/em>.<\/p>\n<p>La reuni\u00f3n cont\u00f3 con la presencia del Director de Cultura y el Subsecretario de Cultura, pero no qued\u00f3 una nueva fecha de reuni\u00f3n.<\/p>\n<p>La asamblea si confirm\u00f3 un nuevo encuentro el pr\u00f3ximo jueves de manera virtual para volver con diferentes planteos.<\/p>\n<p>Compartimos la entrevista completa<\/p>\n<p><a href=\"https:\/\/archive.org\/details\/audio-fabio-buchanan-10-11-2020\">Descargar<\/a><\/p>\n<audio class=\"wp-audio-shortcode\" id=\"audio-2591-2\" preload=\"none\" style=\"width: 100%;\" controls=\"controls\"><source type=\"audio\/mpeg\" src=\"https:\/\/archive.org\/download\/audio-fabio-buchanan-10-11-2020\/AUDIO%20-%20FABIO%20BUCHANAN%2010%2011%202020.mp3?_=2\" \/><a href=\"https:\/\/archive.org\/download\/audio-fabio-buchanan-10-11-2020\/AUDIO%20-%20FABIO%20BUCHANAN%2010%2011%202020.mp3\">https:\/\/archive.org\/download\/audio-fabio-buchanan-10-11-2020\/AUDIO%20-%20FABIO%20BUCHANAN%2010%2011%202020.mp3<\/a><\/audio>\n<div class=\"powerpress_player\" id=\"powerpress_player_9274\"><audio class=\"wp-audio-shortcode\" id=\"audio-2591-1\" preload=\"none\" style=\"width: 100%;\" controls=\"controls\"><source type=\"audio\/mpeg\" src=\"https:\/\/archive.org\/download\/audio-fabio-buchanan-10-11-2020\/AUDIO%20-%20FABIO%20BUCHANAN%2010%2011%202020.mp3?_=1\" \/><a href=\"https:\/\/archive.org\/download\/audio-fabio-buchanan-10-11-2020\/AUDIO%20-%20FABIO%20BUCHANAN%2010%2011%202020.mp3\">https:\/\/archive.org\/download\/audio-fabio-buchanan-10-11-2020\/AUDIO%20-%20FABIO%20BUCHANAN%2010%2011%202020.mp3<\/a><\/audio><\/div><p class=\"powerpress_links powerpress_links_mp3\" style=\"margin-bottom: 1px !important;\">Podcast: <a href=\"https:\/\/archive.org\/download\/audio-fabio-buchanan-10-11-2020\/AUDIO%20-%20FABIO%20BUCHANAN%2010%2011%202020.mp3\" class=\"powerpress_link_pinw\" target=\"_blank\" title=\"Reproducir en una nueva ventana\" onclick=\"return powerpress_pinw('https:\/\/fmtinkunaco.ar\/?powerpress_pinw=2591-podcast');\" rel=\"nofollow\">Reproducir en una nueva ventana<\/a> | <a href=\"https:\/\/archive.org\/download\/audio-fabio-buchanan-10-11-2020\/AUDIO%20-%20FABIO%20BUCHANAN%2010%2011%202020.mp3\" class=\"powerpress_link_d\" title=\"Descargar\" rel=\"nofollow\" download=\"AUDIO%20-%20FABIO%20BUCHANAN%2010%2011%202020.mp3\">Descargar<\/a><\/p>","protected":false},"excerpt":{"rendered":"<p>El colectivo Cultura en Red Pilar, se reuni\u00f3 con autoridades municipales con el objetivo de buscar en conjunto soluciones para el sector art\u00edstico del municipio que se encuentra vulnerado y en emergencia como consecuencia de las actividades canceladas por el aislamiento social, preventivo y obligatorio. En di\u00e1logo con el programa radial \u201cEncuentro con las Noticias\u201d, [&hellip;]<\/p>\n","protected":false},"author":1,"featured_media":2592,"comment_status":"open","ping_status":"open","sticky":false,"template":"","format":"standard","meta":{"footnotes":""},"categories":[3],"tags":[143,144,184,340],"class_list":["post-2591","post","type-post","status-publish","format-standard","has-post-thumbnail","hentry","category-cultura","tag-cultura","tag-cultura-en-red-pilar","tag-emergencia-cultural","tag-municipio-de-pilar"],"_links":{"self":[{"href":"https:\/\/fmtinkunaco.ar\/index.php?rest_route=\/wp\/v2\/posts\/2591","targetHints":{"allow":["GET"]}}],"collection":[{"href":"https:\/\/fmtinkunaco.ar\/index.php?rest_route=\/wp\/v2\/posts"}],"about":[{"href":"https:\/\/fmtinkunaco.ar\/index.php?rest_route=\/wp\/v2\/types\/post"}],"author":[{"embeddable":true,"href":"https:\/\/fmtinkunaco.ar\/index.php?rest_route=\/wp\/v2\/users\/1"}],"replies":[{"embeddable":true,"href":"https:\/\/fmtinkunaco.ar\/index.php?rest_route=%2Fwp%2Fv2%2Fcomments&post=2591"}],"version-history":[{"count":0,"href":"https:\/\/fmtinkunaco.ar\/index.php?rest_route=\/wp\/v2\/posts\/2591\/revisions"}],"wp:featuredmedia":[{"embeddable":true,"href":"https:\/\/fmtinkunaco.ar\/index.php?rest_route=\/"}],"wp:attachment":[{"href":"https:\/\/fmtinkunaco.ar\/index.php?rest_route=%2Fwp%2Fv2%2Fmedia&parent=2591"}],"wp:term":[{"taxonomy":"category","embeddable":true,"href":"https:\/\/fmtinkunaco.ar\/index.php?rest_route=%2Fwp%2Fv2%2Fcategories&post=2591"},{"taxonomy":"post_tag","embeddable":true,"href":"https:\/\/fmtinkunaco.ar\/index.php?rest_route=%2Fwp%2Fv2%2Ftags&post=2591"}],"curies":[{"name":"wp","href":"https:\/\/api.w.org\/{rel}","templated":true}]}}