{"id":2607,"date":"2020-11-12T09:51:53","date_gmt":"2020-11-12T12:51:53","guid":{"rendered":"http:\/\/fmtinkunaco.com.ar\/?p=2607"},"modified":"2020-11-12T09:51:53","modified_gmt":"2020-11-12T12:51:53","slug":"caravana-por-la-salud-publica","status":"publish","type":"post","link":"https:\/\/fmtinkunaco.ar\/?p=2607","title":{"rendered":"Caravana por la salud p\u00fablica"},"content":{"rendered":"<p>Hoy, jueves 12 de noviembre, trabajadores y trabajadoras de la salud se manifiestan en una \u201cCaravana por la salud p\u00fablica\u201d, que se concentrar\u00e1 a las 11hs en Plaza Congreso (CABA).<\/p>\n<p>En di\u00e1logo con el programa radial \u201cEncuentro con las Noticias\u201d, Marta M\u00e1rquez, Presidenta de la Asociaci\u00f3n Sindical de Profesionales de la Salud de la Provincia de Buenos Aires (CICOP), se refiri\u00f3 en principio a las discusiones paritarias, <em>\u201cEn la provincia, nosotros tuvimos una sola convocatoria paritaria que fue el 19 de octubre, nos hicieron una propuesta que consideramos insuficiente y quedamos all\u00ed en esa reuni\u00f3n, al menos ese fue el compromiso de las autoridades en que r\u00e1pidamente nos iban a convocar tratando de mejorar un poco la oferta salarial y tambi\u00e9n de solucionar algunas cuestiones extrasalariales que nosotros consideramos imprescindibles de abordar en este momento, esto es las licencias de trabajo, la otra cuesti\u00f3n que tuvimos que reclamar es que los compa\u00f1eros y compa\u00f1eras que tuvieron que prolongar su residencia por la pandemia y que a partir del 1 de octubre, en una decisi\u00f3n que nosotros hemos saludado y que ha sido producto de la lucha de muchos a\u00f1os que fue incorporar a los y las residentes egresados al sistema de salud, aun no han cobrado su salario\u201d<\/em>.<\/p>\n<p>La caravana, exige:<\/p>\n<p>&#8211; Aumento salarial actualizado por inflaci\u00f3n.<br \/>\n&#8211; Inmediato pago de salario a nuevxs interinxs.<br \/>\n&#8211; Regularizaci\u00f3n de la carrera.<br \/>\n&#8211; Licencias para grupos de riesgo y unicxs cuidadorxs.<br \/>\n&#8211; Licencias regulares para todxs.<br \/>\n&#8211; Aumento presupuestario.<\/p>\n<p>M\u00e1rquez, adem\u00e1s, se refiri\u00f3 a la iniciativa de la caravana, <em>\u201cEsta vez vamos a hacer una caravana en Ciudad de Buenos Aires, con alguna parada en la Casa de la provincia de Buenos Aires pero tambi\u00e9n acompa\u00f1ados y acompa\u00f1adas de organizaciones de trabajadores y trabajadoras de la salud de Ciudad de Buenos Aires, del Hospital Garraham, o sea de alguna manera en las diferentes jurisdicciones hay un destrato hacia las y los trabajadores de la salud en lo concreto digamos, m\u00e1s all\u00e1 de reconocimientos, aplausos.\u201d<\/em><\/p>\n<p>La convocatoria es hoy, a partir de las 11 de la ma\u00f1ana, en la Plaza Congreso.<\/p>\n<p>Compartimos entrevista completa<\/p>\n<p><a href=\"https:\/\/archive.org\/details\/audio-marta-marquez-cicop-11-11-2020\">Descargar<\/a><\/p>\n<audio class=\"wp-audio-shortcode\" id=\"audio-2607-2\" preload=\"none\" style=\"width: 100%;\" controls=\"controls\"><source type=\"audio\/mpeg\" src=\"https:\/\/archive.org\/download\/audio-marta-marquez-cicop-11-11-2020\/AUDIO%20-%20MARTA%20MARQUEZ%20%28CICOP%29%2011%2011%202020.mp3?_=2\" \/><a href=\"https:\/\/archive.org\/download\/audio-marta-marquez-cicop-11-11-2020\/AUDIO%20-%20MARTA%20MARQUEZ%20%28CICOP%29%2011%2011%202020.mp3\">https:\/\/archive.org\/download\/audio-marta-marquez-cicop-11-11-2020\/AUDIO%20-%20MARTA%20MARQUEZ%20%28CICOP%29%2011%2011%202020.mp3<\/a><\/audio>\n<div class=\"powerpress_player\" id=\"powerpress_player_7555\"><audio class=\"wp-audio-shortcode\" id=\"audio-2607-1\" preload=\"none\" style=\"width: 100%;\" controls=\"controls\"><source type=\"audio\/mpeg\" src=\"https:\/\/archive.org\/download\/audio-marta-marquez-cicop-11-11-2020\/AUDIO%20-%20MARTA%20MARQUEZ%20%28CICOP%29%2011%2011%202020.mp3?_=1\" \/><a href=\"https:\/\/archive.org\/download\/audio-marta-marquez-cicop-11-11-2020\/AUDIO%20-%20MARTA%20MARQUEZ%20%28CICOP%29%2011%2011%202020.mp3\">https:\/\/archive.org\/download\/audio-marta-marquez-cicop-11-11-2020\/AUDIO%20-%20MARTA%20MARQUEZ%20%28CICOP%29%2011%2011%202020.mp3<\/a><\/audio><\/div><p class=\"powerpress_links powerpress_links_mp3\" style=\"margin-bottom: 1px !important;\">Podcast: <a href=\"https:\/\/archive.org\/download\/audio-marta-marquez-cicop-11-11-2020\/AUDIO%20-%20MARTA%20MARQUEZ%20%28CICOP%29%2011%2011%202020.mp3\" class=\"powerpress_link_pinw\" target=\"_blank\" title=\"Reproducir en una nueva ventana\" onclick=\"return powerpress_pinw('https:\/\/fmtinkunaco.ar\/?powerpress_pinw=2607-podcast');\" rel=\"nofollow\">Reproducir en una nueva ventana<\/a> | <a href=\"https:\/\/archive.org\/download\/audio-marta-marquez-cicop-11-11-2020\/AUDIO%20-%20MARTA%20MARQUEZ%20%28CICOP%29%2011%2011%202020.mp3\" class=\"powerpress_link_d\" title=\"Descargar\" rel=\"nofollow\" download=\"AUDIO%20-%20MARTA%20MARQUEZ%20%28CICOP%29%2011%2011%202020.mp3\">Descargar<\/a><\/p>","protected":false},"excerpt":{"rendered":"<p>Hoy, jueves 12 de noviembre, trabajadores y trabajadoras de la salud se manifiestan en una \u201cCaravana por la salud p\u00fablica\u201d, que se concentrar\u00e1 a las 11hs en Plaza Congreso (CABA). En di\u00e1logo con el programa radial \u201cEncuentro con las Noticias\u201d, Marta M\u00e1rquez, Presidenta de la Asociaci\u00f3n Sindical de Profesionales de la Salud de la Provincia [&hellip;]<\/p>\n","protected":false},"author":1,"featured_media":2608,"comment_status":"open","ping_status":"open","sticky":false,"template":"","format":"standard","meta":{"footnotes":""},"categories":[7],"tags":[135,137,383,442,484],"class_list":["post-2607","post","type-post","status-publish","format-standard","has-post-thumbnail","hentry","category-salud","tag-coronavirus","tag-covid","tag-paritarias-en-la-salud","tag-salud","tag-trabajadorxs-de-la-salud"],"_links":{"self":[{"href":"https:\/\/fmtinkunaco.ar\/index.php?rest_route=\/wp\/v2\/posts\/2607","targetHints":{"allow":["GET"]}}],"collection":[{"href":"https:\/\/fmtinkunaco.ar\/index.php?rest_route=\/wp\/v2\/posts"}],"about":[{"href":"https:\/\/fmtinkunaco.ar\/index.php?rest_route=\/wp\/v2\/types\/post"}],"author":[{"embeddable":true,"href":"https:\/\/fmtinkunaco.ar\/index.php?rest_route=\/wp\/v2\/users\/1"}],"replies":[{"embeddable":true,"href":"https:\/\/fmtinkunaco.ar\/index.php?rest_route=%2Fwp%2Fv2%2Fcomments&post=2607"}],"version-history":[{"count":0,"href":"https:\/\/fmtinkunaco.ar\/index.php?rest_route=\/wp\/v2\/posts\/2607\/revisions"}],"wp:featuredmedia":[{"embeddable":true,"href":"https:\/\/fmtinkunaco.ar\/index.php?rest_route=\/"}],"wp:attachment":[{"href":"https:\/\/fmtinkunaco.ar\/index.php?rest_route=%2Fwp%2Fv2%2Fmedia&parent=2607"}],"wp:term":[{"taxonomy":"category","embeddable":true,"href":"https:\/\/fmtinkunaco.ar\/index.php?rest_route=%2Fwp%2Fv2%2Fcategories&post=2607"},{"taxonomy":"post_tag","embeddable":true,"href":"https:\/\/fmtinkunaco.ar\/index.php?rest_route=%2Fwp%2Fv2%2Ftags&post=2607"}],"curies":[{"name":"wp","href":"https:\/\/api.w.org\/{rel}","templated":true}]}}