{"id":2610,"date":"2020-11-12T11:18:19","date_gmt":"2020-11-12T14:18:19","guid":{"rendered":"http:\/\/fmtinkunaco.com.ar\/?p=2610"},"modified":"2020-11-12T11:18:19","modified_gmt":"2020-11-12T14:18:19","slug":"arranco-el-fan-festival-artistico-noroeste-de-modo-virtual","status":"publish","type":"post","link":"https:\/\/fmtinkunaco.ar\/?p=2610","title":{"rendered":"Arranc\u00f3 el FAN &#8211; Festival Art\u00edstico Noroeste de modo virtual"},"content":{"rendered":"<p>El Festival Art\u00edstico Noroeste, comenz\u00f3 este mes con transmisiones mediante las redes sociales de la Casa de Cultura y Arte de Malvinas Argentinas.<\/p>\n<p>La propuesta remite a la proyecci\u00f3n, todos los jueves del mes de noviembre a las 18 hs, de materiales audiovisuales que ya han estado presentes en otros festivales y han sido seleccionados para volver\u00a0 a proyectarse.<\/p>\n<p>En di\u00e1logo con el programa radial \u201cEncuentro con las Noticias\u201d, Mar\u00eda Sol Guarino, Coordinadora del Festival Art\u00edstico Noroeste, se refiri\u00f3 a la propuesta, <em>\u201cEste 2020 nos sorprendi\u00f3, como a todo el mundo, nos pas\u00f3 por encima los planes que ten\u00edamos. El Festival Art\u00edstico Noroeste se viene haciendo desde el 2016 y siempre termina un festival en septiembre y empezamos a organizar el siguiente y bueno, ten\u00edamos planes de hacerlo como siempre de manera presencial, con un mont\u00f3n de propuestas art\u00edsticas de la regi\u00f3n, la feria de artesan\u00edas de dise\u00f1o. Y como es de p\u00fablico conocimiento, en marzo, nos sorprendi\u00f3 esta pandemia, el aislamiento; as\u00ed que a lo largo de estos meses estuvimos viendo estrategias para ver c\u00f3mo nos reinvent\u00e1bamos, as\u00ed es que surgi\u00f3 esta colaboraci\u00f3n con la Casa de Cultura y Arte de Malvinas Argentinas\u201d<\/em>.<\/p>\n<p>Guarino, adem\u00e1s, se refiri\u00f3 a las proyecciones, <em>\u201cA lo largo de este mes, de noviembre, todos los jueves a partir de las 18 hs estamos compartiendo una producci\u00f3n audiovisual realizada por productores de la regi\u00f3n. El jueves pasado ya se public\u00f3 en el instagram tv de Casa de Cultura y Arte el cortometraje Vivir y Morir en 1989 que es de Bomba y Film, una productora de Malvinas Argentinas, y hoy se va a publicar el cortometraje Crecer de Andr\u00e9s Chamorro y Anal\u00eda Delgado, productores audiovisuales de Jos\u00e9. C. Paz\u201d<\/em>.<\/p>\n<p>La invitci\u00f3n es hoy, y los pr\u00f3ximos jueves a las 18 hs por las redes sociales de la Casa de Cultura y Arte de Malvinas Argentinas.<\/p>\n<p>Compartimos la entrevista completa<\/p>\n<p><a href=\"https:\/\/archive.org\/details\/audio-maria-sol-guarino-fan-12-11-2020\">Descargar<\/a><\/p>\n<audio class=\"wp-audio-shortcode\" id=\"audio-2610-2\" preload=\"none\" style=\"width: 100%;\" controls=\"controls\"><source type=\"audio\/mpeg\" src=\"https:\/\/archive.org\/download\/audio-maria-sol-guarino-fan-12-11-2020\/AUDIO%20-%20MARIA%20SOL%20GUARINO%20%28FAN%29%2012%2011%202020.mp3?_=2\" \/><a href=\"https:\/\/archive.org\/download\/audio-maria-sol-guarino-fan-12-11-2020\/AUDIO%20-%20MARIA%20SOL%20GUARINO%20%28FAN%29%2012%2011%202020.mp3\">https:\/\/archive.org\/download\/audio-maria-sol-guarino-fan-12-11-2020\/AUDIO%20-%20MARIA%20SOL%20GUARINO%20%28FAN%29%2012%2011%202020.mp3<\/a><\/audio>\n<p>&nbsp;<\/p>\n<div class=\"powerpress_player\" id=\"powerpress_player_782\"><audio class=\"wp-audio-shortcode\" id=\"audio-2610-1\" preload=\"none\" style=\"width: 100%;\" controls=\"controls\"><source type=\"audio\/mpeg\" src=\"https:\/\/archive.org\/download\/audio-maria-sol-guarino-fan-12-11-2020\/AUDIO%20-%20MARIA%20SOL%20GUARINO%20%28FAN%29%2012%2011%202020.mp3?_=1\" \/><a href=\"https:\/\/archive.org\/download\/audio-maria-sol-guarino-fan-12-11-2020\/AUDIO%20-%20MARIA%20SOL%20GUARINO%20%28FAN%29%2012%2011%202020.mp3\">https:\/\/archive.org\/download\/audio-maria-sol-guarino-fan-12-11-2020\/AUDIO%20-%20MARIA%20SOL%20GUARINO%20%28FAN%29%2012%2011%202020.mp3<\/a><\/audio><\/div><p class=\"powerpress_links powerpress_links_mp3\" style=\"margin-bottom: 1px !important;\">Podcast: <a href=\"https:\/\/archive.org\/download\/audio-maria-sol-guarino-fan-12-11-2020\/AUDIO%20-%20MARIA%20SOL%20GUARINO%20%28FAN%29%2012%2011%202020.mp3\" class=\"powerpress_link_pinw\" target=\"_blank\" title=\"Reproducir en una nueva ventana\" onclick=\"return powerpress_pinw('https:\/\/fmtinkunaco.ar\/?powerpress_pinw=2610-podcast');\" rel=\"nofollow\">Reproducir en una nueva ventana<\/a> | <a href=\"https:\/\/archive.org\/download\/audio-maria-sol-guarino-fan-12-11-2020\/AUDIO%20-%20MARIA%20SOL%20GUARINO%20%28FAN%29%2012%2011%202020.mp3\" class=\"powerpress_link_d\" title=\"Descargar\" rel=\"nofollow\" download=\"AUDIO%20-%20MARIA%20SOL%20GUARINO%20%28FAN%29%2012%2011%202020.mp3\">Descargar<\/a><\/p>","protected":false},"excerpt":{"rendered":"<p>El Festival Art\u00edstico Noroeste, comenz\u00f3 este mes con transmisiones mediante las redes sociales de la Casa de Cultura y Arte de Malvinas Argentinas. La propuesta remite a la proyecci\u00f3n, todos los jueves del mes de noviembre a las 18 hs, de materiales audiovisuales que ya han estado presentes en otros festivales y han sido seleccionados [&hellip;]<\/p>\n","protected":false},"author":1,"featured_media":2611,"comment_status":"open","ping_status":"open","sticky":false,"template":"","format":"standard","meta":{"footnotes":""},"categories":[3],"tags":[204,215],"class_list":["post-2610","post","type-post","status-publish","format-standard","has-post-thumbnail","hentry","category-cultura","tag-fan","tag-festival-artistico-noroeste"],"_links":{"self":[{"href":"https:\/\/fmtinkunaco.ar\/index.php?rest_route=\/wp\/v2\/posts\/2610","targetHints":{"allow":["GET"]}}],"collection":[{"href":"https:\/\/fmtinkunaco.ar\/index.php?rest_route=\/wp\/v2\/posts"}],"about":[{"href":"https:\/\/fmtinkunaco.ar\/index.php?rest_route=\/wp\/v2\/types\/post"}],"author":[{"embeddable":true,"href":"https:\/\/fmtinkunaco.ar\/index.php?rest_route=\/wp\/v2\/users\/1"}],"replies":[{"embeddable":true,"href":"https:\/\/fmtinkunaco.ar\/index.php?rest_route=%2Fwp%2Fv2%2Fcomments&post=2610"}],"version-history":[{"count":0,"href":"https:\/\/fmtinkunaco.ar\/index.php?rest_route=\/wp\/v2\/posts\/2610\/revisions"}],"wp:featuredmedia":[{"embeddable":true,"href":"https:\/\/fmtinkunaco.ar\/index.php?rest_route=\/"}],"wp:attachment":[{"href":"https:\/\/fmtinkunaco.ar\/index.php?rest_route=%2Fwp%2Fv2%2Fmedia&parent=2610"}],"wp:term":[{"taxonomy":"category","embeddable":true,"href":"https:\/\/fmtinkunaco.ar\/index.php?rest_route=%2Fwp%2Fv2%2Fcategories&post=2610"},{"taxonomy":"post_tag","embeddable":true,"href":"https:\/\/fmtinkunaco.ar\/index.php?rest_route=%2Fwp%2Fv2%2Ftags&post=2610"}],"curies":[{"name":"wp","href":"https:\/\/api.w.org\/{rel}","templated":true}]}}