{"id":2613,"date":"2020-11-13T09:50:38","date_gmt":"2020-11-13T12:50:38","guid":{"rendered":"http:\/\/fmtinkunaco.com.ar\/?p=2613"},"modified":"2020-11-13T09:50:38","modified_gmt":"2020-11-13T12:50:38","slug":"moreno-trabajadores-y-trabajadoras-municipales-cerraron-la-paritaria-en-un-27","status":"publish","type":"post","link":"https:\/\/fmtinkunaco.ar\/?p=2613","title":{"rendered":"Moreno: Trabajadores y trabajadoras municipales cerraron la paritaria en un 27%"},"content":{"rendered":"<p>Luego de reiteradas reuniones paritarias, trabajadores y trabajadoras municipales cerraron y aceptaron la propuesta de un 27% en tres tramos.<\/p>\n<p>En di\u00e1logo con el programa radial \u201cEncuentro con las Noticias\u201d, Ra\u00fal Soria, Delegado General de Municipales, describi\u00f3 el acuerdo paritario, <em>\u201cEntendemos que hemos cerrado una paritaria aceptable, no llegamos al piso que pretend\u00edamos pero en definitiva cerramos la paritaria de un 27%, en tres tramos obviamente,\u00a0 con lo cual en el acumulativo terminar\u00eda siendo un 29,3. Seria en octubre un aumento del 10%, en diciembre un aumento del 5% y en febrero un aumento del 12%; en diciembre tendr\u00edamos una clausula de revisi\u00f3n, con lo cual midiendo la inflaci\u00f3n, midiendo todos los datos que tengamos a mano podr\u00edamos incrementar el tercer tramo\u201d<\/em>.<\/p>\n<p>Soria, explic\u00f3 adem\u00e1s que en el acta paritaria se sumaron los temas de la Junta de calificaci\u00f3n y ascensos, <em>\u201cAlgo que es interesante que sucedi\u00f3 en esta paritaria y es que se agreg\u00f3 a esa acta paritaria los temas que se iban a tratar en la Junta de Calificaci\u00f3n y Ascensos que es la instancia en la que estamos ahora. Tambi\u00e9n una instancia interesante porque hace a la carrera municipal digamos y en este acta se dejo reflejada que en Junta de Calificaci\u00f3n y Ascensos se iba a tratar todo lo que es prejubilable, los pases a planta, bonificaciones de 40 horas y recategorizaciones\u201d<\/em>.<\/p>\n<p>Finalmente, \u00a0Soria explico que el aumento tendr\u00e1 su impacto en el aguinaldo, <em>\u201cLos primeros dos tramos van a impactar en el aguinaldo, algo que hac\u00eda tres a\u00f1os que no suced\u00eda, cada vez que hab\u00eda aumento no impactaba en el aguinaldo\u201d<\/em>.<\/p>\n<p>Compartimos la entrevista completa<\/p>\n<p><a href=\"https:\/\/archive.org\/details\/raul-soria-ate-moreno-12-11-2020\">Descargar<\/a><\/p>\n<audio class=\"wp-audio-shortcode\" id=\"audio-2613-2\" preload=\"none\" style=\"width: 100%;\" controls=\"controls\"><source type=\"audio\/mpeg\" src=\"https:\/\/archive.org\/download\/raul-soria-ate-moreno-12-11-2020\/RAUL%20SORIA%20%28ATE%20MORENO%29%2012%2011%202020.mp3?_=2\" \/><a href=\"https:\/\/archive.org\/download\/raul-soria-ate-moreno-12-11-2020\/RAUL%20SORIA%20%28ATE%20MORENO%29%2012%2011%202020.mp3\">https:\/\/archive.org\/download\/raul-soria-ate-moreno-12-11-2020\/RAUL%20SORIA%20%28ATE%20MORENO%29%2012%2011%202020.mp3<\/a><\/audio>\n<div class=\"powerpress_player\" id=\"powerpress_player_9734\"><audio class=\"wp-audio-shortcode\" id=\"audio-2613-1\" preload=\"none\" style=\"width: 100%;\" controls=\"controls\"><source type=\"audio\/mpeg\" src=\"https:\/\/archive.org\/download\/raul-soria-ate-moreno-12-11-2020\/RAUL%20SORIA%20%28ATE%20MORENO%29%2012%2011%202020.mp3?_=1\" \/><a href=\"https:\/\/archive.org\/download\/raul-soria-ate-moreno-12-11-2020\/RAUL%20SORIA%20%28ATE%20MORENO%29%2012%2011%202020.mp3\">https:\/\/archive.org\/download\/raul-soria-ate-moreno-12-11-2020\/RAUL%20SORIA%20%28ATE%20MORENO%29%2012%2011%202020.mp3<\/a><\/audio><\/div><p class=\"powerpress_links powerpress_links_mp3\" style=\"margin-bottom: 1px !important;\">Podcast: <a href=\"https:\/\/archive.org\/download\/raul-soria-ate-moreno-12-11-2020\/RAUL%20SORIA%20%28ATE%20MORENO%29%2012%2011%202020.mp3\" class=\"powerpress_link_pinw\" target=\"_blank\" title=\"Reproducir en una nueva ventana\" onclick=\"return powerpress_pinw('https:\/\/fmtinkunaco.ar\/?powerpress_pinw=2613-podcast');\" rel=\"nofollow\">Reproducir en una nueva ventana<\/a> | <a href=\"https:\/\/archive.org\/download\/raul-soria-ate-moreno-12-11-2020\/RAUL%20SORIA%20%28ATE%20MORENO%29%2012%2011%202020.mp3\" class=\"powerpress_link_d\" title=\"Descargar\" rel=\"nofollow\" download=\"RAUL%20SORIA%20%28ATE%20MORENO%29%2012%2011%202020.mp3\">Descargar<\/a><\/p>","protected":false},"excerpt":{"rendered":"<p>Luego de reiteradas reuniones paritarias, trabajadores y trabajadoras municipales cerraron y aceptaron la propuesta de un 27% en tres tramos. En di\u00e1logo con el programa radial \u201cEncuentro con las Noticias\u201d, Ra\u00fal Soria, Delegado General de Municipales, describi\u00f3 el acuerdo paritario, \u201cEntendemos que hemos cerrado una paritaria aceptable, no llegamos al piso que pretend\u00edamos pero en [&hellip;]<\/p>\n","protected":false},"author":1,"featured_media":2614,"comment_status":"open","ping_status":"open","sticky":false,"template":"","format":"standard","meta":{"footnotes":""},"categories":[4,9],"tags":[58,339],"class_list":["post-2613","post","type-post","status-publish","format-standard","has-post-thumbnail","hentry","category-derechos-humanos","category-sociedad","tag-ate-moreno","tag-municipio-de-moreno"],"_links":{"self":[{"href":"https:\/\/fmtinkunaco.ar\/index.php?rest_route=\/wp\/v2\/posts\/2613","targetHints":{"allow":["GET"]}}],"collection":[{"href":"https:\/\/fmtinkunaco.ar\/index.php?rest_route=\/wp\/v2\/posts"}],"about":[{"href":"https:\/\/fmtinkunaco.ar\/index.php?rest_route=\/wp\/v2\/types\/post"}],"author":[{"embeddable":true,"href":"https:\/\/fmtinkunaco.ar\/index.php?rest_route=\/wp\/v2\/users\/1"}],"replies":[{"embeddable":true,"href":"https:\/\/fmtinkunaco.ar\/index.php?rest_route=%2Fwp%2Fv2%2Fcomments&post=2613"}],"version-history":[{"count":0,"href":"https:\/\/fmtinkunaco.ar\/index.php?rest_route=\/wp\/v2\/posts\/2613\/revisions"}],"wp:featuredmedia":[{"embeddable":true,"href":"https:\/\/fmtinkunaco.ar\/index.php?rest_route=\/"}],"wp:attachment":[{"href":"https:\/\/fmtinkunaco.ar\/index.php?rest_route=%2Fwp%2Fv2%2Fmedia&parent=2613"}],"wp:term":[{"taxonomy":"category","embeddable":true,"href":"https:\/\/fmtinkunaco.ar\/index.php?rest_route=%2Fwp%2Fv2%2Fcategories&post=2613"},{"taxonomy":"post_tag","embeddable":true,"href":"https:\/\/fmtinkunaco.ar\/index.php?rest_route=%2Fwp%2Fv2%2Ftags&post=2613"}],"curies":[{"name":"wp","href":"https:\/\/api.w.org\/{rel}","templated":true}]}}