{"id":2617,"date":"2020-11-13T11:06:16","date_gmt":"2020-11-13T14:06:16","guid":{"rendered":"http:\/\/fmtinkunaco.com.ar\/?p=2617"},"modified":"2020-11-13T11:06:16","modified_gmt":"2020-11-13T14:06:16","slug":"murio-por-covid-19-el-medico-neonatologo-elio-rojas-del-hospital-mercante","status":"publish","type":"post","link":"https:\/\/fmtinkunaco.ar\/?p=2617","title":{"rendered":"Muri\u00f3 por Covid-19 el m\u00e9dico neonat\u00f3logo Elio Rojas del Hospital Mercante"},"content":{"rendered":"<p>Frente al fallecimiento del neonat\u00f3logo Elio Rojas, trabajadores y trabajadoras del Hospital Mercante denuncian que era una muerte evitable y denuncian amenazas por parte de las autoridades del Hospital.<\/p>\n<p>En di\u00e1logo con el programa radial \u201cEncuentro con las Noticias\u201d, Silvia Mitschenco, Delegada del Hospital Mercante, se refiri\u00f3 a la p\u00e9rdida y a la situaci\u00f3n en la que se encuentran,<em> \u201cA la p\u00e9rdida del compa\u00f1ero Elio Rojas, M\u00e9dico Neonatologo, se suma hoy una contraofensiva por parte de la Direcci\u00f3n a quien no le gust\u00f3 nuestro volante que sacamos como comunicado a la poblaci\u00f3n y como comunicado a la poblaci\u00f3n hospitalaria. Nosotros ponemos de manifiesto, en este volante, antes que nada la solidaridad hacia la familia porque nosotros caracterizamos y creemos que las muertes, de la mayor\u00eda de los trabajadores sanitarios durante esta pandemia eran muertes evitables\u201d<\/em>.<\/p>\n<p>Mitschenco, remarc\u00f3, <em>\u201cEste compa\u00f1ero, en base solamente a la edad no tendr\u00eda por qu\u00e9 haber estado trabajando, y se le suman los factores de comorbilidad, entonces ac\u00e1 si hay una responsabilidad \u00a0no solamente pol\u00edtica sino tambi\u00e9n de las autoridades y del Comit\u00e9 de Crisis\u201d<\/em>.<\/p>\n<p>Silvia Mitschenco, adem\u00e1s, denunci\u00f3 que frente al volante que desde el gremio ATE difundieron, las autoridades se encuentran amenaz\u00e1ndolos, <em>\u201cHoy enfrentamos una amenaza porque nos amenazaron en esa reuni\u00f3n, nos trataron extremadamente mal violentamente porque lo que se expreso en esa reuni\u00f3n fue una violencia laboral porque ellos son jefes y estaban los directores y nosotras somos trabajadoras, antes que delegadas; dese decirnos que no trabajamos, hasta decirnos que nos retir\u00e1ramos, no lo dijo en esos t\u00e9rminos, lo dijo mucho m\u00e1s groseramente, mucho m\u00e1s violentamente. (\u2026) Se suma a la p\u00e9rdida de este compa\u00f1ero que encima tengamos la amenaza por delante de que nos van a hacer una denuncia penal, de que nos van a hacer una denuncia administrativa por el volante que sacamos\u201d<\/em>.<\/p>\n<p>Compartimos la entrevista completa<\/p>\n<p><a href=\"https:\/\/archive.org\/details\/audio-silvia-mitschenco-13-11\">Descargar<\/a><\/p>\n<audio class=\"wp-audio-shortcode\" id=\"audio-2617-2\" preload=\"none\" style=\"width: 100%;\" controls=\"controls\"><source type=\"audio\/mpeg\" src=\"https:\/\/archive.org\/download\/audio-silvia-mitschenco-13-11\/AUDIO%20-%20SILVIA%20MITSCHENCO%2013%2011.mp3?_=2\" \/><a href=\"https:\/\/archive.org\/download\/audio-silvia-mitschenco-13-11\/AUDIO%20-%20SILVIA%20MITSCHENCO%2013%2011.mp3\">https:\/\/archive.org\/download\/audio-silvia-mitschenco-13-11\/AUDIO%20-%20SILVIA%20MITSCHENCO%2013%2011.mp3<\/a><\/audio>\n<p>&nbsp;<\/p>\n<p>Fotograf\u00eda: El Diaria de Jos\u00e9. C. Paz.<\/p>\n<p>&nbsp;<\/p>\n<div class=\"powerpress_player\" id=\"powerpress_player_9446\"><audio class=\"wp-audio-shortcode\" id=\"audio-2617-1\" preload=\"none\" style=\"width: 100%;\" controls=\"controls\"><source type=\"audio\/mpeg\" src=\"https:\/\/archive.org\/download\/audio-silvia-mitschenco-13-11\/AUDIO%20-%20SILVIA%20MITSCHENCO%2013%2011.mp3?_=1\" \/><a href=\"https:\/\/archive.org\/download\/audio-silvia-mitschenco-13-11\/AUDIO%20-%20SILVIA%20MITSCHENCO%2013%2011.mp3\">https:\/\/archive.org\/download\/audio-silvia-mitschenco-13-11\/AUDIO%20-%20SILVIA%20MITSCHENCO%2013%2011.mp3<\/a><\/audio><\/div><p class=\"powerpress_links powerpress_links_mp3\" style=\"margin-bottom: 1px !important;\">Podcast: <a href=\"https:\/\/archive.org\/download\/audio-silvia-mitschenco-13-11\/AUDIO%20-%20SILVIA%20MITSCHENCO%2013%2011.mp3\" class=\"powerpress_link_pinw\" target=\"_blank\" title=\"Reproducir en una nueva ventana\" onclick=\"return powerpress_pinw('https:\/\/fmtinkunaco.ar\/?powerpress_pinw=2617-podcast');\" rel=\"nofollow\">Reproducir en una nueva ventana<\/a> | <a href=\"https:\/\/archive.org\/download\/audio-silvia-mitschenco-13-11\/AUDIO%20-%20SILVIA%20MITSCHENCO%2013%2011.mp3\" class=\"powerpress_link_d\" title=\"Descargar\" rel=\"nofollow\" download=\"AUDIO%20-%20SILVIA%20MITSCHENCO%2013%2011.mp3\">Descargar<\/a><\/p>","protected":false},"excerpt":{"rendered":"<p>Frente al fallecimiento del neonat\u00f3logo Elio Rojas, trabajadores y trabajadoras del Hospital Mercante denuncian que era una muerte evitable y denuncian amenazas por parte de las autoridades del Hospital. En di\u00e1logo con el programa radial \u201cEncuentro con las Noticias\u201d, Silvia Mitschenco, Delegada del Hospital Mercante, se refiri\u00f3 a la p\u00e9rdida y a la situaci\u00f3n en [&hellip;]<\/p>\n","protected":false},"author":1,"featured_media":2618,"comment_status":"open","ping_status":"open","sticky":false,"template":"","format":"standard","meta":{"footnotes":""},"categories":[7],"tags":[135,137,245],"class_list":["post-2617","post","type-post","status-publish","format-standard","has-post-thumbnail","hentry","category-salud","tag-coronavirus","tag-covid","tag-hospital-mercante"],"_links":{"self":[{"href":"https:\/\/fmtinkunaco.ar\/index.php?rest_route=\/wp\/v2\/posts\/2617","targetHints":{"allow":["GET"]}}],"collection":[{"href":"https:\/\/fmtinkunaco.ar\/index.php?rest_route=\/wp\/v2\/posts"}],"about":[{"href":"https:\/\/fmtinkunaco.ar\/index.php?rest_route=\/wp\/v2\/types\/post"}],"author":[{"embeddable":true,"href":"https:\/\/fmtinkunaco.ar\/index.php?rest_route=\/wp\/v2\/users\/1"}],"replies":[{"embeddable":true,"href":"https:\/\/fmtinkunaco.ar\/index.php?rest_route=%2Fwp%2Fv2%2Fcomments&post=2617"}],"version-history":[{"count":0,"href":"https:\/\/fmtinkunaco.ar\/index.php?rest_route=\/wp\/v2\/posts\/2617\/revisions"}],"wp:featuredmedia":[{"embeddable":true,"href":"https:\/\/fmtinkunaco.ar\/index.php?rest_route=\/"}],"wp:attachment":[{"href":"https:\/\/fmtinkunaco.ar\/index.php?rest_route=%2Fwp%2Fv2%2Fmedia&parent=2617"}],"wp:term":[{"taxonomy":"category","embeddable":true,"href":"https:\/\/fmtinkunaco.ar\/index.php?rest_route=%2Fwp%2Fv2%2Fcategories&post=2617"},{"taxonomy":"post_tag","embeddable":true,"href":"https:\/\/fmtinkunaco.ar\/index.php?rest_route=%2Fwp%2Fv2%2Ftags&post=2617"}],"curies":[{"name":"wp","href":"https:\/\/api.w.org\/{rel}","templated":true}]}}