{"id":2621,"date":"2020-11-16T10:58:49","date_gmt":"2020-11-16T13:58:49","guid":{"rendered":"http:\/\/fmtinkunaco.com.ar\/?p=2621"},"modified":"2020-11-16T10:58:49","modified_gmt":"2020-11-16T13:58:49","slug":"mujeres-en-accion-en-el-corredor-antonio-toro-de-presidente-derqui","status":"publish","type":"post","link":"https:\/\/fmtinkunaco.ar\/?p=2621","title":{"rendered":"Mujeres en Acci\u00f3n en el corredor Antonio Toro de Presidente Derqui"},"content":{"rendered":"<p>Hace un mes, volvi\u00f3 en la localidad de Presidente Derqui la actividad presencial y rotativa de feriantxs y emprendedorxs en el corredor aer\u00f3bico de Toro.<br \/>\nLa feria tiene una modalidad de retiro de pedidos, las personas pueden realizar las compras mediante ferias virtuales y luego lo retiran de manera presencial.<\/p>\n<p>En di\u00e1logo con el programa radial \u201cEncuentro con las Noticias\u201d, Marianela, integrante de Mujeres en Acci\u00f3n, una de las organizaciones que forma parte de la feria se refiri\u00f3 a la reapertura, <em>\u201cArrancamos hace ya un mes, exactamente, con las ferias presenciales; se hab\u00eda presentado un proyecto de protocolo al municipio en conjunto con todos los feriantes del distrito tanto de Derqui y Pilar, Villa Rosa, Manzanares, Del Viso y bueno, logramos la reapertura. Primero fue en el corredor de pian\u00e9 en Pilar y ac\u00e1 en el corredor de Toro, y en Pilar este fin de semana se habilitaron las plazas. Nosotros seguimos en Presidente Derqui, en el corredor, porque la plaza principal est\u00e1 con el centro de Covid, entonces seguimos dentro del corredor de Toro\u201d<\/em>.<\/p>\n<p>Mujeres en Acci\u00f3n es un grupo de mujeres organizado con el objetivo de aumentar la presencia femenina en el sector productivo y promover la independencia econ\u00f3mica.<\/p>\n<p>Marianela, adem\u00e1s, cont\u00f3 cu\u00e1les son los principales puntos del protocolo que se present\u00f3 a las autoridades municipales y que fue aprobado, <em>\u201cPasaron los ochos meses, donde distintas mujeres estaban siendo referentes o sost\u00e9n de la econom\u00eda familiar y dijimos bueno, empecemos a activar; ver c\u00f3mo podemos repensar una vuelta en un contexto de pandemia, con toda la prevenci\u00f3n, con todos los cuidados. As\u00ed que nuestra idea fue organizar por grupo rotativo dentro del distrito entre 20 y 30 feriantes y poder distribuirnos a un distanciamiento adecuado, con todas las medidas en la atenci\u00f3n a los clientes y bueno, fuimos escuchadas y nos dieron el corredor\u201d<\/em>.<\/p>\n<p>Finalmente, Marianela, explic\u00f3 que actualmente la modalidad de trabajo es de retiro pero que los y las clientas est\u00e1n contentas con el regreso, <em>\u201cNosotros hacemos una feria virtual en redes, entonces las personas hacen un seguimiento en redes y usan el espacio de la feria, Take Away, que pasan y retiran el producto y est\u00e1n muy contentos porque ven el trabajo de tantas mujeres, creo que tiene que ver con eso y apoyan los emprendimiento locales. Hasta ahora venimos bien\u201d<\/em>.<\/p>\n<p>Actualmente, la feria se encuentra en el corredor aer\u00f3bico Antonio Toro \u2013 Presidente Derqui, todos los s\u00e1bados de 15 a 19 hs.<\/p>\n<p>Compartimos la entrevista completa<\/p>\n<p><a href=\"https:\/\/archive.org\/details\/audio-marianela-feria-corredor-de-derqui-17-11-2020\">Descargar<\/a><\/p>\n<audio class=\"wp-audio-shortcode\" id=\"audio-2621-2\" preload=\"none\" style=\"width: 100%;\" controls=\"controls\"><source type=\"audio\/mpeg\" src=\"https:\/\/archive.org\/download\/audio-marianela-feria-corredor-de-derqui-17-11-2020\/AUDIO%20-%20MARIANELA%20%28FERIA%20CORREDOR%20DE%20DERQUI%29%2017%2011%202020.mp3?_=2\" \/><a href=\"https:\/\/archive.org\/download\/audio-marianela-feria-corredor-de-derqui-17-11-2020\/AUDIO%20-%20MARIANELA%20%28FERIA%20CORREDOR%20DE%20DERQUI%29%2017%2011%202020.mp3\">https:\/\/archive.org\/download\/audio-marianela-feria-corredor-de-derqui-17-11-2020\/AUDIO%20-%20MARIANELA%20%28FERIA%20CORREDOR%20DE%20DERQUI%29%2017%2011%202020.mp3<\/a><\/audio>\n<div class=\"powerpress_player\" id=\"powerpress_player_626\"><audio class=\"wp-audio-shortcode\" id=\"audio-2621-1\" preload=\"none\" style=\"width: 100%;\" controls=\"controls\"><source type=\"audio\/mpeg\" src=\"https:\/\/archive.org\/download\/audio-marianela-feria-corredor-de-derqui-17-11-2020\/AUDIO%20-%20MARIANELA%20%28FERIA%20CORREDOR%20DE%20DERQUI%29%2017%2011%202020.mp3?_=1\" \/><a href=\"https:\/\/archive.org\/download\/audio-marianela-feria-corredor-de-derqui-17-11-2020\/AUDIO%20-%20MARIANELA%20%28FERIA%20CORREDOR%20DE%20DERQUI%29%2017%2011%202020.mp3\">https:\/\/archive.org\/download\/audio-marianela-feria-corredor-de-derqui-17-11-2020\/AUDIO%20-%20MARIANELA%20%28FERIA%20CORREDOR%20DE%20DERQUI%29%2017%2011%202020.mp3<\/a><\/audio><\/div><p class=\"powerpress_links powerpress_links_mp3\" style=\"margin-bottom: 1px !important;\">Podcast: <a href=\"https:\/\/archive.org\/download\/audio-marianela-feria-corredor-de-derqui-17-11-2020\/AUDIO%20-%20MARIANELA%20%28FERIA%20CORREDOR%20DE%20DERQUI%29%2017%2011%202020.mp3\" class=\"powerpress_link_pinw\" target=\"_blank\" title=\"Reproducir en una nueva ventana\" onclick=\"return powerpress_pinw('https:\/\/fmtinkunaco.ar\/?powerpress_pinw=2621-podcast');\" rel=\"nofollow\">Reproducir en una nueva ventana<\/a> | <a href=\"https:\/\/archive.org\/download\/audio-marianela-feria-corredor-de-derqui-17-11-2020\/AUDIO%20-%20MARIANELA%20%28FERIA%20CORREDOR%20DE%20DERQUI%29%2017%2011%202020.mp3\" class=\"powerpress_link_d\" title=\"Descargar\" rel=\"nofollow\" download=\"AUDIO%20-%20MARIANELA%20%28FERIA%20CORREDOR%20DE%20DERQUI%29%2017%2011%202020.mp3\">Descargar<\/a><\/p>","protected":false},"excerpt":{"rendered":"<p>Hace un mes, volvi\u00f3 en la localidad de Presidente Derqui la actividad presencial y rotativa de feriantxs y emprendedorxs en el corredor aer\u00f3bico de Toro. La feria tiene una modalidad de retiro de pedidos, las personas pueden realizar las compras mediante ferias virtuales y luego lo retiran de manera presencial. En di\u00e1logo con el programa [&hellip;]<\/p>\n","protected":false},"author":1,"featured_media":2622,"comment_status":"open","ping_status":"open","sticky":false,"template":"","format":"standard","meta":{"footnotes":""},"categories":[3],"tags":[333,340,414],"class_list":["post-2621","post","type-post","status-publish","format-standard","has-post-thumbnail","hentry","category-cultura","tag-mujeres-en-accion","tag-municipio-de-pilar","tag-presidente-derqui"],"_links":{"self":[{"href":"https:\/\/fmtinkunaco.ar\/index.php?rest_route=\/wp\/v2\/posts\/2621","targetHints":{"allow":["GET"]}}],"collection":[{"href":"https:\/\/fmtinkunaco.ar\/index.php?rest_route=\/wp\/v2\/posts"}],"about":[{"href":"https:\/\/fmtinkunaco.ar\/index.php?rest_route=\/wp\/v2\/types\/post"}],"author":[{"embeddable":true,"href":"https:\/\/fmtinkunaco.ar\/index.php?rest_route=\/wp\/v2\/users\/1"}],"replies":[{"embeddable":true,"href":"https:\/\/fmtinkunaco.ar\/index.php?rest_route=%2Fwp%2Fv2%2Fcomments&post=2621"}],"version-history":[{"count":0,"href":"https:\/\/fmtinkunaco.ar\/index.php?rest_route=\/wp\/v2\/posts\/2621\/revisions"}],"wp:featuredmedia":[{"embeddable":true,"href":"https:\/\/fmtinkunaco.ar\/index.php?rest_route=\/"}],"wp:attachment":[{"href":"https:\/\/fmtinkunaco.ar\/index.php?rest_route=%2Fwp%2Fv2%2Fmedia&parent=2621"}],"wp:term":[{"taxonomy":"category","embeddable":true,"href":"https:\/\/fmtinkunaco.ar\/index.php?rest_route=%2Fwp%2Fv2%2Fcategories&post=2621"},{"taxonomy":"post_tag","embeddable":true,"href":"https:\/\/fmtinkunaco.ar\/index.php?rest_route=%2Fwp%2Fv2%2Ftags&post=2621"}],"curies":[{"name":"wp","href":"https:\/\/api.w.org\/{rel}","templated":true}]}}