{"id":2630,"date":"2020-11-18T09:29:31","date_gmt":"2020-11-18T12:29:31","guid":{"rendered":"http:\/\/fmtinkunaco.com.ar\/?p=2630"},"modified":"2020-11-18T09:29:31","modified_gmt":"2020-11-18T12:29:31","slug":"socializando-ideas-tras-3-decadas-de-la-caida-del-muro-de-berlin","status":"publish","type":"post","link":"https:\/\/fmtinkunaco.ar\/?p=2630","title":{"rendered":"\u00abSocializando ideas\u00bb, tras 3 d\u00e9cadas de la Ca\u00edda del Muro de Berl\u00edn"},"content":{"rendered":"<p>\u00abSocializando ideas\u00bb La vigencia del pensamiento actual, tras 3 d\u00e9cadas de la Ca\u00edda del Muro de Berl\u00edn. Qu\u00e9 aprendimos?<\/p>\n<p>Columna\u00a0realizada en el marco del programa \u201cEmpezar de Nuevo\u201d.<\/p>\n<p>Compartimos la columna completa<\/p>\n<p><a href=\"https:\/\/archive.org\/details\/socializando-ideas-17-11-2020\">Descargar<\/a><\/p>\n<audio class=\"wp-audio-shortcode\" id=\"audio-2630-2\" preload=\"none\" style=\"width: 100%;\" controls=\"controls\"><source type=\"audio\/mpeg\" src=\"https:\/\/archive.org\/download\/socializando-ideas-17-11-2020\/SOCIALIZANDO%20IDEAS%2017%2011%202020.mp3?_=2\" \/><a href=\"https:\/\/archive.org\/download\/socializando-ideas-17-11-2020\/SOCIALIZANDO%20IDEAS%2017%2011%202020.mp3\">https:\/\/archive.org\/download\/socializando-ideas-17-11-2020\/SOCIALIZANDO%20IDEAS%2017%2011%202020.mp3<\/a><\/audio>\n<div class=\"powerpress_player\" id=\"powerpress_player_931\"><audio class=\"wp-audio-shortcode\" id=\"audio-2630-1\" preload=\"none\" style=\"width: 100%;\" controls=\"controls\"><source type=\"audio\/mpeg\" src=\"https:\/\/archive.org\/download\/socializando-ideas-17-11-2020\/SOCIALIZANDO%20IDEAS%2017%2011%202020.mp3?_=1\" \/><a href=\"https:\/\/archive.org\/download\/socializando-ideas-17-11-2020\/SOCIALIZANDO%20IDEAS%2017%2011%202020.mp3\">https:\/\/archive.org\/download\/socializando-ideas-17-11-2020\/SOCIALIZANDO%20IDEAS%2017%2011%202020.mp3<\/a><\/audio><\/div><p class=\"powerpress_links powerpress_links_mp3\" style=\"margin-bottom: 1px !important;\">Podcast: <a href=\"https:\/\/archive.org\/download\/socializando-ideas-17-11-2020\/SOCIALIZANDO%20IDEAS%2017%2011%202020.mp3\" class=\"powerpress_link_pinw\" target=\"_blank\" title=\"Reproducir en una nueva ventana\" onclick=\"return powerpress_pinw('https:\/\/fmtinkunaco.ar\/?powerpress_pinw=2630-podcast');\" rel=\"nofollow\">Reproducir en una nueva ventana<\/a> | <a href=\"https:\/\/archive.org\/download\/socializando-ideas-17-11-2020\/SOCIALIZANDO%20IDEAS%2017%2011%202020.mp3\" class=\"powerpress_link_d\" title=\"Descargar\" rel=\"nofollow\" download=\"SOCIALIZANDO%20IDEAS%2017%2011%202020.mp3\">Descargar<\/a><\/p>","protected":false},"excerpt":{"rendered":"<p>\u00abSocializando ideas\u00bb La vigencia del pensamiento actual, tras 3 d\u00e9cadas de la Ca\u00edda del Muro de Berl\u00edn. Qu\u00e9 aprendimos? Columna\u00a0realizada en el marco del programa \u201cEmpezar de Nuevo\u201d. Compartimos la columna completa Descargar https:\/\/archive.org\/download\/socializando-ideas-17-11-2020\/SOCIALIZANDO%20IDEAS%2017%2011%202020.mp3<\/p>\n","protected":false},"author":1,"featured_media":2631,"comment_status":"open","ping_status":"open","sticky":false,"template":"","format":"standard","meta":{"footnotes":""},"categories":[9],"tags":[186],"class_list":["post-2630","post","type-post","status-publish","format-standard","has-post-thumbnail","hentry","category-sociedad","tag-empezar-de-nuevo"],"_links":{"self":[{"href":"https:\/\/fmtinkunaco.ar\/index.php?rest_route=\/wp\/v2\/posts\/2630","targetHints":{"allow":["GET"]}}],"collection":[{"href":"https:\/\/fmtinkunaco.ar\/index.php?rest_route=\/wp\/v2\/posts"}],"about":[{"href":"https:\/\/fmtinkunaco.ar\/index.php?rest_route=\/wp\/v2\/types\/post"}],"author":[{"embeddable":true,"href":"https:\/\/fmtinkunaco.ar\/index.php?rest_route=\/wp\/v2\/users\/1"}],"replies":[{"embeddable":true,"href":"https:\/\/fmtinkunaco.ar\/index.php?rest_route=%2Fwp%2Fv2%2Fcomments&post=2630"}],"version-history":[{"count":0,"href":"https:\/\/fmtinkunaco.ar\/index.php?rest_route=\/wp\/v2\/posts\/2630\/revisions"}],"wp:featuredmedia":[{"embeddable":true,"href":"https:\/\/fmtinkunaco.ar\/index.php?rest_route=\/"}],"wp:attachment":[{"href":"https:\/\/fmtinkunaco.ar\/index.php?rest_route=%2Fwp%2Fv2%2Fmedia&parent=2630"}],"wp:term":[{"taxonomy":"category","embeddable":true,"href":"https:\/\/fmtinkunaco.ar\/index.php?rest_route=%2Fwp%2Fv2%2Fcategories&post=2630"},{"taxonomy":"post_tag","embeddable":true,"href":"https:\/\/fmtinkunaco.ar\/index.php?rest_route=%2Fwp%2Fv2%2Ftags&post=2630"}],"curies":[{"name":"wp","href":"https:\/\/api.w.org\/{rel}","templated":true}]}}