{"id":2633,"date":"2020-11-18T09:54:26","date_gmt":"2020-11-18T12:54:26","guid":{"rendered":"http:\/\/fmtinkunaco.com.ar\/?p=2633"},"modified":"2020-11-18T09:54:26","modified_gmt":"2020-11-18T12:54:26","slug":"la-unpaz-y-un-proyecto-de-soberania-alimentaria","status":"publish","type":"post","link":"https:\/\/fmtinkunaco.ar\/?p=2633","title":{"rendered":"La UNPAZ y un proyecto de Soberan\u00eda alimentaria"},"content":{"rendered":"<p>Docentes de la UNPAZ se proponen generar un lazo entre consumidores y productores mediante una feria al aire libre.<\/p>\n<p>En di\u00e1logo con el programa radial \u201cEncuentro con las Noticias\u201d, Laura Barbieri, docente de la Universidad Nacional de Jos\u00e9. C. Paz, explic\u00f3 sobre el proyecto, <em>\u201cComenz\u00f3 activando el comercio de los feriantes, los productores que pudiera haber en Jos\u00e9. C. Paz, armar una feria. La pandemia nos inhabilito a hacer esa feria, as\u00ed que estamos reprogramando para ver c\u00f3mo vamos a seguir con ese proyecto. La idea, justamente, es instalar el tema de la soberan\u00eda alimentaria, se puede consumir mejor produciendo nuestros propios alimentos, acercando los productores a los consumidores y ah\u00ed estamos\u201d<\/em>.<\/p>\n<p>Barbieri, adem\u00e1s, hizo referencia a la etiquetaci\u00f3n de los alimentos, <em>\u201cNosotros lo que queremos es que se diga la verdad, despu\u00e9s que el consumidor tiene la libertad de elegir siempre o que bueno, alertar, permitir el acceso a la informaci\u00f3n que es un derecho, y por ah\u00ed va la pol\u00edtica, despu\u00e9s cada uno elige. Si el producto, realmente, lo que tiene es exceso en grasa o en az\u00facar, hay que decirlo en forma bien clara\u201d<\/em>.<\/p>\n<p>Finalmente, Laura Barbieri, explic\u00f3 que el proyecto comenz\u00f3 con un diagnostico de situaci\u00f3n y la idea es concretar la feria que funcione como lazo, <em>\u201cNosotros lo que estuvimos haciendo fue como un diagnostico de situaci\u00f3n, haciendo un relevamiento de los productores locales que no hay tantos, hay mucha gente que esta cultivando, cosechando para consumo propio o reci\u00e9n meti\u00e9ndose en el tema, consumidores interesados tambi\u00e9n los hay, hay gente que compra a productores de la UTT con el inter\u00e9s de consumir alimentos m\u00e1s sanos, hay gente interesada, hay productores que est\u00e1n comenzando y ah\u00ed hay que hacer un lazo y eso tambi\u00e9n tiene que ver con la soberan\u00eda alimentaria\u201d<\/em>.<\/p>\n<p>Compartimos la entrevista completa<\/p>\n<p><a href=\"https:\/\/archive.org\/details\/audio-laura-barbieri\">Descargar<\/a><\/p>\n<audio class=\"wp-audio-shortcode\" id=\"audio-2633-2\" preload=\"none\" style=\"width: 100%;\" controls=\"controls\"><source type=\"audio\/mpeg\" src=\"https:\/\/archive.org\/download\/audio-laura-barbieri\/AUDIO%20-%20LAURA%20BARBIERI.mp3?_=2\" \/><a href=\"https:\/\/archive.org\/download\/audio-laura-barbieri\/AUDIO%20-%20LAURA%20BARBIERI.mp3\">https:\/\/archive.org\/download\/audio-laura-barbieri\/AUDIO%20-%20LAURA%20BARBIERI.mp3<\/a><\/audio>\n<p>&nbsp;<\/p>\n<p>Fotograf\u00eda:\u00a0https:\/\/fmporiajhu.org.ar\/<\/p>\n<div class=\"powerpress_player\" id=\"powerpress_player_7189\"><audio class=\"wp-audio-shortcode\" id=\"audio-2633-1\" preload=\"none\" style=\"width: 100%;\" controls=\"controls\"><source type=\"audio\/mpeg\" src=\"https:\/\/archive.org\/download\/audio-laura-barbieri\/AUDIO%20-%20LAURA%20BARBIERI.mp3?_=1\" \/><a href=\"https:\/\/archive.org\/download\/audio-laura-barbieri\/AUDIO%20-%20LAURA%20BARBIERI.mp3\">https:\/\/archive.org\/download\/audio-laura-barbieri\/AUDIO%20-%20LAURA%20BARBIERI.mp3<\/a><\/audio><\/div><p class=\"powerpress_links powerpress_links_mp3\" style=\"margin-bottom: 1px !important;\">Podcast: <a href=\"https:\/\/archive.org\/download\/audio-laura-barbieri\/AUDIO%20-%20LAURA%20BARBIERI.mp3\" class=\"powerpress_link_pinw\" target=\"_blank\" title=\"Reproducir en una nueva ventana\" onclick=\"return powerpress_pinw('https:\/\/fmtinkunaco.ar\/?powerpress_pinw=2633-podcast');\" rel=\"nofollow\">Reproducir en una nueva ventana<\/a> | <a href=\"https:\/\/archive.org\/download\/audio-laura-barbieri\/AUDIO%20-%20LAURA%20BARBIERI.mp3\" class=\"powerpress_link_d\" title=\"Descargar\" rel=\"nofollow\" download=\"AUDIO%20-%20LAURA%20BARBIERI.mp3\">Descargar<\/a><\/p>","protected":false},"excerpt":{"rendered":"<p>Docentes de la UNPAZ se proponen generar un lazo entre consumidores y productores mediante una feria al aire libre. En di\u00e1logo con el programa radial \u201cEncuentro con las Noticias\u201d, Laura Barbieri, docente de la Universidad Nacional de Jos\u00e9. C. Paz, explic\u00f3 sobre el proyecto, \u201cComenz\u00f3 activando el comercio de los feriantes, los productores que pudiera [&hellip;]<\/p>\n","protected":false},"author":1,"featured_media":2634,"comment_status":"open","ping_status":"open","sticky":false,"template":"","format":"standard","meta":{"footnotes":""},"categories":[4,7],"tags":[463],"class_list":["post-2633","post","type-post","status-publish","format-standard","has-post-thumbnail","hentry","category-derechos-humanos","category-salud","tag-soberania-alimentaria"],"_links":{"self":[{"href":"https:\/\/fmtinkunaco.ar\/index.php?rest_route=\/wp\/v2\/posts\/2633","targetHints":{"allow":["GET"]}}],"collection":[{"href":"https:\/\/fmtinkunaco.ar\/index.php?rest_route=\/wp\/v2\/posts"}],"about":[{"href":"https:\/\/fmtinkunaco.ar\/index.php?rest_route=\/wp\/v2\/types\/post"}],"author":[{"embeddable":true,"href":"https:\/\/fmtinkunaco.ar\/index.php?rest_route=\/wp\/v2\/users\/1"}],"replies":[{"embeddable":true,"href":"https:\/\/fmtinkunaco.ar\/index.php?rest_route=%2Fwp%2Fv2%2Fcomments&post=2633"}],"version-history":[{"count":0,"href":"https:\/\/fmtinkunaco.ar\/index.php?rest_route=\/wp\/v2\/posts\/2633\/revisions"}],"wp:featuredmedia":[{"embeddable":true,"href":"https:\/\/fmtinkunaco.ar\/index.php?rest_route=\/"}],"wp:attachment":[{"href":"https:\/\/fmtinkunaco.ar\/index.php?rest_route=%2Fwp%2Fv2%2Fmedia&parent=2633"}],"wp:term":[{"taxonomy":"category","embeddable":true,"href":"https:\/\/fmtinkunaco.ar\/index.php?rest_route=%2Fwp%2Fv2%2Fcategories&post=2633"},{"taxonomy":"post_tag","embeddable":true,"href":"https:\/\/fmtinkunaco.ar\/index.php?rest_route=%2Fwp%2Fv2%2Ftags&post=2633"}],"curies":[{"name":"wp","href":"https:\/\/api.w.org\/{rel}","templated":true}]}}