{"id":2636,"date":"2020-11-18T10:15:31","date_gmt":"2020-11-18T13:15:31","guid":{"rendered":"http:\/\/fmtinkunaco.com.ar\/?p=2636"},"modified":"2020-11-18T10:15:31","modified_gmt":"2020-11-18T13:15:31","slug":"reapertura-al-publico-de-la-reserva-natural-del-pilar","status":"publish","type":"post","link":"https:\/\/fmtinkunaco.ar\/?p=2636","title":{"rendered":"Reapertura al p\u00fablico de la Reserva Natural del Pilar"},"content":{"rendered":"<p>En el marco del pasaje del aislamiento social, preventivo y obligatorio al distanciamiento preventivo y obligatorio, espacios al aire libre han vuelto a reabrir. En este caso, el pr\u00f3ximo domingo, la Reserva Natural del Pilar, reabre sus puertas al p\u00fablico.<\/p>\n<p>En di\u00e1logo con el programa radial \u201cEncuentro con las Noticias\u201d, Graciela Capodoglio, referente de la Reserva Natural del Pilar, se refiri\u00f3 a la reapertura, <em>\u201cHemos logrado volver a reabrir, desde las 9 de la ma\u00f1ana a las 6 de la tarde va a estar abierta la reserva; es necesario presentarse con tapabocas, alcohol en gel o toallitas para desinfectar. Vamos a tener abiertos los 4 senderos, por lo tanto, van a poder entrar hasta 50 personas en un solo bloque, los dem\u00e1s deber\u00e1n esperar en un star que hemos preparado bajo la sombra\u201d.<\/em><\/p>\n<p>Adem\u00e1s, Capodoglio, valoro la oportunidad de volver a disfrutar la naturaleza, <em>\u201cLes pedimos a todos que respetemos la distancia social, y las normas de seguridad pero creemos que volver a poder usar un espacio verde, publico y gratuito va a ser muy valioso para poder sentirnos un poco m\u00e1s cerca de la normalidad\u201d<\/em>.<\/p>\n<p>La reapertura ser\u00e1 el domingo 22 de noviembre, y el horario ser\u00e1 de 9 a 18hs, todos los d\u00edas.<\/p>\n<p>Compartimos la entrevista completa<\/p>\n<p><a href=\"https:\/\/archive.org\/details\/audio-capodoglio-reserva-natural\">Descargar<\/a><\/p>\n<audio class=\"wp-audio-shortcode\" id=\"audio-2636-2\" preload=\"none\" style=\"width: 100%;\" controls=\"controls\"><source type=\"audio\/mpeg\" src=\"https:\/\/archive.org\/download\/audio-capodoglio-reserva-natural\/AUDIO%20-%20CAPODOGLIO%20%28RESERVA%20NATURAL%29.mp3?_=2\" \/><a href=\"https:\/\/archive.org\/download\/audio-capodoglio-reserva-natural\/AUDIO%20-%20CAPODOGLIO%20%28RESERVA%20NATURAL%29.mp3\">https:\/\/archive.org\/download\/audio-capodoglio-reserva-natural\/AUDIO%20-%20CAPODOGLIO%20%28RESERVA%20NATURAL%29.mp3<\/a><\/audio>\n<div class=\"powerpress_player\" id=\"powerpress_player_9387\"><audio class=\"wp-audio-shortcode\" id=\"audio-2636-1\" preload=\"none\" style=\"width: 100%;\" controls=\"controls\"><source type=\"audio\/mpeg\" src=\"https:\/\/archive.org\/download\/audio-capodoglio-reserva-natural\/AUDIO%20-%20CAPODOGLIO%20%28RESERVA%20NATURAL%29.mp3?_=1\" \/><a href=\"https:\/\/archive.org\/download\/audio-capodoglio-reserva-natural\/AUDIO%20-%20CAPODOGLIO%20%28RESERVA%20NATURAL%29.mp3\">https:\/\/archive.org\/download\/audio-capodoglio-reserva-natural\/AUDIO%20-%20CAPODOGLIO%20%28RESERVA%20NATURAL%29.mp3<\/a><\/audio><\/div><p class=\"powerpress_links powerpress_links_mp3\" style=\"margin-bottom: 1px !important;\">Podcast: <a href=\"https:\/\/archive.org\/download\/audio-capodoglio-reserva-natural\/AUDIO%20-%20CAPODOGLIO%20%28RESERVA%20NATURAL%29.mp3\" class=\"powerpress_link_pinw\" target=\"_blank\" title=\"Reproducir en una nueva ventana\" onclick=\"return powerpress_pinw('https:\/\/fmtinkunaco.ar\/?powerpress_pinw=2636-podcast');\" rel=\"nofollow\">Reproducir en una nueva ventana<\/a> | <a href=\"https:\/\/archive.org\/download\/audio-capodoglio-reserva-natural\/AUDIO%20-%20CAPODOGLIO%20%28RESERVA%20NATURAL%29.mp3\" class=\"powerpress_link_d\" title=\"Descargar\" rel=\"nofollow\" download=\"AUDIO%20-%20CAPODOGLIO%20%28RESERVA%20NATURAL%29.mp3\">Descargar<\/a><\/p>","protected":false},"excerpt":{"rendered":"<p>En el marco del pasaje del aislamiento social, preventivo y obligatorio al distanciamiento preventivo y obligatorio, espacios al aire libre han vuelto a reabrir. En este caso, el pr\u00f3ximo domingo, la Reserva Natural del Pilar, reabre sus puertas al p\u00fablico. En di\u00e1logo con el programa radial \u201cEncuentro con las Noticias\u201d, Graciela Capodoglio, referente de la [&hellip;]<\/p>\n","protected":false},"author":1,"featured_media":2637,"comment_status":"open","ping_status":"open","sticky":false,"template":"","format":"standard","meta":{"footnotes":""},"categories":[3,9],"tags":[432],"class_list":["post-2636","post","type-post","status-publish","format-standard","has-post-thumbnail","hentry","category-cultura","category-sociedad","tag-reserva-natural-del-pilar"],"_links":{"self":[{"href":"https:\/\/fmtinkunaco.ar\/index.php?rest_route=\/wp\/v2\/posts\/2636","targetHints":{"allow":["GET"]}}],"collection":[{"href":"https:\/\/fmtinkunaco.ar\/index.php?rest_route=\/wp\/v2\/posts"}],"about":[{"href":"https:\/\/fmtinkunaco.ar\/index.php?rest_route=\/wp\/v2\/types\/post"}],"author":[{"embeddable":true,"href":"https:\/\/fmtinkunaco.ar\/index.php?rest_route=\/wp\/v2\/users\/1"}],"replies":[{"embeddable":true,"href":"https:\/\/fmtinkunaco.ar\/index.php?rest_route=%2Fwp%2Fv2%2Fcomments&post=2636"}],"version-history":[{"count":0,"href":"https:\/\/fmtinkunaco.ar\/index.php?rest_route=\/wp\/v2\/posts\/2636\/revisions"}],"wp:featuredmedia":[{"embeddable":true,"href":"https:\/\/fmtinkunaco.ar\/index.php?rest_route=\/"}],"wp:attachment":[{"href":"https:\/\/fmtinkunaco.ar\/index.php?rest_route=%2Fwp%2Fv2%2Fmedia&parent=2636"}],"wp:term":[{"taxonomy":"category","embeddable":true,"href":"https:\/\/fmtinkunaco.ar\/index.php?rest_route=%2Fwp%2Fv2%2Fcategories&post=2636"},{"taxonomy":"post_tag","embeddable":true,"href":"https:\/\/fmtinkunaco.ar\/index.php?rest_route=%2Fwp%2Fv2%2Ftags&post=2636"}],"curies":[{"name":"wp","href":"https:\/\/api.w.org\/{rel}","templated":true}]}}